{"id":431,"date":"2012-11-23T08:16:47","date_gmt":"2012-11-23T08:16:47","guid":{"rendered":"http:\/\/www.invarena.cz\/?p=431"},"modified":"2014-10-20T20:14:48","modified_gmt":"2014-10-20T18:14:48","slug":"misto-drabkova-tajneho-it-oddeleni-bude-jidelna","status":"publish","type":"post","link":"https:\/\/www.invarena.cz\/?p=431","title":{"rendered":"M\u00edsto Dr\u00e1bkova tajn\u00e9ho IT odd\u011blen\u00ed bude j\u00eddelna"},"content":{"rendered":"<p>Jeden z prvn\u00edch krok\u016f, kter\u00e9 nov\u00e1 ministryn\u011b pr\u00e1ce a soci\u00e1ln\u00edch v\u011bc\u00ed Ludmila M\u00fcllerov\u00e1 na \u00fa\u0159ad\u011b ud\u011blala, vedl do tajn\u00e9ho kr\u00e1lovstv\u00ed &#8222;aj\u0165\u00e1k\u016f&#8220;. Tedy do b\u00fdval\u00e9 j\u00eddelny pro zam\u011bstnance, jej\u00ed\u017e rekonstrukce st\u00e1la 29 milion\u016f korun a kterou i p\u0159esto nechal b\u00fdval\u00fd n\u00e1m\u011bstek Vladim\u00edr \u0160i\u0161ka zru\u0161it, aby sem mohl nast\u011bhovat po\u010d\u00edta\u010de, a p\u0159edev\u0161\u00edm sv\u00e9 loaj\u00e1ln\u00ed experty na informa\u010dn\u00ed technologie. <!--more--><\/p>\n<p>Zam\u011bstnanci \u00fa\u0159adu m\u00edstnost p\u0159ek\u0159tili na &#8222;Centr\u00e1ln\u00ed IT mozek lidstva&#8220;. Nikdo nepovolan\u00fd sem toti\u017e nesm\u011bl, p\u0159itom odtud exn\u00e1m\u011bstek se sv\u00fdmi vyvolen\u00fdmi de facto vl\u00e1dl cel\u00e9mu resortu.<\/p>\n<p><strong>Odtud se \u0159\u00eddily IT zak\u00e1zky<\/strong><\/p>\n<p>&#8222;Byla jsem na to hrozn\u011b zv\u011bdav\u00e1. P\u0159i\u0161la jsem tam a p\u0159edstavte si, \u017ee ty po\u010d\u00edta\u010de stoj\u00ed je\u0161t\u011b na t\u011bch b\u00fdval\u00fdch v\u00fddejn\u00edch stolech pro j\u00eddlo,&#8220; krout\u00ed hlavou ministryn\u011b Ludmila M\u00fcllerov\u00e1, kter\u00e1 se ujala resortu p\u0159esn\u011b p\u0159ed t\u00fddnem.<br \/>\nExn\u00e1m\u011bstka Vladim\u00edra \u0160i\u0161ku nyn\u00ed st\u00edh\u00e1 policie kv\u016fli upl\u00e1cen\u00ed a jeho p\u00e1d podrazil nohy i p\u0159edch\u016fdci Ludmily M\u00fcllerov\u00e9 Jarom\u00edru Dr\u00e1bkovi. S p\u0159\u00edchodem nov\u00e9 ministryn\u011b se \u0160i\u0161kovo imp\u00e9rium na \u00fa\u0159ad\u011b hrout\u00ed. Alespo\u0148 co se t\u00fd\u010de ministersk\u00e9 j\u00eddelny.<\/p>\n<p>&#8222;Vr\u00e1t\u00edm sem j\u00eddlo. Nev\u00edm, jestli celou j\u00eddelnu, to bych musela zjistit, kam se odvezlo v\u0161echno vybaven\u00ed a zda u\u017e nen\u00ed rozprodan\u00e9, ale t\u0159eba by tu mohla b\u00fdt aspo\u0148 kant\u00fdna,&#8220; pl\u00e1nuje ministryn\u011b.<br \/>\n\u00da\u0159edn\u00edci z ministerstva pr\u00e1ce a soci\u00e1ln\u00edch v\u011bc\u00ed tak u\u017e nebudou muset st\u00e1t fronty na j\u00eddlo v sousedn\u00ed budov\u011b ministerstva zdravotnictv\u00ed nebo hladov\u011bt.<\/p>\n<p>Zm\u011bn, kter\u00e9 ministryn\u011b pl\u00e1nuje, v\u0161ak bude v\u00edc. P\u0159edev\u0161\u00edm person\u00e1ln\u00edch. Chce se nap\u0159\u00edklad bl\u00ed\u017e pod\u00edvat na \u010ceskou spr\u00e1vu soci\u00e1ln\u00edho zabezpe\u010den\u00ed, kam Vladim\u00edr \u0160i\u0161ka t\u011bsn\u011b p\u0159edt\u00edm, ne\u017e ho policist\u00e9 odvedli v poutech, dosadil do veden\u00ed sv\u00e9 lidi. P\u0159\u00ed\u0161t\u00ed t\u00fdden chce ministryn\u011b ozn\u00e1mit jm\u00e9no sv\u00e9ho nov\u00e9ho prvn\u00edho n\u00e1m\u011bstka a dal\u0161\u00edch lid\u00ed, kte\u0159\u00ed ji budou obklopovat. Na odchodu je i tiskov\u00e1 mluv\u010d\u00ed \u00fa\u0159adu, kter\u00e1 byla v\u017edy loaj\u00e1ln\u00ed k b\u00fdval\u00e9mu veden\u00ed ministerstva.<\/p>\n<p>Mlad\u00e1 fronta Dnes<\/p>\n<p>Lenka Petr\u00e1\u0161ov\u00e1<\/p>\n","protected":false},"excerpt":{"rendered":"<div class=\"mh-excerpt\"><p>Jeden z prvn\u00edch krok\u016f, kter\u00e9 nov\u00e1 ministryn\u011b pr\u00e1ce a soci\u00e1ln\u00edch v\u011bc\u00ed Ludmila M\u00fcllerov\u00e1 na \u00fa\u0159ad\u011b ud\u011blala, vedl do tajn\u00e9ho kr\u00e1lovstv\u00ed &#8222;aj\u0165\u00e1k\u016f&#8220;. Tedy do b\u00fdval\u00e9 j\u00eddelny <a class=\"mh-excerpt-more\" href=\"https:\/\/www.invarena.cz\/?p=431\" title=\"M\u00edsto Dr\u00e1bkova tajn\u00e9ho IT odd\u011blen\u00ed bude j\u00eddelna\">[&#8230;]<\/a><\/p>\n<\/div>","protected":false},"author":1,"featured_media":432,"comment_status":"open","ping_status":"open","sticky":false,"template":"","format":"standard","meta":{"footnotes":""},"categories":[7],"tags":[],"class_list":["post-431","post","type-post","status-publish","format-standard","has-post-thumbnail","hentry","category-spolecnost"],"_links":{"self":[{"href":"https:\/\/www.invarena.cz\/index.php?rest_route=\/wp\/v2\/posts\/431","targetHints":{"allow":["GET"]}}],"collection":[{"href":"https:\/\/www.invarena.cz\/index.php?rest_route=\/wp\/v2\/posts"}],"about":[{"href":"https:\/\/www.invarena.cz\/index.php?rest_route=\/wp\/v2\/types\/post"}],"author":[{"embeddable":true,"href":"https:\/\/www.invarena.cz\/index.php?rest_route=\/wp\/v2\/users\/1"}],"replies":[{"embeddable":true,"href":"https:\/\/www.invarena.cz\/index.php?rest_route=%2Fwp%2Fv2%2Fcomments&post=431"}],"version-history":[{"count":0,"href":"https:\/\/www.invarena.cz\/index.php?rest_route=\/wp\/v2\/posts\/431\/revisions"}],"wp:featuredmedia":[{"embeddable":true,"href":"https:\/\/www.invarena.cz\/index.php?rest_route=\/wp\/v2\/media\/432"}],"wp:attachment":[{"href":"https:\/\/www.invarena.cz\/index.php?rest_route=%2Fwp%2Fv2%2Fmedia&parent=431"}],"wp:term":[{"taxonomy":"category","embeddable":true,"href":"https:\/\/www.invarena.cz\/index.php?rest_route=%2Fwp%2Fv2%2Fcategories&post=431"},{"taxonomy":"post_tag","embeddable":true,"href":"https:\/\/www.invarena.cz\/index.php?rest_route=%2Fwp%2Fv2%2Ftags&post=431"}],"curies":[{"name":"wp","href":"https:\/\/api.w.org\/{rel}","templated":true}]}}