{"id":43133,"date":"2023-10-25T09:34:00","date_gmt":"2023-10-25T07:34:00","guid":{"rendered":"https:\/\/www.invarena.cz\/?p=43133"},"modified":"2023-10-25T09:39:40","modified_gmt":"2023-10-25T07:39:40","slug":"potravinove-banky-jako-zachrana","status":"publish","type":"post","link":"https:\/\/www.invarena.cz\/?p=43133","title":{"rendered":"Potravinov\u00e9 banky jako z\u00e1chrana"},"content":{"rendered":"\n<p>Potravinov\u00e9 banky jako z\u00e1chrana. Lid\u00ed, kte\u0159\u00ed vyu\u017eili jejich pomoci a dostali potraviny zadarmo bylo, kdy\u017e se pod\u00edv\u00e1me do statistik jen za lo\u0148sk\u00fd rok okolo 300 tis\u00edc. Asi o 100 tis\u00edc v\u00edc ne\u017e v roce 2021. V pra\u017esk\u00e9 potravinov\u00e9 bance nat\u00e1\u010dela Kamila Vondrov\u00e1 z \u010cesk\u00e9 televize.<br \/><br \/>osoba<br \/>&#8212;&#8212;&#8212;&#8212;&#8212;&#8212;&#8211;<br \/>Jde to, jde to v\u0161echno dobr\u00fd?<br \/><br \/>osoba<br \/>&#8212;&#8212;&#8212;&#8212;&#8212;&#8212;&#8211;<br \/>V\u0161echno dobr\u00fd.<br \/><br \/>V\u011bra DOU\u0160OV\u00c1, p\u0159edsedkyn\u011b Potravinov\u00e9 banky pro Prahu a S\u010c<br \/>&#8212;&#8212;&#8212;&#8212;&#8212;&#8212;&#8211;<br \/>90 % lid\u00ed, kte\u0159\u00ed k n\u00e1m chod\u00ed, jsou lid\u00e9, kte\u0159\u00ed to pot\u0159ebuj\u00ed. A samoz\u0159ejm\u011b sta\u010d\u00ed jenom do\u010dasn\u00e1 pomoc, ne\u017e vy\u0159e\u0161\u00ed svoji situaci. A\u0165 u\u017e je to n\u011bjak\u00e1 moment\u00e1ln\u00ed krize nebo nouze. Pak jsou skupiny, kter\u00fdm je pot\u0159eba pom\u00e1hat st\u00e1le. To jsou lid\u00e9 s handicapem nebo senio\u0159i a jsou to matky samo\u017eivitelky. Senio\u0159i, pokud jsou dva je\u0161t\u011b jak\u017etak\u017e dok\u00e1\u017eou tu finan\u010dn\u00ed situaci un\u00e9st. Ale vdovy a vdovci opravdu, a\u0165 u\u017e maj\u00ed jak\u00fdkoliv d\u016fchod, tak to nedok\u00e1\u017e\u00ed. Tak\u017ee t\u011bm my pom\u00e1h\u00e1me dokonce tak, \u017ee od nich nevy\u017eadujeme doporu\u010den\u00ed nebo potvrzen\u00ed matky samo\u017eivitelky. To je trochu jin\u00e1 situace. Oni maj\u00ed velkou mo\u017enost po\u017e\u00e1dat o d\u00e1vky dokonce online, d\u011blaj\u00ed to. Ale v posledn\u00edch letech asi dvou, je probl\u00e9m v tom, \u017ee oni dost\u00e1vaj\u00ed ty d\u00e1vky opo\u017ed\u011bn\u00e9. N\u011bkdy o n\u011bkolik m\u011bs\u00edc\u016f, ale maj\u00ed d\u011bti a musej\u00ed \u017eivit. Tak\u017ee na tu p\u0159eklenovac\u00ed dobu na\u0161i pomoc taky pot\u0159ebuj\u00ed. Ahoj, ahoj, vy jste za mnou ani nep\u0159i\u0161li dneska. J\u00e1 t\u011b r\u00e1da vid\u00edm.<br \/><br \/>osoba<br \/>&#8212;&#8212;&#8212;&#8212;&#8212;&#8212;&#8211;<br \/>Taky.<br \/><br \/>V\u011bra DOU\u0160OV\u00c1, p\u0159edsedkyn\u011b Potravinov\u00e9 banky pro Prahu a S\u010c<br \/>&#8212;&#8212;&#8212;&#8212;&#8212;&#8212;&#8211;<br \/>Dobr\u00fd den. Super, vy u\u017e jste nalo\u017een\u00fd, ne?<br \/><br \/>osoba<br \/>&#8212;&#8212;&#8212;&#8212;&#8212;&#8212;&#8211;<br \/>My u\u017e jsme nalo\u017een\u00fd.<br \/><br \/>V\u011bra DOU\u0160OV\u00c1, p\u0159edsedkyn\u011b Potravinov\u00e9 banky pro Prahu a S\u010c<br \/>&#8212;&#8212;&#8212;&#8212;&#8212;&#8212;&#8211;<br \/>A m\u00e1te, m\u00e1te toho dost? Kdy\u017e jsem nastoupila do Potravinov\u00e9 banky, co\u017e bylo asi p\u0159ed 10 lety. Tak opravdu d\u00e1valy jenom n\u011bkter\u00e9 \u0159et\u011bzce, opravdu ty, kter\u00e9 byly spole\u010densky zodpov\u011bdn\u00e9. A obecn\u011b d\u00e1val m\u00e1lokdo. T\u011bch potravin bylo velmi m\u00e1lo. Kdy\u017e byl ministr zem\u011bd\u011blstv\u00ed pan Jure\u010dka, tak prosadil z\u00e1kon, kde bylo \u0159e\u010deno, \u017ee v\u0161ichni prodejci potravin na 400 metr\u016f \u010dtvere\u010dn\u00ed prodejn\u00ed plochy, musej\u00ed neprodejn\u00e9 a neprodan\u00e9 potraviny nab\u00edzet Potravinov\u00fdm bank\u00e1m, \u017ee se prost\u011b nesm\u00ed vyhazovat. Proto\u017ee jednak to \u0161kod\u00ed \u017eivotn\u00edmu prost\u0159ed\u00ed a jednak je velk\u00e9 mno\u017estv\u00ed lid\u00ed, kte\u0159\u00ed tyto potraviny pot\u0159ebuj\u00ed a vlastn\u011b jim pom\u016f\u017eou p\u0159eklenout n\u011bjakou krizi nebo nouzi. To je v\u0161ecko dne\u0161n\u00ed, tak to m\u016f\u017ee\u0161 klidn\u011b br\u00e1t, jo, pardon. V tomto skladu vlastn\u011b jsou dva druhy distribuce. Jednak p\u0159ij\u00ed\u017ed\u011bj\u00ed na\u0161i \u0159idi\u010di, kte\u0159\u00ed cel\u00fd den sv\u00e1\u017eej\u00ed potraviny z potravinov\u00fdch \u0159et\u011bzc\u016f. P\u0159iv\u00e1\u017eej\u00ed je sem. My je tady t\u0159\u00edd\u00edme a vyd\u00e1v\u00e1me organizac\u00edm, kter\u00e9 pe\u010duj\u00ed o lidi v nouzi. Je to asi 280 organizac\u00ed. Jsou to bu\u010f velik\u00e9 organizace, kter\u00e9 maj\u00ed stovky klient\u016f, anebo jsou to mal\u00e9 organizace jako Klok\u00e1nky, domovy pro d\u011bti bez rodi\u010d\u016f. Ty maj\u00ed t\u0159eba jenom des\u00edtky klient\u016f. Nicm\u00e9n\u011b ka\u017ed\u00fd den si k n\u00e1m jezd\u00ed pro potraviny a dohromady touto formou obslou\u017e\u00edme asi 77 tis\u00edc klient\u016f. Jsou tam ty housky? U\u017e se asi nevejde v\u00edc. Krom\u011b toho d\u00e1v\u00e1me jednotlivc\u016fm potravinov\u00e9 bal\u00ed\u010dky. To je asi 2000 lid\u00ed m\u011bs\u00ed\u010dn\u011b, kter\u00e9 obslou\u017e\u00edme. A to jsou lid\u00e9, kte\u0159\u00ed chod\u00ed s doporu\u010den\u00edm \u00da\u0159adu pr\u00e1ce, OSPODu, soci\u00e1lky, kter\u00e9 znaj\u00ed a maj\u00ed na rozd\u00edl od n\u00e1s pr\u00e1vo sledovat soci\u00e1ln\u00ed situaci lid\u00ed. V dob\u011b, kdy\u017e byl covid, jsme vid\u011bli, \u017ee lid\u00e9, kte\u0159\u00ed byli najednou bez pr\u00e1ce, tak to byli lid\u00e9, kte\u0159\u00ed jsou zodpov\u011bdn\u00ed, jsou zvykl\u00ed pracovat. A oni maxim\u00e1ln\u011b t\u0159i m\u011bs\u00edce chodili pro tu pomoc. A b\u011bhem t\u0159ech m\u011bs\u00edc\u016f si na\u0161li pr\u00e1ci velmi rychle. Tak\u017ee ten po\u010det klesl t\u011bch pot\u0159ebn\u00fdch. Na druh\u00e9 stran\u011b vid\u00edme, \u017ee jsou klienti, kte\u0159\u00ed 5, 6 let jsou u n\u00e1s v evidenci, po\u0159\u00e1d dost\u00e1vaj\u00ed doporu\u010den\u00ed od t\u011bch soci\u00e1lek, \u00da\u0159adu pr\u00e1ce a prakticky nemaj\u00ed d\u016fvod nepracovat. Obecn\u011b si mysl\u00edm, \u017ee je trochu kontraproduktivn\u00ed pom\u00e1hat lidem v nouzi, kte\u0159\u00ed jsou ve st\u0159edn\u00edm v\u011bku a zdrav\u00ed, \u017ee by m\u011blo b\u00fdt ur\u010dit\u00e9 omezen\u00ed t\u00e9 doby, kdy jim pom\u00e1h\u00e1me, proto\u017ee oni pak nejsou motivov\u00e1ni k tomu hledat si pr\u00e1ci, p\u0159evz\u00edt zodpov\u011bdnost za sv\u016fj \u017eivot. A o\u010dek\u00e1vaj\u00ed po\u0159\u00e1d, \u017ee ten st\u00e1t se o n\u011b postar\u00e1.<br \/><br \/>V\u00e1clav Moravec, moder\u00e1tor<br \/>&#8212;&#8212;&#8212;&#8212;&#8212;&#8212;&#8211;<br \/>Hluboko do kapsy. Z\u00e1v\u011bre\u010dn\u00e1 kapitola, kter\u00e1 lemuje n\u00e1zev cel\u00e9ho po\u0159adu Hluboko do kapsy a \u0161estice host\u016f dne\u0161n\u00edho Fokusu v ot\u00e1zk\u00e1ch studentek a student\u016f, kte\u0159\u00ed jsou dnes ve\u010der s n\u00e1mi. Kdo se pt\u00e1 jako dal\u0161\u00ed. <br \/><br \/>Juraj MAKULA, student<br \/>&#8212;&#8212;&#8212;&#8212;&#8212;&#8212;&#8211;<br \/>Tak kr\u00e1sn\u00fd dobr\u00fd ve\u010der v\u0161em. Jmenuji se Juraj Makula, studuju vlastn\u011b Vysokou \u0161kolu Ambis a jsem sou\u010d\u00e1st\u00ed organizace ROMEA. R\u00e1d by jsem se zeptal ide\u00e1ln\u011b v\u0161ech z\u00fa\u010dastn\u011bn\u00fdch, jak\u00fd je podle v\u00e1s nebo jak\u00e1 je podle v\u00e1s mo\u017enost bojovat s obchodem s chudobou?<br \/><br \/>V\u00e1clav Moravec, moder\u00e1tor<br \/>&#8212;&#8212;&#8212;&#8212;&#8212;&#8212;&#8211;<br \/>No, expremi\u00e9r, \u017ee by za\u010dal?<br \/><br \/>Ji\u0159\u00ed RUSNOK, ekonom<br \/>&#8212;&#8212;&#8212;&#8212;&#8212;&#8212;&#8211;<br \/>To jsou takov\u00e9 velice slo\u017eit\u00e9 konkr\u00e9tn\u00ed ot\u00e1zky.<br \/><br \/>V\u00e1clav Moravec, moder\u00e1tor<br \/>&#8212;&#8212;&#8212;&#8212;&#8212;&#8212;&#8211;<br \/>Te\u010f odpov\u00edd\u00e1te Ji\u0159\u00ed jako politik.<br \/><br \/>Ji\u0159\u00ed RUSNOK, ekonom<br \/>&#8212;&#8212;&#8212;&#8212;&#8212;&#8212;&#8211;<br \/>Ne, ne, ne, fakt se sna\u017e\u00edm nad t\u00edm zamyslet. Takhle v\u017edycky bude tendence zneu\u017e\u00edvat chud\u00e9 lidi, jo. Ono se mimo jin\u00e9 mluv\u00ed, tak je takov\u00e9 jedno, nev\u00edm, jestli je moudro, ale ur\u010dit\u011b se s n\u00edm \u010dlov\u011bk setk\u00e1 v \u017eivot\u011b, \u017ee nejv\u00edc se d\u00e1 vyd\u011blat na chud\u00fdch, jo. To bohu\u017eel platilo u\u017e za prvn\u00ed republiky. Tak\u017ee asi \u00fapln\u011b to nikdy nevymiz\u00ed. Ale j\u00e1 mysl\u00edm t\u0159eba to, co tady u\u017e bylo \u0159e\u010deno kolegy p\u0159ede mnou. Ten n\u00e1\u0161 syst\u00e9m, kdy skute\u010dn\u011b st\u00e1t tak n\u011bjak jako bez v\u011bt\u0161\u00edho z\u00e1jmu se mi zd\u00e1, propl\u00e1c\u00ed to ubytov\u00e1n\u00ed t\u011bch chud\u00fdch v jak\u00fdchkoliv podm\u00ednk\u00e1ch, \u017ee to prost\u011b je ne\u00fanosn\u00e9. A j\u00e1 bych byl pro, aby se, a\u0165 se plat\u00ed t\u011bm lidem, ale mus\u00ed se platit za n\u011bjakou minim\u00e1ln\u00ed kvalitu, jo. Nen\u00ed mo\u017en\u00e9, aby st\u00e1t automaticky akceptoval cokoliv jenom proto, \u017ee to takzvan\u011b jakoby zajist\u00ed ubytov\u00e1n\u00ed t\u011bch lid\u00ed. Tak\u017ee j\u00e1 si mysl\u00edm, \u017ee to je \u0159e\u0161iteln\u00e9, ale je to prost\u011b, bude to st\u00e1t n\u011bjak\u00e9 pen\u00edze. Na za\u010d\u00e1tku minim\u00e1ln\u011b, pak se to vr\u00e1t\u00ed. Je to o t\u00e9 soci\u00e1ln\u00ed pr\u00e1ci. Tak tady u\u017e n\u011bkdo o tom mluvil, \u017ee jestli je n\u011bjak\u00e9 obrovsk\u00e9 s\u00eddli\u0161t\u011b, jsou tam na to t\u0159i lidi. No, tak jako asi t\u011b\u017eko se m\u016f\u017eeme do\u010dkat n\u011bjak\u00e9ho v\u00fdsledku. \u010cili je to jako ve v\u0161em, mus\u00ed se do toho investovat na za\u010d\u00e1tku, aby to p\u0159ineslo n\u011bjak\u00fd v\u00fdsledek.<br \/><br \/>V\u00e1clav Moravec, moder\u00e1tor<br \/>&#8212;&#8212;&#8212;&#8212;&#8212;&#8212;&#8211;<br \/>Edito.<br \/><br \/>Edita STEJSKALOV\u00c1, odbornice na soci\u00e1ln\u00ed za\u010dle\u0148ov\u00e1n\u00ed<br \/>&#8212;&#8212;&#8212;&#8212;&#8212;&#8212;&#8211;<br \/>J\u00e1 jsem na to u\u017e tak trochu odpov\u011bd\u011bla a mo\u017en\u00e1, \u017ee se moje odpov\u011b\u010f dotkne a \u010dlen\u016f v\u011bt\u0161inov\u00e9 spole\u010dnosti, ale ta zm\u011bna, jak bojovat \u00fa\u010dinn\u011b s byznysem, s chudobou, za\u010d\u00edn\u00e1 v ka\u017ed\u00e9m z n\u00e1s s t\u00edm, \u017ee budeme bojovat s vlastn\u00edmi p\u0159edsudky. Proto\u017ee to, co rozt\u00e1\u010d\u00ed vlastn\u011b cel\u00fd ten byznys s chudobou, je popt\u00e1vka. A ta popt\u00e1vka t\u00e9 v\u011bt\u0161inov\u00e9 spole\u010dnosti nem\u016f\u017ee b\u00fdt segregace. A nejedn\u00e1 se jenom o segregaci na etnick\u00e9m z\u00e1klad\u011b. Ale my segregujeme ob\u010dany i na z\u00e1klad\u011b jako zdravotn\u00edho stavu anebo i v\u011bku. A velmi \u010dasto jsem vid\u011bla na ubytovn\u00e1ch seniory, kte\u0159\u00ed z nepochopiteln\u00fdch d\u016fvod\u016f \u017eili na t\u011bch ubytovn\u00e1ch, proto\u017ee ztratili nap\u0159\u00edklad bydlen\u00ed. A dostat se odtamtud bylo nemo\u017en\u00e9. Vid\u011bla jsem na ubytovn\u00e1ch lidi s psychiatrickou diagn\u00f3zou. A prost\u011b spole\u010dnost m\u00e1 tendenci neust\u00e1le hodnotit, perzekuovat. Kdybych m\u011bla vzpomenout, tak m\u00e1lo se o tom dneska mluvilo. J\u00e1 budu velmi stru\u010dn\u00e1 u\u017e. Ale t\u0159eba Foucalt v d\u011bjin\u00e1ch \u0161\u00edlenstv\u00ed vlastn\u011b popsal perzekuci jak vl\u00e1d, tak stejn\u011b tak t\u00e9 spole\u010dnosti nezam\u011bstnan\u00fdch. I oni byli d\u00e1v\u00e1n\u00ed do r\u016fzn\u00fdch v\u011bzen\u00ed. Byli nalo\u010fov\u00e1ni na lod\u011b bl\u00e1zn\u016f a podobn\u011b. Tak\u017ee j\u00e1 bych jako prost\u011b poprosila, pokud chceme \u00fa\u010dinn\u011b bojovat s chudobou a s t\u011bmi, co z n\u00ed tyjou, tak mus\u00edme za\u010d\u00edt u sebe a nem\u00edt popt\u00e1vku po segregaci, proto\u017ee ona je extr\u00e9mn\u011b drah\u00e1.<br \/><br \/>V\u00e1clav Moravec, moder\u00e1tor<br \/>&#8212;&#8212;&#8212;&#8212;&#8212;&#8212;&#8211;<br \/>Na to chce nav\u00e1zat Filip Mat\u011bjka.<br \/><br \/>Filip MAT\u011aJKA, ekonom<br \/>&#8212;&#8212;&#8212;&#8212;&#8212;&#8212;&#8211;<br \/>Jak \u0159\u00edkala Edita, nejchud\u0161\u00ed lid\u00e9, maj\u00ed \u010dasto stra\u0161n\u011b \u0161patnou vyjedn\u00e1vac\u00ed pozici, proto\u017ee ta druh\u00e1 strana v\u00ed, \u017ee kdy\u017e oni p\u0159ijdou o to, co maj\u00ed, tak dopadnou je\u0161t\u011b jako hrozn\u011b \u0161patn\u011b. Vlastn\u011b i proto je vid\u011bt, \u017ee te\u010f n\u00e1m roste chudoba, je to kv\u016fli vysok\u00e9 inflaci. Roste inflace, tak si v\u0161ichni mohou \u0159\u00edct o vy\u0161\u0161\u00ed platy. A ti, \u010dasto ti bohat\u00ed, ti co maj\u00ed dobr\u00e9 platy, si jako dok\u00e1\u017eou i vyjednat vy\u0161\u0161\u00ed, velmi rychle. Zat\u00edmco ti chud\u00ed ne, proto roste te\u010f chudoba, podle toho m\u011b\u0159\u00edtka, pr\u016fm\u011brn\u00fd plat v\u016f\u010di tomu n\u00edzk\u00e9mu. Tady v tomhle p\u0159\u00edpad\u011b \u010dasto ten obchod s chudobou. J\u00e1, kdy\u017e si vezmu jeden konkr\u00e9tn\u00ed p\u0159\u00edklad. Je tam jeden majitel v pom\u011brn\u011b mal\u00e9 lokalit\u011b. Jeden majitel byt\u016f, v\u0161echno skoupil, m\u00e1 velkou vyjedn\u00e1vac\u00ed pozici proti, proti n\u00e1jemn\u00edk\u016fm, kte\u0159\u00ed vlastn\u011b nemaj\u00ed alternativu. Tak jedna v\u011bc\u00ed, co jako ekonom bych mohl \u0159\u00edct a co mysl\u00edm, jako \u017ee by mohlo teoreticky \u010dasem pomoct. U n\u00e1s m\u00e1me antimonopoln\u00ed \u00fa\u0159ad, kter\u00fd o spoustu v\u011bc\u00ed se v\u016fbec nestar\u00e1. Tady naprosto nefunguje sout\u011b\u017e. Mohl by za\u010d\u00edt koukat i do t\u011bchhle t\u011bch v\u011bc\u00ed, aby prost\u011b ve chv\u00edli.<br \/><br \/>V\u00e1clav Moravec, moder\u00e1tor<br \/>&#8212;&#8212;&#8212;&#8212;&#8212;&#8212;&#8211;<br \/>Je probl\u00e9m to, \u017ee funguje antimonopoln\u00ed \u00fa\u0159ad. Kdy\u017e se pod\u00edv\u00e1me to, o \u010dem mluvila Jana Matesov\u00e1 v \u00favodu v souvislosti s cenami potravin.<br \/><br \/>Filip MAT\u011aJKA, ekonom<br \/>&#8212;&#8212;&#8212;&#8212;&#8212;&#8212;&#8211;<br \/>P\u0159esn\u011b tak, mohl by, anebo by mohl b\u00fdt z\u00e1kon, \u017ee v ur\u010dit\u00e9 lokalit\u011b nem\u016f\u017ee v\u011bt\u0161inu byt\u016f vlastnit jeden vlastn\u00edk. Kdyby v Praze jeden vlastn\u00edk vlastnil 400 tis\u00edc byt\u016f, tak by to taky byl obrovsk\u00fd probl\u00e9m, ale t\u00edm, \u017ee jich je v\u00edc, tak p\u0159esto nen\u00ed to dobr\u00e9, ale n\u011bjak mezi sebou sout\u011b\u017e\u00ed v t\u011bch lokalit\u00e1ch, vylou\u010den\u00ed tam u\u017e \u010dasto mezi sebou ty vlastn\u00edci. To je jako, j\u00e1 v\u00edm, \u017ee to je drobn\u00e1 v\u011bc, ale mo\u017en\u00e1 v\u011bc, kter\u00e1 by se dala tro\u0161ku ud\u011blat.<br \/><br \/>V\u00e1clav Moravec, moder\u00e1tor<br \/>&#8212;&#8212;&#8212;&#8212;&#8212;&#8212;&#8211;<br \/>Jana Matesov\u00e1 odpov\u00ed pak Lucie.<br \/><br \/>Jana MATESOV\u00c1, ekonomka<br \/>&#8212;&#8212;&#8212;&#8212;&#8212;&#8212;&#8211;<br \/>No, j\u00e1 souhlas\u00edm naprosto s t\u00edm, co \u0159ekla Edita. To je dlouh\u00fd proces. Si pamatuju v roce 93, d\u011blal n\u011bkdo pr\u016fzkum, jak\u00e9 je nejobl\u00edben\u011bj\u0161\u00ed r\u010den\u00ed v \u010cesk\u00e9 republice. A to bylo s velk\u00fdm p\u0159edstihem sociologick\u00fd \u00fa\u0159ad a \u00fastav to koneckonc\u016f d\u011blal, bylo, kdo nekrade, okr\u00e1d\u00e1 rodinu. Nastavit \u010dest jako vysokou hodnotu, je dlouh\u00fd proces genera\u010dn\u00ed. Nicm\u00e9n\u011b mus\u00ed za\u010d\u00ednat od t\u011bch sign\u00e1l\u016f i z nejvy\u0161\u0161\u00edch m\u00edst a mus\u00ed za\u010d\u00ednat i z t\u011bch sign\u00e1l\u016f z m\u00e9di\u00ed. Ale m\u00e1me vl\u00e1du v \u010dele, a co by mohla d\u011blat prakticky ano. Antimonopoln\u00ed \u00fa\u0159ad by m\u011bl za\u010d\u00edt fungovat. Mo\u017en\u00e1 po dlouhou dobu k tomu nebyly politick\u00e9 motivy, sp\u00ed\u0161 byly opa\u010dn\u00e9. Tak by m\u011bl za\u010d\u00edt, ale u n\u00e1s docela z\u00e1kladn\u00ed probl\u00e9m v boji s chudobou, obchodu s chudobou, v obchodu s chudobou je soudn\u00ed syst\u00e9m, kter\u00fd opravdu nefunguje tak, jak by m\u011bl. Funguje \u0161patn\u011b v p\u0159\u00edpad\u011b exekuc\u00ed, kontraproduktivn\u011b, funguje zdlouhav\u011b. Jeden z nejv\u011bt\u0161\u00edch d\u016fvod\u016f, pro\u010d k n\u00e1m nechod\u00ed investo\u0159i nebo tady neroz\u0161i\u0159uj\u00ed sv\u00e9 investice, je nep\u0159edv\u00eddateln\u00e9 obchodn\u00ed pr\u00e1vo, to prost\u011b vych\u00e1z\u00ed ze v\u0161eho, ze v\u0161ech \u0161et\u0159en\u00ed o atraktivnosti \u010cesk\u00e9 republiky pro investice. A ono to v tom soukrom\u00e9m pr\u00e1vu je ale stejn\u00e9. \u010cili soudn\u00ed syst\u00e9m rychleji, jasn\u011bji, spravedliv\u011bji. J\u00e1 jsem dlouhou dobu \u017eila v zahrani\u010d\u00ed. V zemi, kde soudn\u00ed syst\u00e9m funguje a lid\u00e9 v\u011bd\u00ed jako ti, kte\u0159\u00ed by obchodovali s chudobou, taky by cht\u011bli. No, je tam spousta p\u0159\u00ed\u010din, je to spole\u010dnost, kter\u00e1 m\u00e1 velik\u00e9, velikou, velik\u00e9 procento lid\u00ed ve velmi, velmi hlubok\u00e9 chudob\u011b. No, ale v\u011bd\u00ed, \u017ee kdy\u017e se do tohohle pust\u00ed, tak z\u00e1kon a jeho a sankce je nemine.<br \/>Tak posledn\u00ed, u nebankovn\u00edch finan\u010dn\u00edch instituc\u00ed l\u00e9pe regulovat. Nebankovn\u00ed jsou jako bankovn\u00ed. Prost\u011b mus\u00edte je regulovat. Je to te\u010f lep\u0161\u00ed, ne\u017e to bylo t\u0159eba p\u0159ed 10-15 lety. Nesta\u010d\u00ed to.<br \/><br \/>Lucie TRLIFAJOV\u00c1, soci\u00e1ln\u00ed antropolo\u017eka<br \/>&#8212;&#8212;&#8212;&#8212;&#8212;&#8212;&#8211;<br \/>Mn\u011b p\u0159ijde tohle kr\u00e1sn\u00e1 uk\u00e1zka toho, \u017ee ne v\u0161echny v\u011bci okolo chudoby jdou \u0159e\u0161it transfery nebo d\u00e1vkama. Tady prost\u011b padlo, \u017ee spoustu lid\u00ed nem\u00e1 tu alternativu. A opravdu kdy\u017e jim ned\u00e1me pen\u00edze, tak oni jsou vn\u00edman\u00fd z n\u011bjak\u00fdho d\u016fvodu jako riziko, n\u011bkter\u00fd jsou vn\u00edman\u00fd jako rizikov\u011bj\u0161\u00ed. J\u00e1 mysl\u00edm, \u017ee je d\u016fle\u017eit\u00fd hrozn\u011b bojovat s tou diskriminac\u00ed. Ale my j\u00ed nevy\u0159e\u0161\u00edme te\u010fka. A to, co je pot\u0159eba, jsou ve\u0159ejn\u00fd slu\u017eby, kter\u00fd to poskytujou. J\u00e1 mysl\u00edm, \u017ee te\u010fka jako je aktu\u00e1ln\u011b p\u0159ipraven\u00fd z\u00e1kon o soci\u00e1ln\u00edm bydlen\u00ed. A soci\u00e1ln\u00ed bydlen\u00ed to znamen\u00e1 n\u011bjak\u00fd dostupn\u00fd bydlen\u00ed, r\u016fzn\u00fd skupiny nab\u00edzen\u00fd skrze obce, p\u0159\u00edpadn\u011b neziskov\u00fd organizace. Jsou v t\u011bch odborn\u00fdch debat\u00e1ch jako t\u00edm kl\u00ed\u010dov\u00fdm n\u00e1strojem. To znamen\u00e1, my to nem\u016f\u017eeme vy\u0159e\u0161it t\u00edm, \u017ee budeme je\u0161t\u011b v\u00edc regulovat d\u00e1vky, nebo omezovat. Proto\u017ee to, co se n\u00e1m stane, kdy\u017e ty d\u00e1vky se\u0161krt\u00e1me, tak kdy\u017e ty lidi nebudou kam jinam j\u00edt, m\u00edt kam jinam j\u00edt, tak oni p\u016fjdou jenom do je\u0161t\u011b hor\u0161\u00edho, je\u0161t\u011b do dra\u017e\u0161\u00edho bydlen\u00ed. To, co pot\u0159ebujeme tady ta ve\u0159ejn\u00e1 slu\u017eba a kdyby v\u00e1s to zaj\u00edmalo v\u00edc, tak web Iniciativy za bydlen\u00ed v\u00e1m tam najdete bli\u017e\u0161\u00ed informace.<br \/><br \/>Radek H\u00c1BL, odborn\u00edk na dluhovou problematiku<br \/>&#8212;&#8212;&#8212;&#8212;&#8212;&#8212;&#8211;<br \/>J\u00e1 u\u017e nebudu opakovat, co tady bylo \u0159e\u010deno. Souhlas\u00edm s t\u00edm, co tady moji p\u0159ed\u0159e\u010dn\u00edci \u0159\u00edkali. Jenom bych je\u0161t\u011b vyp\u00edchnul pr\u00e1v\u011b ten exeku\u010dn\u00ed syst\u00e9m, kter\u00fd je nastaven tak, \u017ee je velmi motiva\u010dn\u00ed ho zneu\u017e\u00edvat. M\u00e1me tady, dneska vym\u00e1h\u00e1me zhruba 800 miliard v exekuc\u00edch, co\u017e je obrovsk\u00fd byznys. A te\u010f je 150 exekutorsk\u00fdch \u00fa\u0159ad\u016f, kter\u00fd tady vlastn\u011b bojuj\u00ed o to, kdo bude m\u00edt v\u00edce dlu\u017en\u00edk\u016f, kdo bude m\u00edt v\u00edce lid\u00ed v exekuc\u00edch a kdo si z toho vlastn\u011b, z toho kol\u00e1\u010de ukroj\u00ed nejv\u00edc. Tak to je velk\u00e1 chyba. Soudn\u00ed syst\u00e9m u\u017e byl \u0159e\u010den, \u017ee n\u011bkter\u00e9 soudy po\u0159\u00e1d tady koukaj\u00ed na to, \u017ee a\u0165 je smlouva jak\u00e1koliv, \u017ee ten \u010dlov\u011bk podepsal, tak m\u00e1 prost\u011b sm\u016flu. V\u016fbec jako nekoukaj\u00ed na to, \u017ee ta smlouva m\u016f\u017ee b\u00fdt taky protipr\u00e1vn\u00ed. A od toho se odv\u00edj\u00ed to, \u017ee tady stra\u0161n\u011b m\u00e1lo postihujeme v t\u00e9 trestn\u011bpr\u00e1vn\u00ed rovin\u011b ty pachatele vlastn\u011b toho obchodu s dluhy. J\u00e1 bych dal p\u0159\u00edklad zase v oblasti, v oblasti p\u016fj\u010dov\u00e1n\u00ed pen\u011bz. My tady ka\u017ed\u00fd rok \u0159e\u0161\u00edme zhruba 4000 \u00fav\u011brov\u00fdch podvod\u016f. To znamen\u00e1, \u017ee \u010dlov\u011bk podepsal n\u011bjakou smlouvu a n\u011bco tam zaml\u010del. Ale pouze 10 p\u0159\u00edpad\u016f lichvy za rok. On ten obr\u00e1zek je obr\u00e1cen\u011b. M\u00edsto abysme postihovali ty, kte\u0159\u00ed tady rozt\u00e1\u010d\u00ed obchod s chudobou, tak postihujeme ty ob\u011bti.<br \/><br \/>V\u00e1clav Moravec, moder\u00e1tor<br \/>&#8212;&#8212;&#8212;&#8212;&#8212;&#8212;&#8211;<br \/>Hele\u010fte, j\u00e1 vid\u00edm, jak se hl\u00e1s\u00ed dal\u0161\u00ed. J\u00e1 se omlouv\u00e1m a je mi to moc l\u00edto, proto\u017ee zjevn\u011b necel\u00e9 dv\u011b hodiny na Fokus nesta\u010d\u00ed, proto\u017ee kon\u010d\u00edme. J\u00e1 d\u011bkuji skv\u011bl\u00e9 \u0161estici dne\u0161n\u00edch host\u016f, kter\u00fdmi byli b\u00fdval\u00fd premi\u00e9r, b\u00fdval\u00fd guvern\u00e9r centr\u00e1ln\u00ed banky, ekonom Ji\u0159\u00ed Rusnok. Stejn\u011b tak ekonomka Jana Matesov\u00e1, odbornice na soci\u00e1ln\u00ed za\u010dle\u0148ov\u00e1n\u00ed Edita Stejskalov\u00e1, odborn\u00edk na dluhovou problematiku Radek H\u00e1bl, soci\u00e1ln\u00ed antropolo\u017eka Lucie Trlifajov\u00e1 a ekonom Filip Mat\u011bjka. <br \/><br \/>D\u011bkuji v\u00e1m, studentk\u00e1m a student\u016fm, kte\u0159\u00ed jste dnes ve\u010der tady s n\u00e1mi byli v Radlick\u00e9 kulturn\u00ed sportovn\u011b. Konkr\u00e9tn\u011b studentk\u00e1m a student\u016fm Gymn\u00e1zia Tom\u00e1\u0161e Garrigua Masaryka v Litv\u00ednov\u011b, St\u0159edn\u00ed odborn\u00e9 \u0161koly Morava v Brn\u011b, pra\u017esk\u00e9ho Gymn\u00e1zia na Zatlance, stejn\u011b jako dal\u0161\u00edho pra\u017esk\u00e9ho Gymn\u00e1zia Na V\u00edt\u011bzn\u00e9 pl\u00e1ni. Taky studentk\u00e1m a student\u016fm stipendin\u00edho programu organizace ROMEA.  <\/p>\n","protected":false},"excerpt":{"rendered":"<div class=\"mh-excerpt\"><p>Potravinov\u00e9 banky jako z\u00e1chrana. Lid\u00ed, kte\u0159\u00ed vyu\u017eili jejich pomoci a dostali potraviny zadarmo bylo, kdy\u017e se pod\u00edv\u00e1me do statistik jen za lo\u0148sk\u00fd rok okolo 300 <a class=\"mh-excerpt-more\" href=\"https:\/\/www.invarena.cz\/?p=43133\" title=\"Potravinov\u00e9 banky jako z\u00e1chrana\">[&#8230;]<\/a><\/p>\n<\/div>","protected":false},"author":1,"featured_media":14875,"comment_status":"open","ping_status":"closed","sticky":false,"template":"","format":"standard","meta":{"footnotes":""},"categories":[12],"tags":[],"class_list":["post-43133","post","type-post","status-publish","format-standard","has-post-thumbnail","hentry","category-rozhovory"],"_links":{"self":[{"href":"https:\/\/www.invarena.cz\/index.php?rest_route=\/wp\/v2\/posts\/43133","targetHints":{"allow":["GET"]}}],"collection":[{"href":"https:\/\/www.invarena.cz\/index.php?rest_route=\/wp\/v2\/posts"}],"about":[{"href":"https:\/\/www.invarena.cz\/index.php?rest_route=\/wp\/v2\/types\/post"}],"author":[{"embeddable":true,"href":"https:\/\/www.invarena.cz\/index.php?rest_route=\/wp\/v2\/users\/1"}],"replies":[{"embeddable":true,"href":"https:\/\/www.invarena.cz\/index.php?rest_route=%2Fwp%2Fv2%2Fcomments&post=43133"}],"version-history":[{"count":0,"href":"https:\/\/www.invarena.cz\/index.php?rest_route=\/wp\/v2\/posts\/43133\/revisions"}],"wp:featuredmedia":[{"embeddable":true,"href":"https:\/\/www.invarena.cz\/index.php?rest_route=\/wp\/v2\/media\/14875"}],"wp:attachment":[{"href":"https:\/\/www.invarena.cz\/index.php?rest_route=%2Fwp%2Fv2%2Fmedia&parent=43133"}],"wp:term":[{"taxonomy":"category","embeddable":true,"href":"https:\/\/www.invarena.cz\/index.php?rest_route=%2Fwp%2Fv2%2Fcategories&post=43133"},{"taxonomy":"post_tag","embeddable":true,"href":"https:\/\/www.invarena.cz\/index.php?rest_route=%2Fwp%2Fv2%2Ftags&post=43133"}],"curies":[{"name":"wp","href":"https:\/\/api.w.org\/{rel}","templated":true}]}}