{"id":43249,"date":"2023-10-30T07:12:36","date_gmt":"2023-10-30T06:12:36","guid":{"rendered":"https:\/\/www.invarena.cz\/?p=43249"},"modified":"2023-10-30T07:12:37","modified_gmt":"2023-10-30T06:12:37","slug":"rodicovsky-prispevek-se-zvysi-o-50-tisic","status":"publish","type":"post","link":"https:\/\/www.invarena.cz\/?p=43249","title":{"rendered":"Rodi\u010dovsk\u00fd p\u0159\u00edsp\u011bvek se zv\u00fd\u0161\u00ed o 50 tis\u00edc\u00a0\u00a0"},"content":{"rendered":"\n<p>50 000 nav\u00edc. Sn\u011bmovna schv\u00e1lila r\u016fst rodi\u010dovsk\u00e9ho p\u0159\u00edsp\u011bvku. S platnost\u00ed od 1. ledna se zv\u00fd\u0161\u00ed na celkov\u00fdch 350 000 K\u010d. T\u00fdkat se to ale bude jen d\u011bt\u00ed narozen\u00fdch po Nov\u00e9m roce. Podle opozice je p\u0159\u00edsp\u011bvek nedostate\u010dn\u00fd a diskrimina\u010dn\u00ed. N\u00e1vrh pro\u0161el Sn\u011bmovnou. Te\u010f ho je\u0161t\u011b mus\u00ed posoudit Sen\u00e1t.<\/p>\n\n\n\n<p>\u010cT 24\u00a0&#8211; Ud\u00e1losti, koment\u00e1\u0159e<br \/><br \/>Jan Bauer, \u010dlen sn\u011bmovn\u00edho soci\u00e1ln\u00edho v\u00fdboru \/ODS\/<br \/>&#8212;&#8212;&#8212;&#8212;&#8212;&#8212;&#8211;<br \/>Hovo\u0159ilo se o tom, \u017ee bu\u010f nebudeme zvy\u0161ovat v\u016fbec a pokud ano, tak se vedla dlouh\u00e1 diskuze, o kolik to bude. Nakonec ta vl\u00e1dn\u00ed domluva byla, \u017ee to bude t\u011bch 350 000 K\u010d. J\u00e1 jsem za to r\u00e1d a mysl\u00edm si, \u017ee si to na\u0161e rodiny zaslou\u017e\u00ed.<br \/><br \/>Ale\u0161 JUCHELKA, \u010dlen sn\u011bmovn\u00edho v\u00fdboru pro soci\u00e1ln\u00ed politiku \/ANO\/<br \/>&#8212;&#8212;&#8212;&#8212;&#8212;&#8212;&#8211;<br \/>My jsme u\u017e v \u010dervnu m\u011bli v Poslaneck\u00e9 sn\u011bmovn\u011b n\u00e1vrh na nav\u00fd\u0161en\u00ed rodi\u010d\u00e1ku o 100 000 K\u010d na 400. Tak\u017ee i v tomto duchu byly d\u00e1ny na\u0161e pozm\u011b\u0148ovac\u00ed n\u00e1vrhy. J\u00e1 jsem tam je\u0161t\u011b m\u011bl ten kompromisn\u00ed na 375 000 K\u010d pr\u00e1v\u011b z toho d\u016fvodu, \u017ee o takovouto hodnotu klesla hodnota rodi\u010d\u00e1ku pro v\u0161echny rodiny s mal\u00fdmi d\u011btmi. Ani jeden z t\u011bchto n\u00e1vrh\u016f nebyl akceptov\u00e1n, nicm\u00e9n\u011b jsme samoz\u0159ejm\u011b hlasovali pro.<br \/><br \/>moder\u00e1tor \u010cT<br \/>&#8212;&#8212;&#8212;&#8212;&#8212;&#8212;&#8211;<br \/>No a hosty jsou nebo hostkami, pokud m\u00e1m b\u00fdt genderov\u011b korektn\u00ed, jsou \u0160\u00e1rka Jel\u00ednkov\u00e1, kter\u00e1 je m\u00edstop\u0159edsedkyn\u00ed KDU-\u010cSL a z\u00e1rove\u0148 n\u00e1m\u011bstkyn\u00ed\u00a0<strong>ministra<\/strong>\u00a0<strong>pr\u00e1ce<\/strong>. A ve spojen\u00ed jsme tak\u00e9 s Luci\u00ed \u0160afr\u00e1nkovou, kter\u00e1 je m\u00edstop\u0159edsedkyn\u00ed v\u00fdboru pro soci\u00e1ln\u00ed politiku za SPD.<br \/><br \/>Jakub \u017delezn\u00fd, moder\u00e1tor \u010cT<br \/>&#8212;&#8212;&#8212;&#8212;&#8212;&#8212;&#8211;<br \/>Pan\u00ed n\u00e1m\u011bstkyn\u011b Jel\u00ednkov\u00e1, t\u011bch 50 000 opravdu bylo maximum, ne\u0161lo to p\u0159ece jenom o n\u011bco v\u00edc?<br \/><br \/>\u0160\u00e1rka Jel\u00ednkov\u00e1, n\u00e1m\u011bstkyn\u011b\u00a0<strong>ministra<\/strong>\u00a0<strong>pr\u00e1ce<\/strong>\u00a0a soci\u00e1ln\u00edch v\u011bc\u00ed \/KDU-\u010cSL\/<br \/>&#8212;&#8212;&#8212;&#8212;&#8212;&#8212;&#8211;<br \/>J\u00e1 jsem r\u00e1da, \u017ee vlastn\u011b se poda\u0159ilo nav\u00fd\u0161en\u00ed toho rodi\u010dovsk\u00e9ho p\u0159\u00edsp\u011bvku. My jsme jako lidovci m\u011bli p\u0159edstavu, \u017ee bychom podpo\u0159ili je\u0161t\u011b tak\u00e9 rodiny i v leto\u0161n\u00edm roce nebo d\u011bti narozen\u00e9 v leto\u0161n\u00edm roce, ale je to takov\u00fd kompromis opravdu a jsem r\u00e1da, \u017ee se n\u00e1m poda\u0159ilo tento rodi\u010dovsk\u00fd p\u0159\u00edsp\u011bvek nav\u00fd\u0161it. A je to taky d\u00edky i Marianu Jure\u010dkovi, ministrovi, \u017ee poda\u0159ilo se mu tady to prosadit ze sv\u00e9 kapitoly na ministerstvu pr\u00e1ce a soci\u00e1ln\u00edch v\u011bc\u00ed. A trouf\u00e1m si \u0159\u00edct, \u017ee kdyby nebyli lidovci ve vl\u00e1d\u011b, \u017ee by mo\u017en\u00e1 nedo\u0161lo k tomu nav\u00fd\u0161en\u00ed v\u016fbec.<br \/><br \/>Jakub \u017delezn\u00fd, moder\u00e1tor \u010cT<br \/>&#8212;&#8212;&#8212;&#8212;&#8212;&#8212;&#8211;<br \/>J\u00e1 se omlouv\u00e1m, ale ta ot\u00e1zka p\u0159ece jenom, pan\u00ed n\u00e1m\u011bstkyn\u011b, zn\u011bla tro\u0161i\u010dku jinak. Ptal jsem se, jestli t\u011bch 50 000 bylo opravdu maximum. Zaj\u00edm\u00e1 m\u011b, jestli jste t\u0159eba necht\u011bli uva\u017eovat o tom, \u017ee opozice uva\u017eovala nebo cht\u011bla 100 000, tak jestli p\u0159ece jenom jste, a\u0165 u\u017e vy jako vl\u00e1da, a\u0165 u\u017e vy jako ministerstvo, nebo a\u0165 u\u017e vy jako lidovci necht\u011bli v\u00edc?<br \/><br \/>\u0160\u00e1rka Jel\u00ednkov\u00e1, n\u00e1m\u011bstkyn\u011b\u00a0<strong>ministra<\/strong>\u00a0<strong>pr\u00e1ce<\/strong>\u00a0a soci\u00e1ln\u00edch v\u011bc\u00ed \/KDU-\u010cSL\/<br \/>&#8212;&#8212;&#8212;&#8212;&#8212;&#8212;&#8211;<br \/>Samoz\u0159ejm\u011b jsme p\u0159em\u00fd\u0161leli o v\u00edce \u010d\u00e1stk\u00e1ch. V sou\u010dasn\u00e9 situaci to byla ta te\u010fka nejvy\u0161\u0161\u00ed mo\u017en\u00e1 \u010d\u00e1stka, na kter\u00e9 se dohodla v\u011bt\u0161ina i poslanc\u016f v Poslaneck\u00e9 sn\u011bmovn\u011b, a to je samoz\u0159ejm\u011b taky d\u016fle\u017eit\u00e9 se na to d\u00edvat i z tohoto hlediska. A to, \u017ee bychom si p\u0159edstavovali a opozice si p\u0159edstavovala vy\u0161\u0161\u00ed, to bychom si tak\u00e9 um\u011bli samoz\u0159ejm\u011b p\u0159edstavit, ale je\u0161t\u011b nekon\u010d\u00ed na\u0161e volebn\u00ed obdob\u00ed a j\u00e1 si mysl\u00edm, \u017ee t\u00e9ma p\u0159\u00edpadn\u00e9 bu\u010f valorizace automatick\u00e9 rodi\u010dovsk\u00e9ho p\u0159\u00edsp\u011bvku, nebo je\u0161t\u011b n\u011bjak\u00e9 nav\u00fd\u0161en\u00ed pro v\u00edcer\u010data nebo n\u011bkoho jin\u00e9ho, ur\u010dit\u011b je\u0161t\u011b bude na stole a budeme o tom v\u00e9st diskuzi.<br \/><br \/>Jakub \u017delezn\u00fd, moder\u00e1tor \u010cT<br \/>&#8212;&#8212;&#8212;&#8212;&#8212;&#8212;&#8211;<br \/>Pan\u00ed poslankyn\u011b \u0160afr\u00e1nkov\u00e1, vy jste tedy cht\u011bli on\u011bch 100 000 nav\u00edc, ale \u00fapln\u011b up\u0159\u00edmn\u011b. Dopady na rozpo\u010det budou v p\u0159\u00ed\u0161t\u00edch letech a\u017e 5,5 miliardy ro\u010dn\u011b. V\u00e1\u0161 n\u00e1vrh by tedy zv\u00fd\u0161il n\u00e1klady dvojn\u00e1sobn\u011b. Takov\u00e1 ta \u00fapln\u011b nejklasi\u010dt\u011bj\u0161\u00ed ot\u00e1zka, kde byste na to vzali nebo kde by se na to vzalo?<br \/><br \/>Lucie \u0160afr\u00e1nkov\u00e1, m\u00edstop\u0159edsedkyn\u011b sn\u011bmovn\u00edho soci\u00e1ln\u00edho v\u00fdboru \/SPD\/<br \/>&#8212;&#8212;&#8212;&#8212;&#8212;&#8212;&#8211;<br \/>J\u00e1 v\u00e1m d\u011bkuji za tu ot\u00e1zku a prvn\u011b mi dovolte \u0159\u00edct, \u017ee jsem r\u00e1da, \u017ee pro\u0161lo alespo\u0148 n\u011bjak\u00e9 zv\u00fd\u0161en\u00ed rodi\u010dovsk\u00e9ho p\u0159\u00edsp\u011bvku. My za zv\u00fd\u0161en\u00ed rodi\u010dovsk\u00e9ho p\u0159\u00edsp\u011bvku skute\u010dn\u011b bojujeme v\u00edce jak jeden rok v Poslaneck\u00e9 sn\u011bmovn\u011b. Ten n\u00e1\u0161 n\u00e1vrh tam dlouhodob\u011b le\u017eel a od t\u00e9 doby neuv\u011b\u0159iteln\u011b rostla inflace nahoru a samoz\u0159ejm\u011b rodiny s mal\u00fdmi d\u011btmi jsou jedni z nejohro\u017een\u011bj\u0161\u00edch skupin a je pot\u0159eba je podporovat i v r\u00e1mci toho, \u017ee pot\u0159ebujeme, aby se n\u00e1m rodily d\u011bti z d\u016fvodu demografick\u00e9ho v\u00fdvoje a je to d\u016fle\u017eit\u00e9 i potom v r\u00e1mci tzv. d\u016fchodov\u00e9 reformy. Tak\u017ee je to jedna z kl\u00ed\u010dov\u00fdch priorit, kter\u00e9 by st\u00e1t m\u011bl m\u00edt, a kter\u00fd by m\u011bl podporovat. Co se t\u00fdk\u00e1 toho, kde na to vezmeme, tak nyn\u00ed v tuto chv\u00edli bude jedn\u00e1n\u00ed o rozpo\u010dtu na p\u0159\u00ed\u0161t\u00ed rok a zv\u00fd\u0161en\u00ed rodi\u010dovsk\u00e9ho p\u0159\u00edsp\u011bvku se bude t\u00fdkat tak\u00e9 p\u0159\u00ed\u0161t\u00edho roku. Tak\u017ee je tady nap\u0159\u00edklad ke zv\u00e1\u017een\u00ed, \u017ee bychom mohli p\u0159ev\u00e9st pen\u00edze z polo\u017eek, kter\u00e9 se nab\u00edzej\u00ed, z aktivn\u00ed politiky zam\u011bstnanosti a tak\u00e9 podpory v nezam\u011bstnanosti, proto\u017ee co se t\u00fdk\u00e1 nezam\u011bstnanosti, tak v tuto chv\u00edli ty \u010d\u00edsla jsou celkem n\u00edzk\u00e1. Mysl\u00edm si, \u017ee se v p\u0159\u00ed\u0161t\u00edm roce jakkoliv nezm\u011bn\u00ed, tak\u017ee i zde bychom tyto finance dok\u00e1zali naj\u00edt. Co se t\u00fdk\u00e1 t\u011bch v\u00edcen\u00e1klad\u016f, kdyby se zv\u00fd\u0161il rodi\u010dovsk\u00fd p\u0159\u00edsp\u011bvek o 100 000 K\u010d, tak na t\u011bch v\u00edcen\u00e1kladech v p\u0159\u00ed\u0161t\u00edm roce by to bylo o 0,4 miliardy oproti tomu vl\u00e1dn\u00edmu n\u00e1vrhu.<br \/><br \/>Jakub \u017delezn\u00fd, moder\u00e1tor \u010cT<br \/>&#8212;&#8212;&#8212;&#8212;&#8212;&#8212;&#8211;<br \/>Tak\u017ee pokud v\u00e1m dob\u0159e rozum\u00edm, podle v\u00e1s t\u0159eba v t\u011bch, v t\u011bch rezerv\u00e1ch na nezam\u011bstnanost je dost prost\u0159edk\u016f, kter\u00e9 tam, kdy\u017e to \u0159eknu \u00fapln\u011b lidov\u011b, le\u017e\u00ed ladem a v tuto chv\u00edli by se daly pou\u017e\u00edt pr\u00e1v\u011b na to nav\u00fd\u0161en\u00ed rodi\u010dovsk\u00e9ho p\u0159\u00edsp\u011bvku, nebo jak se mezi v\u00e1mi politiky \u0159\u00edk\u00e1 rodi\u010d\u00e1ku?<br \/><br \/>Lucie \u0160afr\u00e1nkov\u00e1, m\u00edstop\u0159edsedkyn\u011b sn\u011bmovn\u00edho soci\u00e1ln\u00edho v\u00fdboru \/SPD\/<br \/>&#8212;&#8212;&#8212;&#8212;&#8212;&#8212;&#8211;<br \/>Ano, ur\u010dit\u011b je to v\u011bc, kterou jsme u n\u00e1s velice diskutovali a pr\u00e1v\u011b nyn\u00ed se to velice nab\u00edz\u00ed, \u017ee by se to takto dalo i v r\u00e1mci kapitoly ministerstva pr\u00e1ce a soci\u00e1ln\u00edch v\u011bc\u00ed z t\u011bchto polo\u017eek zkr\u00e1tka pou\u017e\u00edt na to, abychom pomohli rodin\u00e1m s d\u011btmi, kter\u00e9 u\u017e dlouhodob\u011b \u010del\u00ed vysok\u00e9 inflaci, a samoz\u0159ejm\u011b pot\u0159eb na n\u00e1kup v\u011bc\u00ed pro d\u011bti.<br \/><br \/>Jakub \u017delezn\u00fd, moder\u00e1tor \u010cT<br \/>&#8212;&#8212;&#8212;&#8212;&#8212;&#8212;&#8211;<br \/>Dob\u0159e, d\u011bkuju. Tak se na to hned zept\u00e1me pan\u00ed n\u00e1m\u011bstkyn\u011b. Bylo by to tedy v r\u00e1mci jednoho domu, tak \u0159\u00edkaj\u00edc, v r\u00e1mci rozpo\u010dtu jednoho ministerstva, tak pro\u010d to ne\u0161lo zrovna pr\u00e1v\u011b takhle, jak \u0159\u00edk\u00e1 pan\u00ed poslankyn\u011b \u0160afr\u00e1nkov\u00e1?<br \/><br \/>\u0160\u00e1rka Jel\u00ednkov\u00e1, n\u00e1m\u011bstkyn\u011b\u00a0<strong>ministra<\/strong>\u00a0<strong>pr\u00e1ce<\/strong>\u00a0a soci\u00e1ln\u00edch v\u011bc\u00ed \/KDU-\u010cSL\/<br \/>&#8212;&#8212;&#8212;&#8212;&#8212;&#8212;&#8211;<br \/>Ono nic nen\u00ed jednoduch\u00e9, tak jak to mo\u017en\u00e1 vypad\u00e1 na prvn\u00ed pohled. Samoz\u0159ejm\u011b SPD jako takov\u00e9 je\u0161t\u011b nem\u011blo na sob\u011b za tu dobu sv\u00e9 existence v parlamentu tu vl\u00e1dn\u00ed zodpov\u011bdnost a t\u00edm p\u00e1dem i zodpov\u011bdnost za ve\u0159ejn\u00e9 finance. Tak\u017ee j\u00e1 jim rozum\u00edm, \u017ee oni by um\u011bli n\u00e1m poradit, jak t\u0159eba nap\u0159\u00edklad s t\u011bmi pen\u011bzi hospoda\u0159it jinak. Ale v\u00edte, co je zaj\u00edmav\u00e9? My, kdy\u017e jsme si d\u011blali i pr\u016fzkum mezi rodinami, tak pro n\u011b nen\u00ed nejd\u016fle\u017eit\u011bj\u0161\u00ed jenom to, aby je st\u00e1t zaji\u0161\u0165oval finan\u010dn\u011b a zvy\u0161oval jim i p\u0159\u00edsp\u011bvky jak\u00e9koliv, ale pro n\u011b je d\u016fle\u017eit\u00e9, abychom jim pom\u00e1hali jinak, abychom jim uleh\u010dovali \u017eivot, abychom zav\u00e1d\u011bli pr\u00e1v\u011b zkr\u00e1cen\u00e9 \u00favazky. A my nap\u0159\u00edklad na ministerstvu pr\u00e1ce a soci\u00e1ln\u00edch v\u011bc\u00ed jsme u\u017e t\u0159eba tento rodi\u010dovsk\u00fd p\u0159\u00edsp\u011bvek digitalizovali. U\u017e v\u00edce jak dva m\u011bs\u00edce je v online prostoru, u\u017e v\u00edce jak 50 % lid\u00ed jej vyu\u017e\u00edv\u00e1 a d\u00e1 se taky \u0159\u00edci, \u017ee t\u00edm, \u017ee nehon\u00edme rodiny po \u00fa\u0159adech pr\u00e1ce, \u017ee nemus\u00ed tr\u00e1vit \u010das t\u00edm, aby si vy\u0159izovali t\u0159eba tento rodi\u010dovsk\u00fd p\u0159\u00edsp\u011bvek, tak jim \u0161et\u0159\u00edme \u010das a \u010das jsou tak\u00e9 pen\u00edze, jak se \u0159\u00edk\u00e1, a j\u00e1 si mysl\u00edm, \u017ee potom rodiny maj\u00ed potom v\u00edce \u010dasu na sebe v\u011bnovat se samoz\u0159ejm\u011b i sob\u011b. Tak\u017ee to je jedna z t\u011bchto v\u011bc\u00ed ta digitalizace i toho rodi\u010dovsk\u00e9ho p\u0159\u00edsp\u011bvku a samoz\u0159ejm\u011b chyst\u00e1me dal\u0161\u00ed bal\u00ed\u010dky m\u00e1me i pro rodiny a n\u011bco u\u017e jsme i schv\u00e1lili, a to jsou t\u0159eba i ty zkr\u00e1cen\u00e9 \u00favazky, proto\u017ee potom u\u017e dne\u0161n\u00ed maminky od mal\u00fdch d\u011bt\u00ed docela ve velk\u00e9m po\u010dtu \u017e\u00e1daj\u00ed to, \u017ee by cht\u011bly u\u017e j\u00edt i do pr\u00e1ce, \u017ee je nedostatek p\u0159ed\u0161koln\u00edch za\u0159\u00edzen\u00ed, tak\u017ee my pracujeme i na tom, aby bylo dostatek d\u011btsk\u00fdch skupin, nap\u0159\u00edklad to m\u016f\u017eeme ovlivnit na ministerstvu pr\u00e1ce a soci\u00e1ln\u00edch v\u011bc\u00ed atd.<br \/><br \/>Jakub \u017delezn\u00fd, moder\u00e1tor \u010cT<br \/>&#8212;&#8212;&#8212;&#8212;&#8212;&#8212;&#8211;<br \/>Mysl\u00edm, \u017ee nejen maminky, ur\u010dit\u011b i tat\u00ednkov\u00e9, abychom byli zase genderov\u011b \u00fapln\u011b vyv\u00e1\u017een\u00ed a korektn\u00ed. Ale p\u0159ece jenom zase tro\u0161ku ut\u00edk\u00e1te od toho, od toho, co \u0159\u00edkala pan\u00ed poslankyn\u011b, proto\u017ee ona \u0159\u00edkala, vy jste podotkla, \u017ee nem\u011bli je\u0161t\u011b vl\u00e1dn\u00ed odpov\u011bdnost, to je pravda, ale ona \u0159\u00edkala, \u017ee i v r\u00e1mci rozpo\u010dtu va\u0161eho resortu by se ty pen\u00edze prost\u011b daly naj\u00edt. Tak pros\u00edm, jasnou odpov\u011b\u010f, daly nebo nedaly a pokud nedaly, tak pro\u010d?<br \/><br \/>\u0160\u00e1rka Jel\u00ednkov\u00e1, n\u00e1m\u011bstkyn\u011b\u00a0<strong>ministra<\/strong>\u00a0<strong>pr\u00e1ce<\/strong>\u00a0a soci\u00e1ln\u00edch v\u011bc\u00ed \/KDU-\u010cSL\/<br \/>&#8212;&#8212;&#8212;&#8212;&#8212;&#8212;&#8211;<br \/>Nen\u00ed to opravdu tak jednoduch\u00e9. Ka\u017ed\u00e1 ta kapitola m\u00e1 sv\u00e9 finance a my u\u017e i tak jsme sni\u017eovali docela v\u00fdrazn\u011b pr\u00e1v\u011b v t\u00e9to kapitole finan\u010dn\u00ed prost\u0159edky a nen\u00ed mo\u017en\u00e9, abychom zase tento segment i t\u00e9 zam\u011bstnanosti a do toho spad\u00e1 i samoz\u0159ejm\u011b rekvalifikace, m\u016f\u017eou to b\u00fdt pr\u00e1v\u011b rekvalifikace i pro maminky, co p\u0159ich\u00e1z\u00ed po rodi\u010dovsk\u00e9 dovolen\u00e9 atd. Tak\u017ee nen\u00ed to zase tak jednoduch\u00e9 a tam u\u017e sn\u00ed\u017een\u00e9 finan\u010dn\u00ed prost\u0159edky zrovna z t\u00e9to kapitoly v\u00fdrazn\u011bji byly. A to, \u017ee jsme v\u016fbec na\u0161li finan\u010dn\u00ed prost\u0159edky na nav\u00fd\u0161en\u00ed rodi\u010d\u00e1ku z na\u0161ich kapitol na\u00a0<strong>MPSV<\/strong>, kter\u00e9 u\u017e tak je samoz\u0159ejm\u011b docela hodn\u011b zat\u00ed\u017eeno i pr\u00e1v\u011b d\u016fchody a dal\u0161\u00edmi velk\u00fdmi v\u00fddaji, tak to nen\u00ed opravdu tak jednoduch\u00e9, tak, jak to vypad\u00e1 na prvn\u00ed pohled.<br \/><br \/>Jakub \u017delezn\u00fd, moder\u00e1tor \u010cT<br \/>&#8212;&#8212;&#8212;&#8212;&#8212;&#8212;&#8211;<br \/>Pan\u00ed poslankyn\u011b \u0160afr\u00e1nkov\u00e1, pan\u00ed n\u00e1m\u011bstkyn\u011b \u0159\u00edk\u00e1, \u017ee to nen\u00ed tak jednoduch\u00e9. Argumentuje tady ur\u010ditou komplexnost\u00ed, ur\u010dit\u00fdm \u0161ir\u0161\u00edm pohledem. \u00dapln\u011b up\u0159\u00edmn\u011b a realisticky. Nem\u00e1te pocit, \u017ee koalice p\u0159ece jenom prosadila maximum mo\u017en\u00e9ho? Sama jste na za\u010d\u00e1tku \u0159\u00edkala, \u017ee jste r\u00e1da, \u017ee alespo\u0148 o n\u011bco se ten tzv. rodi\u010d\u00e1k nav\u00fd\u0161il?<br \/><br \/>Lucie \u0160afr\u00e1nkov\u00e1, m\u00edstop\u0159edsedkyn\u011b sn\u011bmovn\u00edho soci\u00e1ln\u00edho v\u00fdboru \/SPD\/<br \/>&#8212;&#8212;&#8212;&#8212;&#8212;&#8212;&#8211;<br \/>Ano, to samoz\u0159ejm\u011b jsem r\u00e1da, ale toto nav\u00fd\u0161en\u00ed je opravdu naprosto nedostate\u010dn\u00e9, proto\u017ee i v d\u016fvodov\u00e9 zpr\u00e1v\u011b vl\u00e1dn\u00ed p\u011btikoalice \u0159\u00edk\u00e1, \u017ee rodi\u010dovsk\u00fd p\u0159\u00edsp\u011bvek navy\u0161uje pouze o polovinu r\u016fstu inflace od jeho posledn\u00edho zvy\u0161ov\u00e1n\u00ed v roce 2020. Opravdu jsme za\u017eili a za\u017e\u00edv\u00e1me astronomick\u00e9 zdra\u017eov\u00e1n\u00ed a ty rodiny s mal\u00fdmi d\u011btmi si \u010dasto nem\u016f\u017eou dovolit j\u00edt do pr\u00e1ce nebo p\u0159ivyd\u011blat, i kdy\u017e j\u00e1 tak\u00e9 samoz\u0159ejm\u011b podporuj\u00ed krat\u0161\u00ed \u00favazky, flexibiln\u011bj\u0161\u00ed pracovn\u00ed \u00favazky, ale ne v\u017edy je to mo\u017en\u00e9. A poj\u010fme si \u0159\u00edct, k \u010demu je\u0161t\u011b do\u0161lo v r\u00e1mci vlastn\u011b projedn\u00e1v\u00e1n\u00ed rodi\u010dovsk\u00e9ho p\u0159\u00edsp\u011bvku, doba \u010derp\u00e1n\u00ed rodi\u010dovsk\u00e9ho p\u0159\u00edsp\u011bvku se nyn\u00ed zkr\u00e1t\u00ed ze \u010dty\u0159 na t\u0159i roky a spoustu rodin m\u00e1 probl\u00e9m um\u00edstit sv\u00e9 d\u00edt\u011b do p\u0159ed\u0161koln\u00edho za\u0159\u00edzen\u00ed. Tak\u017ee i s t\u00edm, kdy\u017e by cht\u011bli do pr\u00e1ce j\u00edt, tak bohu\u017eel nem\u016f\u017eou. A poj\u010fme si vypo\u010d\u00edtat, kdy\u017e opravdu ta rodina z\u016fstane doma s d\u00edt\u011btem \u010dty\u0159i roky, tak to vych\u00e1z\u00ed 6 250 K\u010d na m\u011bs\u00edc. Tak\u017ee doma ve valn\u00fdch p\u0159\u00edpadech nez\u016fst\u00e1v\u00e1 z toho d\u016fvodu, \u017ee by to sama cht\u011bla. Ale co je opravdu naprost\u00e1 nehor\u00e1znost, za m\u011b je to, \u017ee to zv\u00fd\u0161en\u00ed rodi\u010dovsk\u00e9ho p\u0159\u00edsp\u011bvku se bude t\u00fdkat skute\u010dn\u011b jenom nov\u011b narozen\u00fdch d\u011bt\u00ed od 1. ledna 2024.<br \/><br \/>Jakub \u017delezn\u00fd, moder\u00e1tor \u010cT<br \/>&#8212;&#8212;&#8212;&#8212;&#8212;&#8212;&#8211;<br \/>Tak je\u0161t\u011b popros\u00edm v\u00e1s, pan\u00ed n\u00e1m\u011bstkyn\u011b, o reakci. Hlavn\u011b tedy to posledn\u00ed, proto\u017ee opravdu to mo\u017en\u00e1 tro\u0161ku vypad\u00e1, \u017ee se vytv\u00e1\u0159ej\u00ed rodi\u010de prvn\u00ed a druh\u00e9 kategorie. Ti, kte\u0159\u00ed budou m\u00edt d\u00edt\u011b a\u017e po Nov\u00e9m roce, tak na tom prost\u011b evidentn\u011b budou l\u00e9pe.<br \/><br \/>\u0160\u00e1rka Jel\u00ednkov\u00e1, n\u00e1m\u011bstkyn\u011b\u00a0<strong>ministra<\/strong>\u00a0<strong>pr\u00e1ce<\/strong>\u00a0a soci\u00e1ln\u00edch v\u011bc\u00ed \/KDU-\u010cSL\/<br \/>&#8212;&#8212;&#8212;&#8212;&#8212;&#8212;&#8211;<br \/>Samoz\u0159ejm\u011b, \u017ee s t\u00edm jako nem\u016f\u017eu souhlasit. Ono v\u017edycky bude n\u011bjak\u00fd tzv. ten bod zlomu, kdy prost\u011b budou n\u011bjak\u00e9 d\u011bti do n\u011bjak\u00e9ho term\u00ednu, kdy se narod\u00ed a bude se jich to t\u00fdkat a potom zase bude tam n\u011bjak\u00fd bod zlomu t\u011bch d\u011bt\u00ed, kter\u00e9, a rodi\u010d\u016f, kter\u00fdch se to t\u00fdkat bude. U\u017e kdy\u017e p\u0159i minul\u00e9 vl\u00e1d\u011b se zvy\u0161oval rodi\u010dovsk\u00fd p\u0159\u00edsp\u011bvek, taky vlastn\u011b se narazilo na to, \u017ee jestli \u010dty\u0159let\u00e9 d\u011bti nemaj\u00ed n\u00e1rok na zv\u00fd\u0161en\u00ed rodi\u010dovsk\u00e9ho p\u0159\u00edsp\u011bvku atd. Tak\u017ee tyto diskuse se samoz\u0159ejm\u011b v\u017edycky vedou, ale tento bod ur\u010dit\u00fd zlomu se ned\u00e1 \u00fapln\u011b jako v\u017edycky odstranit. Ale znovu zopakuji, \u017ee my za lidovce jsme p\u0159ipravovali i na ministerstvu pr\u00e1ce a soci\u00e1ln\u00edch v\u011bc\u00ed pr\u00e1v\u011b navy\u0161ov\u00e1n\u00ed postupn\u00e9 rodi\u010dovsk\u00e9ho p\u0159\u00edsp\u011bvku u\u017e pro d\u011bti narozen\u00e9 i v tomto roce. Ale toto je te\u010fka zat\u00edm kompromis v\u0161ech stran nebo t\u011bch, kter\u00e9 jsou v koalici v\u011bt\u0161inov\u011b, potom samoz\u0159ejm\u011b i v Poslaneck\u00e9 sn\u011bmovn\u011b to pro\u0161lo. Tak\u017ee je to opravdu te\u010fka nejv\u011bt\u0161\u00ed mo\u017en\u00fd kompromis, kter\u00fd bylo mo\u017en\u00e9 dojednat. A my bychom si ur\u010dit\u011b um\u011bli p\u0159edstavit je\u0161t\u011b i t\u0159eba pr\u00e1v\u011b n\u011bjak\u00e9 to nav\u00fd\u0161en\u00ed i postupn\u00e9 a rozum\u00edme tomu, \u017ee se m\u016f\u017eou takto ti rodi\u010de n\u011bkte\u0159\u00ed c\u00edtit. Ale v\u017edycky, kdy\u017e bude se navy\u0161ovat rodi\u010dovsk\u00fd p\u0159\u00edsp\u011bvek, tak asi na to naraz\u00edme ve v\u0161ech p\u0159\u00edpadech, a\u0165 to bude d\u011blat kter\u00e1koliv vl\u00e1da.<br \/><br \/>Jakub \u017delezn\u00fd, moder\u00e1tor \u010cT<br \/>&#8212;&#8212;&#8212;&#8212;&#8212;&#8212;&#8211;<br \/>D\u00e1my, d\u011bkuju za diskuzi k tomuto t\u00e9matu.<br \/><\/p>\n","protected":false},"excerpt":{"rendered":"<div class=\"mh-excerpt\"><p>50 000 nav\u00edc. Sn\u011bmovna schv\u00e1lila r\u016fst rodi\u010dovsk\u00e9ho p\u0159\u00edsp\u011bvku. S platnost\u00ed od 1. ledna se zv\u00fd\u0161\u00ed na celkov\u00fdch 350 000 K\u010d. T\u00fdkat se to ale bude <a class=\"mh-excerpt-more\" href=\"https:\/\/www.invarena.cz\/?p=43249\" title=\"Rodi\u010dovsk\u00fd p\u0159\u00edsp\u011bvek se zv\u00fd\u0161\u00ed o 50 tis\u00edc\u00a0\u00a0\">[&#8230;]<\/a><\/p>\n<\/div>","protected":false},"author":1,"featured_media":24716,"comment_status":"open","ping_status":"closed","sticky":false,"template":"","format":"standard","meta":{"footnotes":""},"categories":[1],"tags":[],"class_list":["post-43249","post","type-post","status-publish","format-standard","has-post-thumbnail","hentry","category-nezarazene"],"_links":{"self":[{"href":"https:\/\/www.invarena.cz\/index.php?rest_route=\/wp\/v2\/posts\/43249","targetHints":{"allow":["GET"]}}],"collection":[{"href":"https:\/\/www.invarena.cz\/index.php?rest_route=\/wp\/v2\/posts"}],"about":[{"href":"https:\/\/www.invarena.cz\/index.php?rest_route=\/wp\/v2\/types\/post"}],"author":[{"embeddable":true,"href":"https:\/\/www.invarena.cz\/index.php?rest_route=\/wp\/v2\/users\/1"}],"replies":[{"embeddable":true,"href":"https:\/\/www.invarena.cz\/index.php?rest_route=%2Fwp%2Fv2%2Fcomments&post=43249"}],"version-history":[{"count":0,"href":"https:\/\/www.invarena.cz\/index.php?rest_route=\/wp\/v2\/posts\/43249\/revisions"}],"wp:featuredmedia":[{"embeddable":true,"href":"https:\/\/www.invarena.cz\/index.php?rest_route=\/wp\/v2\/media\/24716"}],"wp:attachment":[{"href":"https:\/\/www.invarena.cz\/index.php?rest_route=%2Fwp%2Fv2%2Fmedia&parent=43249"}],"wp:term":[{"taxonomy":"category","embeddable":true,"href":"https:\/\/www.invarena.cz\/index.php?rest_route=%2Fwp%2Fv2%2Fcategories&post=43249"},{"taxonomy":"post_tag","embeddable":true,"href":"https:\/\/www.invarena.cz\/index.php?rest_route=%2Fwp%2Fv2%2Ftags&post=43249"}],"curies":[{"name":"wp","href":"https:\/\/api.w.org\/{rel}","templated":true}]}}