{"id":43252,"date":"2023-10-30T07:18:44","date_gmt":"2023-10-30T06:18:44","guid":{"rendered":"https:\/\/www.invarena.cz\/?p=43252"},"modified":"2023-10-30T07:18:45","modified_gmt":"2023-10-30T06:18:45","slug":"zvyseni-rodicovskeho-prispevku","status":"publish","type":"post","link":"https:\/\/www.invarena.cz\/?p=43252","title":{"rendered":"Zv\u00fd\u0161en\u00ed rodi\u010dovsk\u00e9ho p\u0159\u00edsp\u011bvku\u00a0\u00a0"},"content":{"rendered":"\n<p>O 50 000 na celkov\u00fdch 350 000 K\u010d se m\u00e1 od p\u0159\u00ed\u0161t\u00edho roku zvednout rodi\u010dovsk\u00fd p\u0159\u00edsp\u011bvek, nav\u00fd\u0161en\u00ed se ale bude t\u00fdkat jenom d\u011bt\u00ed narozen\u00fdch od ledna. N\u00e1vrh pro\u0161el z\u00e1v\u011bre\u010dn\u00fdm schvalov\u00e1n\u00edm ve sn\u011bmovn\u011b a k posouzen\u00ed ho te\u010f dostanou sen\u00e1to\u0159i. Podle opozice jsou \u00fapravy nedostate\u010dn\u00e9. N\u00e1vrhy na v\u00fdrazn\u011bj\u0161\u00ed r\u016fst d\u00e1vky, anebo i zp\u011btn\u00e9 p\u0159id\u00e1n\u00ed st\u00e1vaj\u00edc\u00edm rodi\u010d\u016fm ale nepro\u0161ly.<\/p>\n\n\n\n<p>\u010cT 1\u00a0&#8211; Ud\u00e1losti<br \/><br \/>Marian Jure\u010dka,\u00a0<strong>ministr<\/strong>\u00a0<strong>pr\u00e1ce<\/strong>\u00a0a soci\u00e1ln\u00edch v\u011bc\u00ed, p\u0159edseda strany \/KDU-\u010cSL\/<br \/>&#8212;&#8212;&#8212;&#8212;&#8212;&#8212;&#8211;<br \/>J\u00e1 jsem osobn\u011b je\u0161t\u011b navrhoval i varianty, kter\u00e9 by znamenaly, \u017ee bychom to zv\u00fd\u0161en\u00ed uplat\u0148ovali t\u0159eba pro rodi\u010de d\u011bt\u00ed narozen\u00fdch v leto\u0161n\u00edm roce. Na tom ve fin\u00e1le shoda nebyla. Toto je, \u0159ekn\u011bme, kompromis maxima mo\u017en\u00e9ho v dan\u00e9 slo\u017eit\u00e9 rozpo\u010dtov\u00e9 situaci, ale i tak je to, bych \u0159ekl, pom\u011brn\u011b velk\u00fd posun pro rodi\u010de d\u011bt\u00ed.<br \/><br \/>moder\u00e1tor \u010cT<br \/>&#8212;&#8212;&#8212;&#8212;&#8212;&#8212;&#8211;<br \/>Poslanci rozhodovali i o n\u00e1vrhu, aby se v p\u0159\u00edpad\u011b narozen\u00ed dvoj\u010dat a v\u00edcer\u010dat p\u0159\u00edsp\u011bvek zdvojn\u00e1sobil. Ani tato koali\u010dn\u00ed zm\u011bna ale ve sn\u011bmovn\u011b v\u011bt\u0161inovou podporu nena\u0161la.<br \/><br \/>Kate\u0159ina Samkov\u00e1, redaktorka \u010cT<br \/>&#8212;&#8212;&#8212;&#8212;&#8212;&#8212;&#8211;<br \/>Te\u010f je s rok a p\u016fl letou dcerou na rodi\u010dovsk\u00e9 dovolen\u00e9. U\u017e na ja\u0159e se rodina Anny Nov\u00e1kov\u00e9 znovu rozroste, a to o dvoj\u010data. V r\u00e1mci p\u0159\u00edprav zat\u00edm \u017eena rozt\u0159\u00eddila oble\u010den\u00ed po star\u0161\u00ed dce\u0159i.<br \/><br \/>Anna Nov\u00e1kov\u00e1, matka<br \/>&#8212;&#8212;&#8212;&#8212;&#8212;&#8212;&#8211;<br \/>Tohleto u\u017e jsem si v\u0161echno p\u0159ipravila a jsou to v\u011bci, kter\u00e9 jsem s Madlenkou pou\u017eila.<br \/><br \/>Kate\u0159ina Samkov\u00e1, redaktorka \u010cT<br \/>&#8212;&#8212;&#8212;&#8212;&#8212;&#8212;&#8211;<br \/>D\u011btsk\u00e9 oble\u010den\u00ed bude m\u00edt i od kamar\u00e1dek, \u0159adu vybaven\u00ed, ale bude pot\u0159eba po\u0159\u00eddit nov\u00fdch. Z\u00e1rove\u0148 \u0159e\u0161\u00ed i provozn\u00ed v\u011bci, jako t\u0159eba pleny.<br \/><br \/>Anna Nov\u00e1kov\u00e1, matka<br \/>&#8212;&#8212;&#8212;&#8212;&#8212;&#8212;&#8211;<br \/>Na ty dvoj\u010data to prost\u011b mus\u00edte v\u0161echno nakoupit dvakr\u00e1t. A v na\u0161em p\u0159\u00edpad\u011b mi ur\u010dit\u011b n\u011bjakou je\u0161t\u011b p\u0159echodnou dobu budeme tohle v\u0161echno taky kupovat t\u0159ikr\u00e1t.<br \/><br \/>Kate\u0159ina Samkov\u00e1, redaktorka \u010cT<br \/>&#8212;&#8212;&#8212;&#8212;&#8212;&#8212;&#8211;<br \/>Od Nov\u00e9ho roku se m\u00e1 rodi\u010dovsk\u00fd p\u0159\u00edsp\u011bvek pro nov\u011b narozen\u00e9 d\u011bti zv\u00fd\u0161it v p\u0159\u00edpad\u011b jednoho d\u00edt\u011bte na 350 000. U dvoj\u010dat a v\u00edcer\u010dat bude d\u00e1l odpov\u00eddat 1,5n\u00e1sobku d\u00e1vky. Nov\u011b tak m\u00e1 b\u00fdt 525 000. V\u00fdrazn\u011bji se po dohod\u011b v koalici te\u010f zvy\u0161ovat nebude. Podle\u00a0<strong>ministra<\/strong>\u00a0<strong>pr\u00e1ce<\/strong>\u00a0by se ale ot\u00e1zka v\u00edcer\u010dat mohla \u0159e\u0161it p\u0159es syst\u00e9m st\u00e1tn\u00ed soci\u00e1ln\u00ed podpory.<br \/><br \/>Marian Jure\u010dka,\u00a0<strong>ministr<\/strong>\u00a0<strong>pr\u00e1ce<\/strong>\u00a0a soci\u00e1ln\u00edch v\u011bc\u00ed, p\u0159edseda strany \/KDU-\u010cSL\/<br \/>&#8212;&#8212;&#8212;&#8212;&#8212;&#8212;&#8211;<br \/>Rodi\u010d\u00e1k je opravdu, \u0159ekn\u011bme, sv\u00fdm zp\u016fsobem principu n\u00e1hrada za u\u0161lou mzdu, nikoliv n\u00e1hrada na n\u00e1klady \u010di v\u00edcen\u00e1klady u v\u00edcer\u010dat z hlediska n\u00e1klad\u016f na v\u00fd\u017eivu a podobn\u011b.<br \/><br \/>Kate\u0159ina Samkov\u00e1, redaktorka \u010cT<br \/>&#8212;&#8212;&#8212;&#8212;&#8212;&#8212;&#8211;<br \/>Samotn\u00e1 v\u00fd\u0161e m\u011bs\u00ed\u010dn\u00ed d\u00e1vky pak z\u00e1vis\u00ed na tom, jak rychleji rodi\u010de \u010derpaj\u00ed zv\u00fd\u0161en\u00ed z\u00e1kladn\u00edho p\u0159\u00edsp\u011bvku o 50 000 je i z\u00e1stupci koalice ozna\u010dov\u00e1no jako kompromis.<br \/><br \/>Jan Bauer, \u010dlen sn\u011bmovn\u00edho soci\u00e1ln\u00edho v\u00fdboru \/ODS\/<br \/>&#8212;&#8212;&#8212;&#8212;&#8212;&#8212;&#8211;<br \/>Kdy\u017e se rodil vl\u00e1dn\u00ed konsolida\u010dn\u00ed bal\u00ed\u010dek, tak se p\u0159i\u0161lo s n\u00e1vrhem, jestli bychom se nem\u011bli pod\u00edvat na rodi\u010d\u00e1k, co\u017e nen\u00ed \u00fasporn\u00e9 opat\u0159en\u00ed, a je to v\u00fddajov\u00e1 str\u00e1nka rozpo\u010dtu. Hovo\u0159ilo se o tom, \u017ee bu\u010f nebudeme zvy\u0161ovat v\u016fbec, pokud ano, tak se vedla dlouh\u00e1 diskuze, o kolik to bude.<br \/><br \/>Olga RICHTEROV\u00c1, m\u00edstop\u0159edsedkyn\u011b Poslaneck\u00e9 sn\u011bmovny \/Pir\u00e1ti\/<br \/>&#8212;&#8212;&#8212;&#8212;&#8212;&#8212;&#8211;<br \/>V\u00edme, \u017ee to nedorovn\u00e1v\u00e1 tu plnou hodnotu propadu. Ta byla 100 000 K\u010d. To, o co rodi\u010de v re\u00e1ln\u00e9 hodnot\u011b bohu\u017eel zat\u00edm kv\u016fli inflaci p\u0159i\u0161li, nicm\u00e9n\u011b celkov\u011b to d\u016fle\u017eit\u00e9 se stalo. Rodi\u010dovsk\u00fd p\u0159\u00edsp\u011bvek od p\u0159\u00ed\u0161t\u00edho roku bude nav\u00fd\u0161en\u00fd.<br \/><br \/>Kate\u0159ina Samkov\u00e1, redaktorka \u010cT<br \/>&#8212;&#8212;&#8212;&#8212;&#8212;&#8212;&#8211;<br \/>Podle opozice by m\u011blo b\u00fdt zv\u00fd\u0161en\u00ed rodi\u010dovsk\u00e9ho p\u0159\u00edsp\u011bvku v\u00fdrazn\u011bj\u0161\u00ed. Jej\u00edm z\u00e1stupc\u016fm se nav\u00edc nel\u00edb\u00ed, \u017ee zv\u00fd\u0161enou d\u00e1vku budou dost\u00e1vat jen rodiny d\u011bt\u00ed, kter\u00e9 se narodily po Nov\u00e9m roce.<br \/><br \/>Lucie \u0160afr\u00e1nkov\u00e1, m\u00edstop\u0159edsedkyn\u011b sn\u011bmovn\u00edho soci\u00e1ln\u00edho v\u00fdboru \/SPD\/<br \/>&#8212;&#8212;&#8212;&#8212;&#8212;&#8212;&#8211;<br \/>Zv\u00fd\u0161en\u00ed rodi\u010dovsk\u00e9ho p\u0159\u00edsp\u011bvku o 50 000 K\u010d pouze d\u011btem narozen\u00fdm od toho ledna 2024 je naprosto diskrimina\u010dn\u00ed z\u00e1le\u017eitost.<br \/><br \/>Ale\u0161 Juchelka, \u010dlen sn\u011bmovn\u00edho soci\u00e1ln\u00edho v\u00fdboru \/ANO\/<br \/>&#8212;&#8212;&#8212;&#8212;&#8212;&#8212;&#8211;<br \/>Jsme samoz\u0159ejm\u011b hlasovali pro nav\u00fd\u0161en\u00ed rodi\u010d\u00e1ku alespo\u0148 o t\u011bch 50 000 K\u010d, za m\u011b je to samoz\u0159ejm\u011b m\u00e1lo, je to m\u00e9n\u011b ne\u017e skute\u010dn\u011b ta hodnota toho rodi\u010d\u00e1ku, kterou ta inflace se\u017erala.<br \/><br \/>Kate\u0159ina Samkov\u00e1, redaktorka \u010cT<br \/>&#8212;&#8212;&#8212;&#8212;&#8212;&#8212;&#8211;<br \/>Z\u00e1rove\u0148 se m\u00e1 podle n\u00e1vrhu, kter\u00fd pro\u0161el sn\u011bmovnou, zkr\u00e1tit maxim\u00e1ln\u00ed doba \u010derp\u00e1n\u00ed p\u0159\u00edsp\u011bvku ze \u010dty\u0159 na t\u0159i roky. <\/p>\n\n\n\n<p>\u010cesk\u00e1 televize.<br \/><\/p>\n","protected":false},"excerpt":{"rendered":"<div class=\"mh-excerpt\"><p>O 50 000 na celkov\u00fdch 350 000 K\u010d se m\u00e1 od p\u0159\u00ed\u0161t\u00edho roku zvednout rodi\u010dovsk\u00fd p\u0159\u00edsp\u011bvek, nav\u00fd\u0161en\u00ed se ale bude t\u00fdkat jenom d\u011bt\u00ed narozen\u00fdch od <a class=\"mh-excerpt-more\" href=\"https:\/\/www.invarena.cz\/?p=43252\" title=\"Zv\u00fd\u0161en\u00ed rodi\u010dovsk\u00e9ho p\u0159\u00edsp\u011bvku\u00a0\u00a0\">[&#8230;]<\/a><\/p>\n<\/div>","protected":false},"author":1,"featured_media":600,"comment_status":"open","ping_status":"closed","sticky":false,"template":"","format":"standard","meta":{"footnotes":""},"categories":[1],"tags":[],"class_list":["post-43252","post","type-post","status-publish","format-standard","has-post-thumbnail","hentry","category-nezarazene"],"_links":{"self":[{"href":"https:\/\/www.invarena.cz\/index.php?rest_route=\/wp\/v2\/posts\/43252","targetHints":{"allow":["GET"]}}],"collection":[{"href":"https:\/\/www.invarena.cz\/index.php?rest_route=\/wp\/v2\/posts"}],"about":[{"href":"https:\/\/www.invarena.cz\/index.php?rest_route=\/wp\/v2\/types\/post"}],"author":[{"embeddable":true,"href":"https:\/\/www.invarena.cz\/index.php?rest_route=\/wp\/v2\/users\/1"}],"replies":[{"embeddable":true,"href":"https:\/\/www.invarena.cz\/index.php?rest_route=%2Fwp%2Fv2%2Fcomments&post=43252"}],"version-history":[{"count":0,"href":"https:\/\/www.invarena.cz\/index.php?rest_route=\/wp\/v2\/posts\/43252\/revisions"}],"wp:featuredmedia":[{"embeddable":true,"href":"https:\/\/www.invarena.cz\/index.php?rest_route=\/wp\/v2\/media\/600"}],"wp:attachment":[{"href":"https:\/\/www.invarena.cz\/index.php?rest_route=%2Fwp%2Fv2%2Fmedia&parent=43252"}],"wp:term":[{"taxonomy":"category","embeddable":true,"href":"https:\/\/www.invarena.cz\/index.php?rest_route=%2Fwp%2Fv2%2Fcategories&post=43252"},{"taxonomy":"post_tag","embeddable":true,"href":"https:\/\/www.invarena.cz\/index.php?rest_route=%2Fwp%2Fv2%2Ftags&post=43252"}],"curies":[{"name":"wp","href":"https:\/\/api.w.org\/{rel}","templated":true}]}}