{"id":43254,"date":"2023-10-30T07:23:51","date_gmt":"2023-10-30T06:23:51","guid":{"rendered":"https:\/\/www.invarena.cz\/?p=43254"},"modified":"2023-10-30T07:23:54","modified_gmt":"2023-10-30T06:23:54","slug":"platy-pracovniku-v-socialnich-sluzbach","status":"publish","type":"post","link":"https:\/\/www.invarena.cz\/?p=43254","title":{"rendered":"Platy pracovn\u00edk\u016f v soci\u00e1ln\u00edch slu\u017eb\u00e1ch\u00a0\u00a0"},"content":{"rendered":"\n<p>Odbory pracovn\u00edk\u016f v soci\u00e1ln\u00edch slu\u017eb\u00e1ch \u017e\u00e1daj\u00ed r\u016fst plat\u016f i mezd, tarifn\u00ed platy cht\u011bj\u00ed nav\u00fd\u0161it o 15 %, minim\u00e1ln\u00ed mzdu pak o 2 200 K\u010d. V oboru dlouhodob\u011b chyb\u00ed zam\u011bstnanci, podle odbor\u00e1\u0159\u016f za to m\u016f\u017ee pr\u00e1v\u011b n\u00edzk\u00e9 ohodnocen\u00ed v kombinaci s psychickou a fyzickou n\u00e1ro\u010dnost\u00ed zam\u011bstn\u00e1n\u00ed.<br \/><br \/>\u010cT 1\u00a0&#8211; Ud\u00e1losti v regionech jihoz\u00e1padn\u00ed \u010cechy<br \/>&#8212;&#8212;&#8212;&#8212;&#8212;&#8212;&#8211;<br \/>Asistenta d\u011bl\u00e1 \u0160t\u011bp\u00e1n Freiberg 12 let. T\u0159eba s Kubou Neubertem tr\u00e1v\u00ed i 10 hodin denn\u011b.<br \/><br \/>Kuba NEUBERT,<br \/>&#8212;&#8212;&#8212;&#8212;&#8212;&#8212;&#8211;<br \/>R\u00e1no vst\u00e1v\u00e1n\u00ed, potom pomoc p\u0159i n\u011bjak\u00fd pr\u00e1ci, doprovod na n\u011bjak\u00fd sch\u016fzky, to jsou jako v\u011bci, kdy ten asistent je nezastupitelnej.<br \/><br \/>\u0160t\u011bp\u00e1n FREIBERG, osobn\u00ed asistent<br \/>&#8212;&#8212;&#8212;&#8212;&#8212;&#8212;&#8211;<br \/>B\u00fdv\u00e1 to fyzicky n\u00e1ro\u010dn\u00fd, n\u011bkdy je to hor\u0161\u00ed po psychick\u00fd str\u00e1nce, \u017ee to \u010dlov\u011bk jako mus\u00ed zvl\u00e1dat i jinak.<br \/><br \/>Nat\u00e1lie LO\u0160KOV\u00c1, redaktorka<br \/>&#8212;&#8212;&#8212;&#8212;&#8212;&#8212;&#8211;<br \/>M\u011bs\u00ed\u010dn\u011b vyd\u011bl\u00e1 okolo 35 000 K\u010d, pracovat ale mus\u00ed i 200 hodin.<br \/><br \/>\u0160t\u011bp\u00e1n FREIBERG, osobn\u00ed asistent<br \/>&#8212;&#8212;&#8212;&#8212;&#8212;&#8212;&#8211;<br \/>Jako rozhodn\u011b to nen\u00ed na to, aby \u010dlov\u011bk n\u011bco u\u0161et\u0159il. Nedok\u00e1\u017eu si p\u0159edstavit, \u017ee bych m\u011bl rodinu, to asi v\u016fbec.<br \/><br \/>Vladim\u00edra \u0160\u00cdSTKOV\u00c1, pe\u010dovatelka, Domov pro seniory<br \/>&#8212;&#8212;&#8212;&#8212;&#8212;&#8212;&#8211;<br \/>Dobr\u00fd den. Jak jste se naob\u011bdvaly, d\u011bv\u010data, chutnalo?<br \/><br \/>Nat\u00e1lie LO\u0160KOV\u00c1, redaktorka<br \/>&#8212;&#8212;&#8212;&#8212;&#8212;&#8212;&#8211;<br \/>A tohle je Vladim\u00edra \u0160\u00edstkov\u00e1. I se 17letou prax\u00ed v domov\u011b pro seniory jej\u00ed tabulkov\u00fd plat dos\u00e1hne na 26 000 K\u010d \u010dist\u00e9ho.<br \/><br \/>Vladim\u00edra \u0160\u00cdSTKOV\u00c1, pe\u010dovatelka, Domov pro seniory<br \/>&#8212;&#8212;&#8212;&#8212;&#8212;&#8212;&#8211;<br \/>D\u011bl\u00e1me o sobot\u00e1ch, o ned\u011bl\u00edch, ve v\u0161edn\u00ed dny, ve sm\u011bnn\u00e9m provozu. A prakticky spole\u010dnost nedoce\u0148uje tuto na\u0161\u00ed pr\u00e1ci.<br \/><br \/>Alena PAKOSTOV\u00c1, z\u00e1stupkyn\u011b \u0159editelky, Domov pro seniory<br \/>&#8212;&#8212;&#8212;&#8212;&#8212;&#8212;&#8211;<br \/>My se sna\u017e\u00edme na\u0161e zam\u011bstnance ocenit osobn\u00edm ohodnocen\u00edm, p\u0159\u00edpadn\u011b odm\u011bnami. Sehnat n\u011bkoho, kdo by cht\u011bl tuto pr\u00e1ci vykon\u00e1vat, v\u016fbec nen\u00ed jednoduch\u00e9.<br \/><br \/>Nat\u00e1lie LO\u0160KOV\u00c1, redaktorka<br \/>&#8212;&#8212;&#8212;&#8212;&#8212;&#8212;&#8211;<br \/>Pr\u00e1v\u011b odliv zam\u011bstnanc\u016f je podle odbor\u016f nejv\u011bt\u0161\u00ed probl\u00e9m. Po\u017eaduj\u00ed proto nav\u00fd\u0161en\u00ed objemu pen\u011bz o 3,5 miliardy korun.<br \/><br \/>Dagmar \u017dITN\u00cdKOV\u00c1, p\u0159edsedkyn\u011b, Odborov\u00fd svaz zdravotnictv\u00ed a soci\u00e1ln\u00ed p\u00e9\u010de<br \/>&#8212;&#8212;&#8212;&#8212;&#8212;&#8212;&#8211;<br \/>V platov\u00e9 oblasti formou zv\u00fd\u0161en\u00ed platov\u00fdch tarif\u016f o 15 % a ve mzdov\u00e9 oblasti prost\u0159ednictv\u00edm nav\u00fd\u0161en\u00ed t\u011bch zaru\u010den\u00fdch mezd.<br \/><br \/>Stanislav KLIK, vrchn\u00ed \u0159editel ekonomick\u00e9 a provozn\u00ed sekce,\u00a0<strong>MPSV<\/strong>\u00a0\u010cR \/25. 10. 2023\/<br \/>&#8212;&#8212;&#8212;&#8212;&#8212;&#8212;&#8211;<br \/>Zat\u00edm nen\u00ed politick\u00e1 shoda na tom, aby se tabulky od 1. ledna zvy\u0161ovaly. Jakkoliv je pot\u0159eba si \u0159\u00edct, \u017ee samoz\u0159ejm\u011b vn\u00edm\u00e1me kontext, vn\u00edm\u00e1me ekonomickou situaci, z\u00e1rove\u0148 ale vn\u00edm\u00e1me i fisk\u00e1ln\u00ed situaci a ten rozpo\u010dtov\u00fd dopad by samoz\u0159ejm\u011b nebyl v\u016fbec mal\u00fd.<br \/><br \/>Nat\u00e1lie LO\u0160KOV\u00c1, redaktorka<br \/>&#8212;&#8212;&#8212;&#8212;&#8212;&#8212;&#8211;<br \/>Podle ministerstva budou ale jedn\u00e1n\u00ed d\u00e1l pokra\u010dovat, o situaci by m\u011bli odbor\u00e1\u0159i mluvit taky v nejbli\u017e\u0161\u00edch t\u00fddnech s vl\u00e1dou. <\/p>\n\n\n\n<p>\u010cesk\u00e1 televize.<\/p>\n\n\n\n<p><\/p>\n","protected":false},"excerpt":{"rendered":"<div class=\"mh-excerpt\"><p>Odbory pracovn\u00edk\u016f v soci\u00e1ln\u00edch slu\u017eb\u00e1ch \u017e\u00e1daj\u00ed r\u016fst plat\u016f i mezd, tarifn\u00ed platy cht\u011bj\u00ed nav\u00fd\u0161it o 15 %, minim\u00e1ln\u00ed mzdu pak o 2 200 K\u010d. V <a class=\"mh-excerpt-more\" href=\"https:\/\/www.invarena.cz\/?p=43254\" title=\"Platy pracovn\u00edk\u016f v soci\u00e1ln\u00edch slu\u017eb\u00e1ch\u00a0\u00a0\">[&#8230;]<\/a><\/p>\n<\/div>","protected":false},"author":1,"featured_media":17814,"comment_status":"open","ping_status":"closed","sticky":false,"template":"","format":"standard","meta":{"footnotes":""},"categories":[1],"tags":[],"class_list":["post-43254","post","type-post","status-publish","format-standard","has-post-thumbnail","hentry","category-nezarazene"],"_links":{"self":[{"href":"https:\/\/www.invarena.cz\/index.php?rest_route=\/wp\/v2\/posts\/43254","targetHints":{"allow":["GET"]}}],"collection":[{"href":"https:\/\/www.invarena.cz\/index.php?rest_route=\/wp\/v2\/posts"}],"about":[{"href":"https:\/\/www.invarena.cz\/index.php?rest_route=\/wp\/v2\/types\/post"}],"author":[{"embeddable":true,"href":"https:\/\/www.invarena.cz\/index.php?rest_route=\/wp\/v2\/users\/1"}],"replies":[{"embeddable":true,"href":"https:\/\/www.invarena.cz\/index.php?rest_route=%2Fwp%2Fv2%2Fcomments&post=43254"}],"version-history":[{"count":0,"href":"https:\/\/www.invarena.cz\/index.php?rest_route=\/wp\/v2\/posts\/43254\/revisions"}],"wp:featuredmedia":[{"embeddable":true,"href":"https:\/\/www.invarena.cz\/index.php?rest_route=\/wp\/v2\/media\/17814"}],"wp:attachment":[{"href":"https:\/\/www.invarena.cz\/index.php?rest_route=%2Fwp%2Fv2%2Fmedia&parent=43254"}],"wp:term":[{"taxonomy":"category","embeddable":true,"href":"https:\/\/www.invarena.cz\/index.php?rest_route=%2Fwp%2Fv2%2Fcategories&post=43254"},{"taxonomy":"post_tag","embeddable":true,"href":"https:\/\/www.invarena.cz\/index.php?rest_route=%2Fwp%2Fv2%2Ftags&post=43254"}],"curies":[{"name":"wp","href":"https:\/\/api.w.org\/{rel}","templated":true}]}}