{"id":43257,"date":"2023-10-30T05:32:00","date_gmt":"2023-10-30T04:32:00","guid":{"rendered":"https:\/\/www.invarena.cz\/?p=43257"},"modified":"2023-10-30T08:04:03","modified_gmt":"2023-10-30T07:04:03","slug":"projekt-stravenka","status":"publish","type":"post","link":"https:\/\/www.invarena.cz\/?p=43257","title":{"rendered":"Projekt stravenka"},"content":{"rendered":"\n<p>V Ostrav\u011b V\u00edtkovic\u00edch bude pokra\u010dovat projekt stravenka i v zim\u011b. Bezdomovci si tak ve\u0159ejn\u00fdmi pracemi vyd\u011bl\u00e1vaj\u00ed pen\u00edze na pouk\u00e1zku na n\u00e1kup j\u00eddla, nej\u010dast\u011bji jde o \u00faklid nebo sb\u00edr\u00e1n\u00ed odpadk\u016f. Podle radnice je v chladn\u011bj\u0161\u00edm po\u010das\u00ed o stravenku v\u011bt\u0161\u00ed z\u00e1jem.<\/p>\n\n\n\n<p>Nat\u00e1lie Flaj\u017e\u00edkov\u00e1, redaktorka<br \/>&#8212;&#8212;&#8212;&#8212;&#8212;&#8212;&#8211;<br \/>C\u00edlem stravenky je zapojit osoby bez domova do pracovn\u00edho procesu, aby pomohli ve V\u00edtkovic\u00edch s udr\u017eov\u00e1n\u00edm po\u0159\u00e1dku. Podle starosty Richarda \u010cerm\u00e1ka z hnut\u00ed Ostravak na projekt reaguj\u00ed pozitivn\u011b i samotn\u00ed klienti charity. <\/p>\n\n\n\n<p> \u010cesk\u00fd rozhlas.<\/p>\n","protected":false},"excerpt":{"rendered":"<div class=\"mh-excerpt\"><p>V Ostrav\u011b V\u00edtkovic\u00edch bude pokra\u010dovat projekt stravenka i v zim\u011b. Bezdomovci si tak ve\u0159ejn\u00fdmi pracemi vyd\u011bl\u00e1vaj\u00ed pen\u00edze na pouk\u00e1zku na n\u00e1kup j\u00eddla, nej\u010dast\u011bji jde o <a class=\"mh-excerpt-more\" href=\"https:\/\/www.invarena.cz\/?p=43257\" title=\"Projekt stravenka\">[&#8230;]<\/a><\/p>\n<\/div>","protected":false},"author":1,"featured_media":3558,"comment_status":"open","ping_status":"closed","sticky":false,"template":"","format":"standard","meta":{"footnotes":""},"categories":[7],"tags":[],"class_list":["post-43257","post","type-post","status-publish","format-standard","has-post-thumbnail","hentry","category-spolecnost"],"_links":{"self":[{"href":"https:\/\/www.invarena.cz\/index.php?rest_route=\/wp\/v2\/posts\/43257","targetHints":{"allow":["GET"]}}],"collection":[{"href":"https:\/\/www.invarena.cz\/index.php?rest_route=\/wp\/v2\/posts"}],"about":[{"href":"https:\/\/www.invarena.cz\/index.php?rest_route=\/wp\/v2\/types\/post"}],"author":[{"embeddable":true,"href":"https:\/\/www.invarena.cz\/index.php?rest_route=\/wp\/v2\/users\/1"}],"replies":[{"embeddable":true,"href":"https:\/\/www.invarena.cz\/index.php?rest_route=%2Fwp%2Fv2%2Fcomments&post=43257"}],"version-history":[{"count":0,"href":"https:\/\/www.invarena.cz\/index.php?rest_route=\/wp\/v2\/posts\/43257\/revisions"}],"wp:featuredmedia":[{"embeddable":true,"href":"https:\/\/www.invarena.cz\/index.php?rest_route=\/wp\/v2\/media\/3558"}],"wp:attachment":[{"href":"https:\/\/www.invarena.cz\/index.php?rest_route=%2Fwp%2Fv2%2Fmedia&parent=43257"}],"wp:term":[{"taxonomy":"category","embeddable":true,"href":"https:\/\/www.invarena.cz\/index.php?rest_route=%2Fwp%2Fv2%2Fcategories&post=43257"},{"taxonomy":"post_tag","embeddable":true,"href":"https:\/\/www.invarena.cz\/index.php?rest_route=%2Fwp%2Fv2%2Ftags&post=43257"}],"curies":[{"name":"wp","href":"https:\/\/api.w.org\/{rel}","templated":true}]}}