{"id":43265,"date":"2023-10-30T07:49:38","date_gmt":"2023-10-30T06:49:38","guid":{"rendered":"https:\/\/www.invarena.cz\/?p=43265"},"modified":"2023-10-30T07:49:42","modified_gmt":"2023-10-30T06:49:42","slug":"zvysovani-prispevku-na-peci","status":"publish","type":"post","link":"https:\/\/www.invarena.cz\/?p=43265","title":{"rendered":"Zvy\u0161ov\u00e1n\u00ed p\u0159\u00edsp\u011bvk\u016f na p\u00e9\u010di\u00a0\u00a0"},"content":{"rendered":"\n<p>Nejpozd\u011bji od p\u0159\u00ed\u0161t\u00edho l\u00e9ta po\u010d\u00edt\u00e1\u00a0<strong>ministr<\/strong>\u00a0<strong>pr\u00e1ce<\/strong>\u00a0se zvy\u0161ov\u00e1n\u00edm p\u0159\u00edsp\u011bvku na p\u00e9\u010di. O mo\u017en\u00fdch variant\u00e1ch \u00faprav chce v koalici je\u0161t\u011b jednat. Nevylou\u010dil, \u017ee by jednotliv\u00e9 d\u00e1vky mohly r\u016fst zhruba o desetinu. Letos do konce z\u00e1\u0159\u00ed \u00fa\u0159ady pr\u00e1ce vyplatily p\u0159es 3 300 000 p\u0159\u00edsp\u011bvk\u016f p\u0159esahuj\u00edc\u00edch 26 miliard korun.<br \/><br \/>\u010cT 1\u00a0&#8211; Ud\u00e1losti<br \/>&#8212;&#8212;&#8212;&#8212;&#8212;&#8212;&#8211;<br \/>I p\u0159es sv\u016fj handicap se sna\u017e\u00ed b\u00fdt co nejv\u00edce samostatn\u00e1. \u0160\u00e1rka \u0160t\u011brbov\u00e1 pracuje, bydl\u00ed sama, po\u0159\u00eddila si i psa. Bez pomoci asistent\u016f se ale neobejde. Pom\u00e1haj\u00ed j\u00ed se z\u00e1kladn\u00edmi v\u011bcmi, jako dostat se z postele, s hygienou nebo t\u0159eba s p\u0159\u00edpravou j\u00eddla.<br \/><br \/>\u0160\u00e1rka \u0160t\u011brbov\u00e1, \u017eena s handicapem<br \/>&#8212;&#8212;&#8212;&#8212;&#8212;&#8212;&#8211;<br \/>Asistence de facto mn\u011b umo\u017e\u0148uje \u017e\u00edt si sv\u00fdm \u017eivotem.<br \/><br \/>Kate\u0159ina Samkov\u00e1, redaktorka \u010cT<br \/>&#8212;&#8212;&#8212;&#8212;&#8212;&#8212;&#8211;<br \/>Na jej\u00ed \u00fahradu pou\u017e\u00edv\u00e1 hlavn\u011b p\u0159\u00edsp\u011bvek na p\u00e9\u010di. P\u0159iznan\u00fd ho m\u00e1 v nejvy\u0161\u0161\u00edm stupni. Ani ten ale ne v\u017edy sta\u010d\u00ed. Celkov\u011b se vypl\u00e1c\u00ed ve \u010dty\u0159ech kategori\u00edch. Pr\u00e1v\u011b podle stupn\u011b z\u00e1vislosti, krom\u011b \u010dtvrt\u00e9ho, tedy toho nejt\u011b\u017e\u0161\u00edho, se li\u0161\u00ed u d\u011bt\u00ed a dosp\u011bl\u00fdch. Nerozli\u0161uje se naopak, jestli je jeho p\u0159\u00edjemce v dom\u00e1c\u00edm prost\u0159ed\u00ed, anebo klientem pobytov\u00e9 soci\u00e1ln\u00ed slu\u017eby.<br \/><br \/>Marian Jure\u010dka,\u00a0<strong>ministr<\/strong>\u00a0<strong>pr\u00e1ce<\/strong>\u00a0a soci\u00e1ln\u00edch v\u011bc\u00ed, p\u0159edseda strany \/KDU-\u010cSL\/<br \/>&#8212;&#8212;&#8212;&#8212;&#8212;&#8212;&#8211;<br \/>P\u0159edpokl\u00e1d\u00e1m, \u017ee bychom p\u0159\u00edsp\u011bvek na p\u00e9\u010di zv\u00fd\u0161ili nejpozd\u011bji od 1. 7. p\u0159\u00ed\u0161t\u00edho roku. Za sebe by osobn\u011b d\u00e1l je\u0161t\u011b r\u00e1d v\u011bt\u0161\u00ed d\u016fraz na podporu ter\u00e9nn\u00ed p\u00e9\u010de, abychom opravdu mohli lidi, kte\u0159\u00ed mohou b\u00fdt doma ve sv\u00e9m p\u0159irozen\u00e9m prost\u0159ed\u00ed, je\u0161t\u011b v\u00edce podpo\u0159it.<br \/><br \/>Jan Bauer, \u010dlen sn\u011bmovn\u00edho soci\u00e1ln\u00edho v\u00fdboru \/ODS\/<br \/>&#8212;&#8212;&#8212;&#8212;&#8212;&#8212;&#8211;<br \/>Pokud m\u00e1me vysokou inflaci a n\u011bkter\u00e9 d\u00e1vky, a te\u010f to neplat\u00ed pouze u toho p\u0159\u00edsp\u011bvku, nejsou valorizov\u00e1ny, tak by se s t\u00edm n\u011bco m\u011blo d\u011blat, tak\u017ee j\u00e1 se nebr\u00e1n\u00edm t\u00e9 diskuzi.<br \/><br \/>Pavla Pivo\u0148ka Va\u0148kov\u00e1, m\u00edstop\u0159edsedkyn\u011b sn\u011bmovn\u00edho soci\u00e1ln\u00edho v\u00fdboru \/STAN\/<br \/>&#8212;&#8212;&#8212;&#8212;&#8212;&#8212;&#8211;<br \/>Je\u0161t\u011b se ta varianta koali\u010dn\u011b vyjedn\u00e1v\u00e1, cht\u011bli bychom navy\u0161ovat v\u0161echny stupn\u011b.<br \/><br \/>Kate\u0159ina Samkov\u00e1, redaktorka \u010cT<br \/>&#8212;&#8212;&#8212;&#8212;&#8212;&#8212;&#8211;<br \/>Na pot\u0159ebu zv\u00fd\u0161en\u00ed p\u0159\u00edsp\u011bvku na p\u00e9\u010di ve sn\u011bmovn\u011b upozor\u0148uje i opozice. Jak z\u00e1stupci hnut\u00ed ANO, tak SPD u\u017e kv\u016fli tomu p\u0159ipravili vlastn\u00ed n\u00e1vrhy.<br \/><br \/>Ale\u0161 Juchelka, \u010dlen sn\u011bmovn\u00edho soci\u00e1ln\u00edho v\u00fdboru \/ANO\/<br \/>&#8212;&#8212;&#8212;&#8212;&#8212;&#8212;&#8211;<br \/>Navrhujeme zhruba o 10 %. Ty konkr\u00e9tn\u00ed \u010d\u00e1stky by se m\u011bly zv\u00fd\u0161it ve v\u0161ech stupn\u00edch od jedni\u010dky do \u010dty\u0159ky.<br \/><br \/>Lucie \u0160afr\u00e1nkov\u00e1, m\u00edstop\u0159edsedkyn\u011b sn\u011bmovn\u00edho soci\u00e1ln\u00edho v\u00fdboru \/SPD\/<br \/>&#8212;&#8212;&#8212;&#8212;&#8212;&#8212;&#8211;<br \/>Je pot\u0159eba se zam\u011b\u0159it na ob\u011b dv\u011b varianty, jak na dom\u00e1c\u00ed p\u00e9\u010di, tak na pobytovou, ale opravdu nejkriti\u010dt\u011bj\u0161\u00ed situace je u lid\u00ed, kter\u00e9 jsou v dom\u00e1c\u00ed p\u00e9\u010di.<br \/><br \/>redaktorka \u010cT<br \/>&#8212;&#8212;&#8212;&#8212;&#8212;&#8212;&#8211;<br \/>Z\u00e1rove\u0148 chce ministry jednat i o zaveden\u00ed tzv. p\u00e1t\u00e9ho stupn\u011b. Ten by byl ur\u010den\u00fd pro lidi, kte\u0159\u00ed pot\u0159ebuj\u00ed je\u0161t\u011b intenzivn\u011bj\u0161\u00ed asistenci. <\/p>\n\n\n\n<p>\u010cesk\u00e1 televize.<br \/><\/p>\n","protected":false},"excerpt":{"rendered":"<div class=\"mh-excerpt\"><p>Nejpozd\u011bji od p\u0159\u00ed\u0161t\u00edho l\u00e9ta po\u010d\u00edt\u00e1\u00a0ministr\u00a0pr\u00e1ce\u00a0se zvy\u0161ov\u00e1n\u00edm p\u0159\u00edsp\u011bvku na p\u00e9\u010di. O mo\u017en\u00fdch variant\u00e1ch \u00faprav chce v koalici je\u0161t\u011b jednat. Nevylou\u010dil, \u017ee by jednotliv\u00e9 d\u00e1vky mohly r\u016fst <a class=\"mh-excerpt-more\" href=\"https:\/\/www.invarena.cz\/?p=43265\" title=\"Zvy\u0161ov\u00e1n\u00ed p\u0159\u00edsp\u011bvk\u016f na p\u00e9\u010di\u00a0\u00a0\">[&#8230;]<\/a><\/p>\n<\/div>","protected":false},"author":1,"featured_media":19202,"comment_status":"open","ping_status":"closed","sticky":false,"template":"","format":"standard","meta":{"footnotes":""},"categories":[6],"tags":[],"class_list":["post-43265","post","type-post","status-publish","format-standard","has-post-thumbnail","hentry","category-politika"],"_links":{"self":[{"href":"https:\/\/www.invarena.cz\/index.php?rest_route=\/wp\/v2\/posts\/43265","targetHints":{"allow":["GET"]}}],"collection":[{"href":"https:\/\/www.invarena.cz\/index.php?rest_route=\/wp\/v2\/posts"}],"about":[{"href":"https:\/\/www.invarena.cz\/index.php?rest_route=\/wp\/v2\/types\/post"}],"author":[{"embeddable":true,"href":"https:\/\/www.invarena.cz\/index.php?rest_route=\/wp\/v2\/users\/1"}],"replies":[{"embeddable":true,"href":"https:\/\/www.invarena.cz\/index.php?rest_route=%2Fwp%2Fv2%2Fcomments&post=43265"}],"version-history":[{"count":0,"href":"https:\/\/www.invarena.cz\/index.php?rest_route=\/wp\/v2\/posts\/43265\/revisions"}],"wp:featuredmedia":[{"embeddable":true,"href":"https:\/\/www.invarena.cz\/index.php?rest_route=\/wp\/v2\/media\/19202"}],"wp:attachment":[{"href":"https:\/\/www.invarena.cz\/index.php?rest_route=%2Fwp%2Fv2%2Fmedia&parent=43265"}],"wp:term":[{"taxonomy":"category","embeddable":true,"href":"https:\/\/www.invarena.cz\/index.php?rest_route=%2Fwp%2Fv2%2Fcategories&post=43265"},{"taxonomy":"post_tag","embeddable":true,"href":"https:\/\/www.invarena.cz\/index.php?rest_route=%2Fwp%2Fv2%2Ftags&post=43265"}],"curies":[{"name":"wp","href":"https:\/\/api.w.org\/{rel}","templated":true}]}}