{"id":43275,"date":"2023-10-31T02:25:28","date_gmt":"2023-10-31T01:25:28","guid":{"rendered":"https:\/\/www.invarena.cz\/?p=43275"},"modified":"2023-10-31T02:25:29","modified_gmt":"2023-10-31T01:25:29","slug":"prvni-centrum-tisnove-pece-pro-seniory-v-plzni","status":"publish","type":"post","link":"https:\/\/www.invarena.cz\/?p=43275","title":{"rendered":"Prvn\u00ed centrum t\u00eds\u0148ov\u00e9 p\u00e9\u010de pro seniory v Plzni\u00a0\u00a0"},"content":{"rendered":"\n<p>Prvn\u00ed centrum asistivn\u00edch technologi\u00ed pro seniory v \u010cesku vzniklo v Plzni, dal\u0161\u00ed kraje maj\u00ed n\u00e1sledovat. Pe\u010duj\u00edc\u00ed i samotn\u00ed klienti se v n\u011bm sezn\u00e1m\u00ed s n\u00e1stroji, kter\u00e9 pom\u00e1haj\u00ed zlep\u0161it kvalitu jejich \u017eivota. Speci\u00e1ln\u00ed pom\u016fcky senior\u016fm umo\u017en\u00ed prodlou\u017eit pobyt v dom\u00e1c\u00edm prost\u0159ed\u00ed bez pomoci druh\u00fdch, v p\u0159\u00edpad\u011b pot\u0159eby m\u016f\u017eou ale i zachr\u00e1nit \u017eivot.<br \/><br \/>\u010cT 1\u00a0&#8211; Ud\u00e1losti v regionech jihoz\u00e1padn\u00ed \u010cechy<br \/>&#8212;&#8212;&#8212;&#8212;&#8212;&#8212;&#8211;<br \/>Jedin\u00fdm stiskem zavol\u00e1 v p\u0159\u00edpad\u011b nouze dce\u0159i nebo vnu\u010dce. 88let\u00e1 Antonie Rabov\u00e1 dostala SOS tla\u010d\u00edtko pot\u00e9, co loni doma upadla a nemohla se zvednout. Od t\u00e9 doby ho vyu\u017eila u\u017e n\u011bkolikr\u00e1t.<br \/><br \/>Andrea HEJDOV\u00c1, dcera<br \/>&#8212;&#8212;&#8212;&#8212;&#8212;&#8212;&#8211;<br \/>I maminka jako o\u017eila, bych \u0159ekla, jo, a i kdy\u017e zapomene mobil nebo chod\u00ed po byt\u011b, mobil n\u011bkde le\u017e\u00ed, tak prost\u011b tohle m\u00e1 po\u0159\u00e1d nonstop u sebe.<br \/><br \/>Ond\u0159ej \u010cERN\u00dd, redaktor<br \/>&#8212;&#8212;&#8212;&#8212;&#8212;&#8212;&#8211;<br \/>Nov\u00e9 centrum ale nab\u00edz\u00ed i d\u016fmysln\u011bj\u0161\u00ed za\u0159\u00edzen\u00ed. Soustava \u010didel t\u0159eba pozn\u00e1, \u017ee senior zapomn\u011bl zav\u0159\u00edt dve\u0159e nebo vybo\u010dil ze sv\u00e9 rutiny. Pro oper\u00e1tory to je sign\u00e1l, \u017ee se mu mohlo n\u011bco st\u00e1t. D\u016fle\u017eit\u00e9 zastoupen\u00ed m\u00e1 i telemedic\u00edna. Sledov\u00e1n\u00ed zdravotn\u00edho stavu na d\u00e1lku, r\u016fzn\u00e9 p\u0159\u00edstroje m\u011b\u0159\u00ed a vyhodnocuj\u00ed t\u0159eba okysli\u010den\u00ed krve, jej\u00ed tlak nebo hladinu cukru.<br \/><br \/>Viktor KUB\u00c1T, m\u00edstop\u0159edseda, Dohled na dosah<br \/>&#8212;&#8212;&#8212;&#8212;&#8212;&#8212;&#8211;<br \/>Je mo\u017enost, \u017ee v\u0161echny data se odes\u00edlaj\u00ed k n\u00e1m do soci\u00e1ln\u00ed slu\u017eby, do t\u00eds\u0148ov\u00e9 p\u00e9\u010de, kde m\u016f\u017eeme dan\u00e1 data vyhodnocovat a p\u0159\u00edpadn\u011b na n\u011b reagovat tak, \u017ee upozorn\u00edme samotn\u00e9ho klienta, aby kontaktoval l\u00e9ka\u0159e.<br \/><br \/>Ond\u0159ej \u010cERN\u00dd, redaktor<br \/>&#8212;&#8212;&#8212;&#8212;&#8212;&#8212;&#8211;<br \/>S ohledem na vysokou cenu se p\u0159\u00edstroje obvykle pronaj\u00edmaj\u00ed, t\u0159eba nejlevn\u011bj\u0161\u00ed SOS tla\u010d\u00edtko vyjde na 450 K\u010d m\u011bs\u00ed\u010dn\u011b.<br \/><br \/>Marian JURE\u010cKA,\u00a0<strong>ministr<\/strong>\u00a0<strong>pr\u00e1ce<\/strong>\u00a0a soci\u00e1ln\u00edch v\u011bc\u00ed \/KDU-\u010cSL\/<br \/>&#8212;&#8212;&#8212;&#8212;&#8212;&#8212;&#8211;<br \/>P\u0159\u00edstroj na p\u00e9\u010di m\u016f\u017ee pou\u017e\u00edt i k \u00fahrad\u011b n\u011bjak\u00e9 polo\u017eky, kter\u00e1 je sou\u010d\u00e1st\u00ed pr\u00e1v\u011b t\u00e9 slu\u017eby.<br \/><br \/>Ond\u0159ej \u010cERN\u00dd, redaktor<br \/>&#8212;&#8212;&#8212;&#8212;&#8212;&#8212;&#8211;<br \/>A krom\u011b mo\u017enosti vyu\u017e\u00edv\u00e1n\u00ed modern\u00edch technologi\u00ed nab\u00edz\u00ed pomoc v nouzi i M\u011bstsk\u00e1 charita.<br \/><br \/>Pavel JANOU\u0160KOVEC, \u0159editel, M\u011bstsk\u00e1 charita Plze\u0148<br \/>&#8212;&#8212;&#8212;&#8212;&#8212;&#8212;&#8211;<br \/>To tla\u010d\u00edtko samo vyto\u010d\u00ed, \/nesrozumiteln\u00e9\/ na\u0161\u00ed sestru, potom spolupracujeme s m\u011bstskou polici\u00ed, my za nima i jezd\u00edme, je to sice telekontaktn\u00ed slu\u017eba, ale ti lid\u00e9 \u010dasto jsou osam\u011bl\u00ed.<br \/><br \/>Ond\u0159ej \u010cERN\u00dd, redaktor<br \/>&#8212;&#8212;&#8212;&#8212;&#8212;&#8212;&#8211;<br \/>Odm\u00edtat z\u00e1jemce zat\u00edm nemusej\u00ed, se st\u00e1rnut\u00edm populace se ale ob\u00e1vaj\u00ed v\u011bt\u0161\u00ed nutnosti podobn\u00e9 slu\u017eby poskytovat.<\/p>\n\n\n\n<p>\u010cesk\u00e1 televize, Plze\u0148.<br \/><\/p>\n","protected":false},"excerpt":{"rendered":"<div class=\"mh-excerpt\"><p>Prvn\u00ed centrum asistivn\u00edch technologi\u00ed pro seniory v \u010cesku vzniklo v Plzni, dal\u0161\u00ed kraje maj\u00ed n\u00e1sledovat. Pe\u010duj\u00edc\u00ed i samotn\u00ed klienti se v n\u011bm sezn\u00e1m\u00ed s n\u00e1stroji, <a class=\"mh-excerpt-more\" href=\"https:\/\/www.invarena.cz\/?p=43275\" title=\"Prvn\u00ed centrum t\u00eds\u0148ov\u00e9 p\u00e9\u010de pro seniory v Plzni\u00a0\u00a0\">[&#8230;]<\/a><\/p>\n<\/div>","protected":false},"author":1,"featured_media":17232,"comment_status":"open","ping_status":"closed","sticky":false,"template":"","format":"standard","meta":{"footnotes":""},"categories":[7],"tags":[],"class_list":["post-43275","post","type-post","status-publish","format-standard","has-post-thumbnail","hentry","category-spolecnost"],"_links":{"self":[{"href":"https:\/\/www.invarena.cz\/index.php?rest_route=\/wp\/v2\/posts\/43275","targetHints":{"allow":["GET"]}}],"collection":[{"href":"https:\/\/www.invarena.cz\/index.php?rest_route=\/wp\/v2\/posts"}],"about":[{"href":"https:\/\/www.invarena.cz\/index.php?rest_route=\/wp\/v2\/types\/post"}],"author":[{"embeddable":true,"href":"https:\/\/www.invarena.cz\/index.php?rest_route=\/wp\/v2\/users\/1"}],"replies":[{"embeddable":true,"href":"https:\/\/www.invarena.cz\/index.php?rest_route=%2Fwp%2Fv2%2Fcomments&post=43275"}],"version-history":[{"count":0,"href":"https:\/\/www.invarena.cz\/index.php?rest_route=\/wp\/v2\/posts\/43275\/revisions"}],"wp:featuredmedia":[{"embeddable":true,"href":"https:\/\/www.invarena.cz\/index.php?rest_route=\/wp\/v2\/media\/17232"}],"wp:attachment":[{"href":"https:\/\/www.invarena.cz\/index.php?rest_route=%2Fwp%2Fv2%2Fmedia&parent=43275"}],"wp:term":[{"taxonomy":"category","embeddable":true,"href":"https:\/\/www.invarena.cz\/index.php?rest_route=%2Fwp%2Fv2%2Fcategories&post=43275"},{"taxonomy":"post_tag","embeddable":true,"href":"https:\/\/www.invarena.cz\/index.php?rest_route=%2Fwp%2Fv2%2Ftags&post=43275"}],"curies":[{"name":"wp","href":"https:\/\/api.w.org\/{rel}","templated":true}]}}