{"id":43309,"date":"2023-11-01T12:24:21","date_gmt":"2023-11-01T11:24:21","guid":{"rendered":"https:\/\/www.invarena.cz\/?p=43309"},"modified":"2023-11-01T12:24:21","modified_gmt":"2023-11-01T11:24:21","slug":"poradna-snizili-mi-stupen-invalidity-co-mohu-delat","status":"publish","type":"post","link":"https:\/\/www.invarena.cz\/?p=43309","title":{"rendered":"Poradna: Sn\u00ed\u017eili mi stupe\u0148 invalidity, co mohu d\u011blat?"},"content":{"rendered":"\n<p>Dotaz: <br \/>Pros\u00edm o radu. Jsem v invalidn\u00edm d\u016fchodu. 2kr\u00e1t byl potvrzen 3. stupe\u0148 invalidity na z\u00e1klad\u011b posudku. M\u016fj stav se hor\u0161\u00ed. Letos mi posudkov\u00fd l\u00e9ka\u0159 na z\u00e1klad\u011b obdobn\u00fdch posudku od m\u00e9ho l\u00e9ka\u0159e p\u0159iznal 2. st. ID. Jak m\u00e1m postupovat, abych m\u011bla d\u00e1le 3. stupe\u0148?<\/p>\n\n\n\n<p>ODPOV\u011a\u010e:<br \/>Pravd\u011bpodobn\u011b jste ji\u017e obdr\u017eela posudek o invalidit\u011b. Nyn\u00ed mus\u00edte<br \/>vy\u010dkat, a\u017e V\u00e1m \u010cSSZ doru\u010d\u00ed rozhodnut\u00ed, kter\u00e9 bude vyd\u00e1no na z\u00e1klad\u011b<br \/>posudku o invalidit\u011b. Proti rozhodnut\u00ed \u010cSSZ m\u016f\u017eete do t\u0159iceti dn\u016f od<br \/>jeho doru\u010den\u00ed podat n\u00e1mitky. Kam je nutn\u00e9 n\u00e1mitky zaslat, je uvedeno v<br \/>pou\u010den\u00ed o opravn\u00e9m prost\u0159edku, kter\u00e9 najdete na konci rozhodnut\u00ed \u010cSSZ. V<br \/>n\u00e1mitk\u00e1ch mus\u00edte uv\u00e9st, jak V\u00e1s va\u0161e zdravotn\u00ed posti\u017een\u00ed omezuje v<br \/>pracovn\u00ed \u010dinnosti a pokud je to mo\u017en\u00e9, p\u0159ilo\u017eit nov\u00e9 \u010di podrobn\u011bj\u0161\u00ed<br \/>l\u00e9ka\u0159sk\u00e9 zpr\u00e1vy od va\u0161ich odborn\u00fdch l\u00e9ka\u0159\u016f.<\/p>\n\n\n\n<p>Bc. V\u00e1clav Sm\u00ed\u0161ek<\/p>\n\n\n\n<p>redakce invArena<\/p>\n","protected":false},"excerpt":{"rendered":"<div class=\"mh-excerpt\"><p>Dotaz: Pros\u00edm o radu. Jsem v invalidn\u00edm d\u016fchodu. 2kr\u00e1t byl potvrzen 3. stupe\u0148 invalidity na z\u00e1klad\u011b posudku. M\u016fj stav se hor\u0161\u00ed. Letos mi posudkov\u00fd l\u00e9ka\u0159 <a class=\"mh-excerpt-more\" href=\"https:\/\/www.invarena.cz\/?p=43309\" title=\"Poradna: Sn\u00ed\u017eili mi stupe\u0148 invalidity, co mohu d\u011blat?\">[&#8230;]<\/a><\/p>\n<\/div>","protected":false},"author":1,"featured_media":24124,"comment_status":"open","ping_status":"closed","sticky":false,"template":"","format":"standard","meta":{"footnotes":""},"categories":[18],"tags":[],"class_list":["post-43309","post","type-post","status-publish","format-standard","has-post-thumbnail","hentry","category-poradna"],"_links":{"self":[{"href":"https:\/\/www.invarena.cz\/index.php?rest_route=\/wp\/v2\/posts\/43309","targetHints":{"allow":["GET"]}}],"collection":[{"href":"https:\/\/www.invarena.cz\/index.php?rest_route=\/wp\/v2\/posts"}],"about":[{"href":"https:\/\/www.invarena.cz\/index.php?rest_route=\/wp\/v2\/types\/post"}],"author":[{"embeddable":true,"href":"https:\/\/www.invarena.cz\/index.php?rest_route=\/wp\/v2\/users\/1"}],"replies":[{"embeddable":true,"href":"https:\/\/www.invarena.cz\/index.php?rest_route=%2Fwp%2Fv2%2Fcomments&post=43309"}],"version-history":[{"count":0,"href":"https:\/\/www.invarena.cz\/index.php?rest_route=\/wp\/v2\/posts\/43309\/revisions"}],"wp:featuredmedia":[{"embeddable":true,"href":"https:\/\/www.invarena.cz\/index.php?rest_route=\/wp\/v2\/media\/24124"}],"wp:attachment":[{"href":"https:\/\/www.invarena.cz\/index.php?rest_route=%2Fwp%2Fv2%2Fmedia&parent=43309"}],"wp:term":[{"taxonomy":"category","embeddable":true,"href":"https:\/\/www.invarena.cz\/index.php?rest_route=%2Fwp%2Fv2%2Fcategories&post=43309"},{"taxonomy":"post_tag","embeddable":true,"href":"https:\/\/www.invarena.cz\/index.php?rest_route=%2Fwp%2Fv2%2Ftags&post=43309"}],"curies":[{"name":"wp","href":"https:\/\/api.w.org\/{rel}","templated":true}]}}