{"id":43311,"date":"2023-10-31T16:30:13","date_gmt":"2023-10-31T15:30:13","guid":{"rendered":"https:\/\/www.invarena.cz\/?p=43311"},"modified":"2023-10-31T16:30:13","modified_gmt":"2023-10-31T15:30:13","slug":"materska-moznost-privydelku-druhe-miminko-a-dalsi-zajimave-informace","status":"publish","type":"post","link":"https:\/\/www.invarena.cz\/?p=43311","title":{"rendered":"\u201eMate\u0159sk\u00e1\u201c \u2013 mo\u017enost p\u0159iv\u00fdd\u011blku, druh\u00e9 miminko a dal\u0161\u00ed zaj\u00edmav\u00e9 informace"},"content":{"rendered":"\n<p><strong>\u010cesk\u00e1 spr\u00e1va soci\u00e1ln\u00edho zabezpe\u010den\u00ed (\u010cSSZ) dopl\u0148uje informace t\u00fdkaj\u00edc\u00ed se d\u00e1vky PEN\u011a\u017dIT\u00c1 POMOC V\u00a0MATE\u0158STV\u00cd (lidov\u011b MATE\u0158SK\u00c1, nebo\u0165 pokr\u00fdv\u00e1 obdob\u00ed mate\u0159sk\u00e9 dovolen\u00e9 v zam\u011bstn\u00e1n\u00ed) o situace, kdy maminka podruh\u00e9 ot\u011bhotn\u00ed, uva\u017euje o p\u0159iv\u00fdd\u011blku nebo kdy\u017e se rodina pot\u00fdk\u00e1 s\u00a0nemoc\u00ed.<\/strong><\/p>\n\n\n\n<p><strong>Podruh\u00e9 t\u011bhotn\u00e1<\/strong><\/p>\n\n\n\n<p>Pokud \u017eena pob\u00edr\u00e1 rodi\u010dovsk\u00fd p\u0159\u00edsp\u011bvek na prvn\u00ed d\u00edt\u011b, po\u017e\u00e1d\u00e1 ke dni p\u0159edch\u00e1zej\u00edc\u00edmu dni n\u00e1stupu na dal\u0161\u00ed pen\u011b\u017eitou pomoc v&nbsp;mate\u0159stv\u00ed (PPM) o jeho doplacen\u00ed.<\/p>\n\n\n\n<p>Pokud \u017een\u011b b\u011bhem mate\u0159sk\u00e9\/rodi\u010dovsk\u00e9 dovolen\u00e9 skon\u010dila smlouva na dobu ur\u010ditou i ochrann\u00e1 lh\u016fta a nespln\u00ed podm\u00ednky n\u00e1roku na dal\u0161\u00ed PPM, m\u016f\u017ee ke dni narozen\u00ed d\u00edt\u011bte po\u017e\u00e1dat o rodi\u010dovsk\u00fd p\u0159\u00edsp\u011bvek (vypl\u00e1cen\u00fd \u00da\u0159adem pr\u00e1ce).<\/p>\n\n\n\n<p><strong>Mate\u0159sk\u00e1 a pr\u00e1ce<\/strong><\/p>\n\n\n\n<p>Zam\u011bstnankyn\u011b i podnikatelky mohou za ur\u010dit\u00fdch podm\u00ednek pracovat.<\/p>\n\n\n\n<p>Zam\u011bstnankyn\u011b mohou pracovat, ale nikoliv v&nbsp;tom zam\u011bstn\u00e1n\u00ed, ze kter\u00e9ho jim d\u00e1vka n\u00e1le\u017e\u00ed.<\/p>\n\n\n\n<p>Podnikatelky (OSV\u010c) nemus\u00ed svou \u010dinnost ukon\u010dit ani p\u0159eru\u0161it, jen ji nesm\u00ed vykon\u00e1vat osobn\u011b, ale pouze prost\u0159ednictv\u00edm sv\u00fdch zam\u011bstnanc\u016f nebo spolupracuj\u00edc\u00edch osob. B\u011bhem doby mate\u0159sk\u00e9 podnikatelky neplat\u00ed z\u00e1lohy na d\u016fchodov\u00e9 ani soci\u00e1ln\u00ed poji\u0161t\u011bn\u00ed, proto\u017ee mate\u0159sk\u00e1 a n\u00e1sledn\u00e1 p\u00e9\u010de o d\u00edt\u011b a\u017e do 4 let se zapo\u010d\u00edt\u00e1v\u00e1 do doby pot\u0159ebn\u00e9 pro n\u00e1rok na starobn\u00ed d\u016fchod. Pokud ov\u0161em ot\u011bhotn\u00ed podruh\u00e9, ale nespln\u00ed podm\u00ednky pro mate\u0159skou ke dni n\u00e1stupu na dal\u0161\u00ed mate\u0159skou, a tud\u00ed\u017e nez\u00edskaj\u00ed n\u00e1rok na mate\u0159skou, mohou po\u017e\u00e1dat ke dni narozen\u00ed dal\u0161\u00edho d\u00edt\u011bte o rodi\u010dovsk\u00fd p\u0159\u00edsp\u011bvek.<\/p>\n\n\n\n<p><strong>Dal\u0161\u00ed zaj\u00edmav\u00e9 informace<\/strong><\/p>\n\n\n\n<p>Pokud \u017eena nem\u016f\u017ee nebo nesm\u00ed o d\u00edt\u011b pe\u010dovat pro z\u00e1va\u017en\u00e9 a dlouhodob\u00e9 onemocn\u011bn\u00ed, pro kter\u00e9 byla l\u00e9ka\u0159em uzn\u00e1na do\u010dasn\u011b pr\u00e1ce neschopnou, m\u016f\u017ee o PPM m\u00edsto \u017eeny \u017e\u00e1dat man\u017eel nebo otec d\u00edt\u011bte, a v&nbsp;tomto p\u0159\u00edpad\u011b i v&nbsp;obdob\u00ed \u0161estined\u011bl\u00ed.<\/p>\n\n\n\n<p>Pokud \u017een\u011b na mate\u0159sk\u00e9 onemocn\u00ed druh\u00e9 d\u00edt\u011b (na kter\u00e9 nepob\u00edr\u00e1 PPM), nevznik\u00e1 j\u00ed n\u00e1rok na o\u0161et\u0159ovn\u00e9 (nebo\u0165 m\u00e1 finan\u010dn\u00ed p\u0159\u00edjem zaji\u0161t\u011bn z&nbsp;mate\u0159sk\u00e9). O o\u0161et\u0159ovn\u00e9 v\u0161ak m\u016f\u017ee v&nbsp;p\u0159\u00edpad\u011b pot\u0159eby \u017e\u00e1dat nap\u0159. jej\u00ed man\u017eel nebo otec d\u00edt\u011bte, je-li nemocensky poji\u0161t\u011bn\u00fd.<\/p>\n\n\n\n<p>Po ukon\u010den\u00ed pob\u00edr\u00e1n\u00ed PPM m\u00e1 \u017eena n\u00e1rok na proplacen\u00ed dovolen\u00e9 ze zam\u011bstn\u00e1n\u00ed, kter\u00e1 j\u00ed za tu dobu vznikla, p\u0159\u00edpadn\u011b i dovolen\u00e9 nevybran\u00e9 p\u0159ed n\u00e1stupem na PPM.<\/p>\n\n\n\n<p>Po ukon\u010den\u00ed pob\u00edr\u00e1n\u00ed PPM m\u016f\u017ee za\u017e\u00e1dat \u00da\u0159ad pr\u00e1ce o&nbsp;navazuj\u00edc\u00ed d\u00e1vku st\u00e1tn\u00ed soci\u00e1ln\u00ed podpory, tzv.&nbsp;rodi\u010dovsk\u00fd p\u0159\u00edsp\u011bvek.<\/p>\n\n\n\n<p>P\u00e9\u010de o d\u00edt\u011b je pro \u00fa\u010dely spln\u011bn\u00ed podm\u00ednky pot\u0159ebn\u00e9 doby poji\u0161t\u011bn\u00ed pro n\u00e1rok na d\u016fchod hodnocena a\u017e do 4 let v\u011bku d\u00edt\u011bte, tzn. \u017ee \u201emate\u0159sk\u00e1\u201c je n\u00e1hradn\u00ed dobou poji\u0161t\u011bn\u00ed. Pro v\u00fdpo\u010det d\u016fchodu je tato doba tzv. vylou\u010denou dobou, co\u017e znamen\u00e1, \u017ee nem\u00e1 negativn\u00ed vliv na v\u00fd\u0161i d\u016fchodu.<em><\/em><\/p>\n\n\n\n<p>P\u0159\u00edpadn\u00e9 dotazy lze sm\u011brovat na call centrum nemocensk\u00e9ho poji\u0161t\u011bn\u00ed 800\u00a0050\u00a0248.<\/p>\n\n\n\n<p>TZ \u010cSSZ<\/p>\n","protected":false},"excerpt":{"rendered":"<div class=\"mh-excerpt\"><p>\u010cesk\u00e1 spr\u00e1va soci\u00e1ln\u00edho zabezpe\u010den\u00ed (\u010cSSZ) dopl\u0148uje informace t\u00fdkaj\u00edc\u00ed se d\u00e1vky PEN\u011a\u017dIT\u00c1 POMOC V\u00a0MATE\u0158STV\u00cd (lidov\u011b MATE\u0158SK\u00c1, nebo\u0165 pokr\u00fdv\u00e1 obdob\u00ed mate\u0159sk\u00e9 dovolen\u00e9 v zam\u011bstn\u00e1n\u00ed) o situace, kdy <a class=\"mh-excerpt-more\" href=\"https:\/\/www.invarena.cz\/?p=43311\" title=\"\u201eMate\u0159sk\u00e1\u201c \u2013 mo\u017enost p\u0159iv\u00fdd\u011blku, druh\u00e9 miminko a dal\u0161\u00ed zaj\u00edmav\u00e9 informace\">[&#8230;]<\/a><\/p>\n<\/div>","protected":false},"author":1,"featured_media":14683,"comment_status":"open","ping_status":"closed","sticky":false,"template":"","format":"standard","meta":{"footnotes":""},"categories":[1],"tags":[],"class_list":["post-43311","post","type-post","status-publish","format-standard","has-post-thumbnail","hentry","category-nezarazene"],"_links":{"self":[{"href":"https:\/\/www.invarena.cz\/index.php?rest_route=\/wp\/v2\/posts\/43311","targetHints":{"allow":["GET"]}}],"collection":[{"href":"https:\/\/www.invarena.cz\/index.php?rest_route=\/wp\/v2\/posts"}],"about":[{"href":"https:\/\/www.invarena.cz\/index.php?rest_route=\/wp\/v2\/types\/post"}],"author":[{"embeddable":true,"href":"https:\/\/www.invarena.cz\/index.php?rest_route=\/wp\/v2\/users\/1"}],"replies":[{"embeddable":true,"href":"https:\/\/www.invarena.cz\/index.php?rest_route=%2Fwp%2Fv2%2Fcomments&post=43311"}],"version-history":[{"count":0,"href":"https:\/\/www.invarena.cz\/index.php?rest_route=\/wp\/v2\/posts\/43311\/revisions"}],"wp:featuredmedia":[{"embeddable":true,"href":"https:\/\/www.invarena.cz\/index.php?rest_route=\/wp\/v2\/media\/14683"}],"wp:attachment":[{"href":"https:\/\/www.invarena.cz\/index.php?rest_route=%2Fwp%2Fv2%2Fmedia&parent=43311"}],"wp:term":[{"taxonomy":"category","embeddable":true,"href":"https:\/\/www.invarena.cz\/index.php?rest_route=%2Fwp%2Fv2%2Fcategories&post=43311"},{"taxonomy":"post_tag","embeddable":true,"href":"https:\/\/www.invarena.cz\/index.php?rest_route=%2Fwp%2Fv2%2Ftags&post=43311"}],"curies":[{"name":"wp","href":"https:\/\/api.w.org\/{rel}","templated":true}]}}