{"id":43323,"date":"2023-10-31T19:58:37","date_gmt":"2023-10-31T18:58:37","guid":{"rendered":"https:\/\/www.invarena.cz\/?p=43323"},"modified":"2023-10-31T19:58:38","modified_gmt":"2023-10-31T18:58:38","slug":"slavi-30-jiri-smekal-vyhral-sampionat-v-roce-1978-stejne-jako-vitezslav-macha","status":"publish","type":"post","link":"https:\/\/www.invarena.cz\/?p=43323","title":{"rendered":"Slav\u00ed 30. Ji\u0159\u00ed Sm\u00e9kal vyhr\u00e1l \u0161ampion\u00e1t v roce 1978. Stejn\u011b jako V\u00edt\u011bzslav M\u00e1cha"},"content":{"rendered":"\n<p>Prvn\u00ed Centrum zdravotn\u011b posti\u017een\u00fdch Jiho\u010desk\u00e9ho kraje p\u016fsob\u00ed v \u010cesk\u00fdch Bud\u011bjovic\u00edch u\u017e t\u0159icet let. Ji\u0159\u00ed Sm\u00e9kal, kter\u00fd klub celou dobu vede, vzpom\u00edn\u00e1 i na Boudu, ve kter\u00e9 se sportovci se\u0161li poprv\u00e9.<\/p>\n\n\n\n<p>Vedouc\u00edm prvn\u00edho Centra zdravotn\u011b posti\u017een\u00fdch Jiho\u010desk\u00e9ho kraje je b\u00fdval\u00fd \u0159ecko &#8211; \u0159\u00edmsk\u00fd z\u00e1pasn\u00edk, dokonce mistr \u010cesk\u00e9 republiky z roku 1978 Ji\u0159\u00ed Sm\u00e9kal. Byl to \u0161ampion\u00e1t v Teplic\u00edch, na kter\u00e9m vyhr\u00e1l ve sv\u00e9 v\u00e1hov\u00e9 kategorii slavn\u00fd olympionik V\u00edt\u011bzslav M\u00e1cha\u2026<\/p>\n\n\n\n<p>Z Ostravy se p\u0159ed t\u0159iceti roky Sm\u00e9kal p\u0159est\u011bhoval do Jiho\u010desk\u00e9ho kraje, kde se v\u011bnuje handicapovan\u00fdm sportovc\u016fm. Po M\u010cR v benchpressu klub uspo\u0159\u00e1dal velkou oslavu. &#8222;Tady nebylo v\u016fbec nic,&#8220; rozhl\u00ed\u017e\u00ed se Sm\u00e9kal okolo sebe v bezbari\u00e9rov\u00e9 hale. &#8222;Tady byla kontaminovan\u00e1 p\u016fda, j\u00e1 se tu pokusil vybudovat sportovn\u00ed z\u00e1zem\u00ed.&#8220; Ze v\u0161eho nejd\u0159\u00edv ale vyrostla Bouda. Mal\u00e1 boudi\u010dka, ve kter\u00e9 se sportovci s handicapem sch\u00e1zeli. &#8222;Prvn\u00edm byl Michal Havelka, vzpom\u00edn\u00e1 Sm\u00e9kal.&#8220; Bouda, jak j\u00ed \u0159\u00edkali, m\u011bla pro v\u00fdvoj 1. CZP J\u010d velk\u00fd v\u00fdznam. &#8222;Sportovci v n\u00ed m\u011bli soci\u00e1ln\u00ed z\u00e1zem\u00ed, to je d\u016fle\u017eit\u00e9,&#8220; \u0159\u00edk\u00e1 Sm\u00e9kal, kter\u00fd skromn\u011b nezm\u00ednil sv\u016fj vyn\u00e1lez, speci\u00e1ln\u00ed vrha\u010dsk\u00fd sektor. Voz\u00ed\u010dk\u00e1\u0159i vrhli v Boud\u011b kouli do otvoru, tak se kut\u00e1lela, kut\u00e1lela, a\u017e se vykut\u00e1lela d\u0159ev\u011bn\u00fdm koridorem zase p\u0159esn\u011b zp\u00e1tky k voz\u00edku\u2026&#8220;Za\u010d\u00ednali jsme s malou skupinkou nevidom\u00fdch d\u011bt\u00ed,&#8220; p\u00e1tr\u00e1 Sm\u00e9kal v pam\u011bti. &#8222;Postupn\u011b jsme potk\u00e1vali lidi s r\u016fzn\u00fdm zdravotn\u00edm posti\u017een\u00edm. K n\u00e1m ale chodili a chod\u00ed i lid\u00e9 bez zdravotn\u00edho handicapu.&#8220;<\/p>\n\n\n\n<p>Vypr\u00e1v\u011bt o sportu by Sm\u00e9kal mohl dlouh\u00e9 minuty. Dokonce se v\u011bnoval i tancov\u00e1n\u00ed: &#8222;Nevidom\u00e9 d\u011bti tancovaly s vid\u00edc\u00edmi, nesly\u0161\u00edc\u00ed d\u011bt\u00ed tan\u010dily podle vibrac\u00ed, nau\u010dily se latinu.&#8220; V historii 1. CZP J\u010d se odehr\u00e1lo dvan\u00e1ct ro\u010dn\u00edk\u016f tane\u010dn\u00edch a p\u011bveck\u00fdch p\u0159ehl\u00eddek. &#8222;<\/p>\n\n\n\n<p>U\u017e v Boud\u011b postupoval Sm\u00e9kal krok za krokem. &#8222;U\u017e jsem vid\u011bl vizi velk\u00e9 haly. Cht\u011bl jsem velk\u00fd sportovn\u00ed st\u00e1nek, kter\u00fd dnes stoj\u00ed. Tato hala m\u00e1 kolem \u0161esti set metr\u016f \u010dtvere\u010dn\u00edch, je pln\u011b bezbari\u00e9rov\u00e1. Je tu spousta posilovac\u00edch stroj\u016f, kter\u00e9 jsou vhodn\u00e9 pro r\u016fzn\u00e9 typy zdravotn\u00edho posti\u017een\u00ed.&#8220;<\/p>\n\n\n\n<p>Nejv\u00edc ru\u0161no je v bezbari\u00e9rov\u00e9 hale po 16. hodin\u011b. &#8222;P\u0159ich\u00e1zej\u00ed i lid\u00ed bez zdravotn\u00edho posti\u017een\u00ed. Zdrav\u00ed se tu m\u00edchaj\u00ed s handicapovan\u00fdmi, nen\u00ed s t\u00edm \u017e\u00e1dn\u00fd probl\u00e9m,&#8220; popisuje Sm\u00e9kal. &#8222;Proto tak\u00e9 m\u00e1me na Centru n\u00e1pis Fitness lod\u011bnice. Aby si t\u0159eba lid\u00e9 nemysleli, \u017ee jsme jenom uzav\u0159en\u00e1 skupina handicapovan\u00fdch. Integrace, kterou j\u00e1 cht\u011bl u\u017e od za\u010d\u00e1tku, funguje velmi dob\u0159e.&#8220;<\/p>\n\n\n\n<p>Kamil J\u00e1\u0161a<\/p>\n\n\n\n<p>\u010ceskobud\u011bjovick\u00fd den\u00edk<\/p>\n\n\n\n<p><a href=\"https:\/\/ceskobudejovicky.denik.cz\/\" target=\"_blank\" rel=\"noreferrer noopener\">https:\/\/ceskobudejovicky.denik.cz\/<\/a><\/p>\n","protected":false},"excerpt":{"rendered":"<div class=\"mh-excerpt\"><p>Prvn\u00ed Centrum zdravotn\u011b posti\u017een\u00fdch Jiho\u010desk\u00e9ho kraje p\u016fsob\u00ed v \u010cesk\u00fdch Bud\u011bjovic\u00edch u\u017e t\u0159icet let. Ji\u0159\u00ed Sm\u00e9kal, kter\u00fd klub celou dobu vede, vzpom\u00edn\u00e1 i na Boudu, ve <a class=\"mh-excerpt-more\" href=\"https:\/\/www.invarena.cz\/?p=43323\" title=\"Slav\u00ed 30. Ji\u0159\u00ed Sm\u00e9kal vyhr\u00e1l \u0161ampion\u00e1t v roce 1978. Stejn\u011b jako V\u00edt\u011bzslav M\u00e1cha\">[&#8230;]<\/a><\/p>\n<\/div>","protected":false},"author":1,"featured_media":23973,"comment_status":"open","ping_status":"closed","sticky":false,"template":"","format":"standard","meta":{"footnotes":""},"categories":[9],"tags":[],"class_list":["post-43323","post","type-post","status-publish","format-standard","has-post-thumbnail","hentry","category-zpravy"],"_links":{"self":[{"href":"https:\/\/www.invarena.cz\/index.php?rest_route=\/wp\/v2\/posts\/43323","targetHints":{"allow":["GET"]}}],"collection":[{"href":"https:\/\/www.invarena.cz\/index.php?rest_route=\/wp\/v2\/posts"}],"about":[{"href":"https:\/\/www.invarena.cz\/index.php?rest_route=\/wp\/v2\/types\/post"}],"author":[{"embeddable":true,"href":"https:\/\/www.invarena.cz\/index.php?rest_route=\/wp\/v2\/users\/1"}],"replies":[{"embeddable":true,"href":"https:\/\/www.invarena.cz\/index.php?rest_route=%2Fwp%2Fv2%2Fcomments&post=43323"}],"version-history":[{"count":0,"href":"https:\/\/www.invarena.cz\/index.php?rest_route=\/wp\/v2\/posts\/43323\/revisions"}],"wp:featuredmedia":[{"embeddable":true,"href":"https:\/\/www.invarena.cz\/index.php?rest_route=\/wp\/v2\/media\/23973"}],"wp:attachment":[{"href":"https:\/\/www.invarena.cz\/index.php?rest_route=%2Fwp%2Fv2%2Fmedia&parent=43323"}],"wp:term":[{"taxonomy":"category","embeddable":true,"href":"https:\/\/www.invarena.cz\/index.php?rest_route=%2Fwp%2Fv2%2Fcategories&post=43323"},{"taxonomy":"post_tag","embeddable":true,"href":"https:\/\/www.invarena.cz\/index.php?rest_route=%2Fwp%2Fv2%2Ftags&post=43323"}],"curies":[{"name":"wp","href":"https:\/\/api.w.org\/{rel}","templated":true}]}}