{"id":43344,"date":"2023-10-31T20:38:40","date_gmt":"2023-10-31T19:38:40","guid":{"rendered":"https:\/\/www.invarena.cz\/?p=43344"},"modified":"2023-10-31T20:38:40","modified_gmt":"2023-10-31T19:38:40","slug":"sbirka-srdce-detem-prispela-male-rozarce-z-lyse-pomoc-dalsim-detem-prave-zacala","status":"publish","type":"post","link":"https:\/\/www.invarena.cz\/?p=43344","title":{"rendered":"Sb\u00edrka Srdce d\u011btem p\u0159isp\u011bla mal\u00e9 Roz\u00e1rce z Lys\u00e9. Pomoc dal\u0161\u00edm d\u011btem pr\u00e1v\u011b za\u010dala"},"content":{"rendered":"\n<p>Mal\u00e1 Roz\u00e1rka z Lys\u00e9 nad Labem se narodila p\u0159ed\u010dasn\u011b. Trp\u00ed po\u0161kozen\u00edm mozku. Sdru\u017een\u00ed Srdce d\u011btem, kter\u00e9 letos podobnou sb\u00edrku po\u0159\u00e1d\u00e1 u\u017e pot\u0159in\u00e1ct\u00e9, z lo\u0148sk\u00e9ho v\u00fdt\u011b\u017eku pomohlo rodin\u011b s pokryt\u00edm n\u00e1klad\u016f cvi\u010debn\u00ed metody, kterou zdravotn\u00ed poji\u0161\u0165ovna nepropl\u00e1c\u00ed. Rodina z\u00edskala v r\u00e1mci pomoci 82 tis\u00edc korun. Leto\u0161n\u00ed sb\u00edrka na pomoc dal\u0161\u00edm d\u011btem pr\u00e1v\u011b za\u010dala. Ve\u0159ejnost m\u016f\u017ee pomoci zakoupen\u00edm srd\u00ed\u010dka na pokladn\u00e1ch prodejen \u0159et\u011bzce Lidl za 30 korun. Sb\u00edrka trv\u00e1 do 12. listopadu.<\/p>\n\n\n\n<p>Roz\u00e1rka z Lys\u00e9 trp\u00ed posti\u017een\u00edm mozku &#8211; cystickou periventrikul\u00e1rn\u00ed leukomalaci\u00ed. U d\u00edvky do\u0161lo k tomuto posti\u017een\u00ed kv\u016fli p\u0159ed\u010dasn\u00e9mu narozen\u00ed. Projevuje se v b\u00edl\u00e9 k\u016f\u0159e mozkov\u00e9 jako mal\u00e9 cysty, kter\u00e9 zp\u016fsobuj\u00ed p\u0159eru\u0161en\u00ed spoj\u016f do \u0161ed\u00e9 k\u016fry mozkov\u00e9. \u201eRoz\u00e1rka se narodila v sedm\u00e9m m\u011bs\u00edci t\u011bhotenstv\u00ed. Jej\u00ed rodi\u010de u\u017e maj\u00ed dv\u011b star\u0161\u00ed d\u011bti. Ob\u011b se narodily takto p\u0159ed\u010dasn\u011b a ob\u011b jsou v podstat\u011b zdrav\u00e9. Takov\u00e9 \u0161t\u011bst\u00ed mal\u00e1 Roz\u00e1rka ale nem\u011bla. Zpo\u010d\u00e1tku se zd\u00e1lo, \u017ee i ona bude zdrav\u00e1, ale ve t\u0159ech t\u00fddnech byla na kontroln\u00edm ultrazvuku a Roz\u00e1rce byla diagnostikov\u00e1na pr\u00e1v\u011b zm\u00edn\u011bn\u00e9 posti\u017een\u00ed mozku,\u201c \u0159ekla \u0159editelka obecn\u011b prosp\u011b\u0161n\u00e9 organizace \u017divot d\u011btem Maria K\u0159epelkov\u00e1.<\/p>\n\n\n\n<p>L\u00e9ka\u0159i p\u0159ipravovali rodinu na to, \u017ee Roz\u00e1rka nebude chodit. Ov\u0161em p\u0159edstava, \u017ee mohou m\u00edt doma hol\u010di\u010dku, kter\u00e1 bude jenom bezvl\u00e1dn\u011b le\u017eet, byla pro celou rodinu zoufal\u00e1. Proto s n\u00ed maminka za\u010dala pravideln\u011b cvi\u010dit, proto\u017ee necht\u011bla p\u0159ipustit, \u017ee by jej\u00ed hol\u010di\u010dka skute\u010dn\u011b jenom le\u017eela a skoro je nevn\u00edmala. Krom\u011b cvi\u010den\u00ed doj\u00ed\u017ed\u00ed maminka s Roz\u00e1rkou na rehabilitace, ergoterapie, hipoterapie i na logopedii. Prost\u011b ze v\u0161ech sil se sna\u017e\u00ed, aby hol\u010di\u010dka toho dok\u00e1zala st\u00e1le v\u00edc a v\u00edc.<\/p>\n\n\n\n<p>A opravdu se j\u00ed to da\u0159\u00ed. D\u00edky pravideln\u00e9mu cvi\u010den\u00ed se Roz\u00e1rka dok\u00e1\u017ee oto\u010dit, um\u00ed se plazit nebo s oporou posadit. S maminkou tr\u00e9nuj\u00ed jemnou motoriku, tak\u017ee pravou rukou zvl\u00e1dne h\u00e1zet kostkou nebo p\u0159esouvat p\u0159edm\u011bty. Ale tu levou mus\u00ed je\u0161t\u011b st\u00e1le tr\u00e9novat. Prost\u011b m\u00e1 p\u0159ed sebou hodn\u011b pr\u00e1ce.<\/p>\n\n\n\n<p>Poji\u0161\u0165ovny nepomohou<\/p>\n\n\n\n<p>Roz\u00e1rka mluv\u00ed, v\u0161em kolem sebe rozum\u00ed, pozn\u00e1v\u00e1 sourozence a v\u00ed, co se po n\u00ed chce. Je to prost\u011b chytr\u00e1 hol\u010di\u010dka, kter\u00e1 d\u011bl\u00e1 velk\u00e9 pokroky. Nikdo z l\u00e9ka\u0159\u016f, kte\u0159\u00ed ji kr\u00e1tce po narozen\u00ed vid\u011bli, by dneska nev\u011b\u0159il, \u017ee m\u016f\u017ee b\u00fdt tak \u0161ikovn\u00e1. \u201eRodin\u011b chceme ze sb\u00edrky Srdce d\u011btem pokr\u00fdt n\u00e1klady na Feldenkreisovu metodu, kter\u00e1 na z\u00e1klad\u011b jednoduch\u00fdch a opakovan\u00fdch cvi\u010debn\u00edch pohyb\u016f stimuluje lidsk\u00fd nervov\u00fd syst\u00e9m ke zm\u011bn\u011b \u0159\u00edzen\u00ed pohybu. Jedn\u00e1 se o proces u\u010den\u00ed se z vlastn\u00edho t\u011bla, jak se pohybovat a \u017e\u00edt s vynalo\u017een\u00edm nezbytn\u011b nutn\u00e9 funk\u010dn\u00ed energie. Tuto zaj\u00edmavou metodu bohu\u017eel zdravotn\u00ed poji\u0161\u0165ovny nehrad\u00ed,\u201c dod\u00e1v\u00e1 Maria K\u0159epelkov\u00e1.<\/p>\n\n\n\n<p>Na to se ned\u00e1 p\u0159ipravit<\/p>\n\n\n\n<p>Na n\u00e1v\u0161t\u011bvu k Roz\u00e1rce p\u0159ijela mlad\u00e1 here\u010dka Michaela Pech\u00e1\u010dkov\u00e1, zn\u00e1m\u00e1 ze seri\u00e1l\u016f Ordinace v r\u016f\u017eov\u00e9 zahrad\u011b nebo Modr\u00fd k\u00f3d a nyn\u00ed aktu\u00e1ln\u011b hraje jednu z hlavn\u00edch rol\u00ed v seri\u00e1lu ZOO. Dok\u00e1\u017ee si p\u0159edstavit, \u017ee by ji potkal stejn\u00fd osud jako maminku Roz\u00e1rky? \u201eMysl\u00edm, \u017ee na tohle asi nem\u016f\u017ee b\u00fdt p\u0159ipraven\u00fd nikdo, ka\u017ed\u00fd si podle m\u011b p\u0159eje, aby se mu narodilo zdrav\u00e9 d\u00edt\u011b a tohle mus\u00ed b\u00fdt velk\u00fd \u0161ok. Samoz\u0159ejm\u011b, \u017ee bych to d\u00edt\u011b milovala, nedok\u00e1\u017eu v\u016fbec \u0159\u00edct, co by se mi v\u0161echno d\u011blo v hlav\u011b, ale obdiv v\u0161em rodi\u010d\u016fm, proto\u017ee tohle nen\u00ed v\u016fbec lehk\u00e9. Velk\u00fd obdiv za tu p\u00e9\u010di, za ten \u010das, za tu energii, za tu l\u00e1sku, kterou Roz\u00e1rce jej\u00ed rodi\u010de d\u00e1vaj\u00ed,\u201c \u0159ekla here\u010dka.<\/p>\n\n\n\n<p>A je pravda, \u017ee se ve\u0161ker\u00e1 p\u00e9\u010de a l\u00e1ska v\u0161ech \u010dlen\u016f rodiny mal\u00e9 Roz\u00e1rky v\u0161em obrovsky vrac\u00ed. Roz\u00e1rka je kr\u00e1sn\u00e1 hol\u010di\u010dka, kter\u00e1 m\u00e1 t\u00e9m\u011b\u0159 neust\u00e1le \u00fasm\u011bv na tv\u00e1\u0159i. Je to slun\u00ed\u010dko cel\u00e9 rodiny. A v\u0161ichni v\u011b\u0159\u00ed, \u017ee jednou ud\u011bl\u00e1 sv\u00e9 prvn\u00ed kr\u016f\u010dky. V t\u011bchto dnech lze pomoci i ostatn\u00edm nemocn\u00fdm d\u011btem. Sb\u00edrka Srdce d\u011btem pod z\u00e1\u0161titou spole\u010dnosti \u017divot d\u011btem toti\u017e za\u010dala v pond\u011bl\u00ed 30. \u0159\u00edjna a kon\u010d\u00ed 12. listopadu. U pokladny v Lidlu si m\u016f\u017ee ka\u017ed\u00fd zakoupit samolepku srd\u00ed\u010dka a tu potom nalepit do srdce ve v\u00fdloze nebo si ji odn\u00e9st dom\u016f. \u201eVelk\u00e1 zapln\u011bn\u00e1 srdce v Lidlech v cel\u00e9 na\u0161\u00ed republice jsou kr\u00e1sn\u00fdm d\u016fkazem, \u017ee n\u00e1m osud d\u011bt\u00ed, kter\u00e9 nem\u011bly v \u017eivot\u011b \u0161t\u011bst\u00ed, nen\u00ed lhostejn\u00fd,\u201c uzav\u0159ela za \u017divot d\u011btem, jednoho z po\u0159adatel\u016f sb\u00edrky Srdce d\u011btem, Maria K\u0159epelkov\u00e1.<\/p>\n\n\n\n<p>Miroslav S. Jilemnick\u00fd<\/p>\n\n\n\n<p>Nymbursk\u00fd den\u00edk<\/p>\n\n\n\n<p><a href=\"https:\/\/nymbursky.denik.cz\/\" target=\"_blank\" rel=\"noreferrer noopener\">https:\/\/nymbursky.denik.cz\/<\/a><\/p>\n","protected":false},"excerpt":{"rendered":"<div class=\"mh-excerpt\"><p>Mal\u00e1 Roz\u00e1rka z Lys\u00e9 nad Labem se narodila p\u0159ed\u010dasn\u011b. Trp\u00ed po\u0161kozen\u00edm mozku. Sdru\u017een\u00ed Srdce d\u011btem, kter\u00e9 letos podobnou sb\u00edrku po\u0159\u00e1d\u00e1 u\u017e pot\u0159in\u00e1ct\u00e9, z lo\u0148sk\u00e9ho v\u00fdt\u011b\u017eku <a class=\"mh-excerpt-more\" href=\"https:\/\/www.invarena.cz\/?p=43344\" title=\"Sb\u00edrka Srdce d\u011btem p\u0159isp\u011bla mal\u00e9 Roz\u00e1rce z Lys\u00e9. Pomoc dal\u0161\u00edm d\u011btem pr\u00e1v\u011b za\u010dala\">[&#8230;]<\/a><\/p>\n<\/div>","protected":false},"author":1,"featured_media":14228,"comment_status":"open","ping_status":"closed","sticky":false,"template":"","format":"standard","meta":{"footnotes":""},"categories":[9],"tags":[],"class_list":["post-43344","post","type-post","status-publish","format-standard","has-post-thumbnail","hentry","category-zpravy"],"_links":{"self":[{"href":"https:\/\/www.invarena.cz\/index.php?rest_route=\/wp\/v2\/posts\/43344","targetHints":{"allow":["GET"]}}],"collection":[{"href":"https:\/\/www.invarena.cz\/index.php?rest_route=\/wp\/v2\/posts"}],"about":[{"href":"https:\/\/www.invarena.cz\/index.php?rest_route=\/wp\/v2\/types\/post"}],"author":[{"embeddable":true,"href":"https:\/\/www.invarena.cz\/index.php?rest_route=\/wp\/v2\/users\/1"}],"replies":[{"embeddable":true,"href":"https:\/\/www.invarena.cz\/index.php?rest_route=%2Fwp%2Fv2%2Fcomments&post=43344"}],"version-history":[{"count":0,"href":"https:\/\/www.invarena.cz\/index.php?rest_route=\/wp\/v2\/posts\/43344\/revisions"}],"wp:featuredmedia":[{"embeddable":true,"href":"https:\/\/www.invarena.cz\/index.php?rest_route=\/wp\/v2\/media\/14228"}],"wp:attachment":[{"href":"https:\/\/www.invarena.cz\/index.php?rest_route=%2Fwp%2Fv2%2Fmedia&parent=43344"}],"wp:term":[{"taxonomy":"category","embeddable":true,"href":"https:\/\/www.invarena.cz\/index.php?rest_route=%2Fwp%2Fv2%2Fcategories&post=43344"},{"taxonomy":"post_tag","embeddable":true,"href":"https:\/\/www.invarena.cz\/index.php?rest_route=%2Fwp%2Fv2%2Ftags&post=43344"}],"curies":[{"name":"wp","href":"https:\/\/api.w.org\/{rel}","templated":true}]}}