{"id":43348,"date":"2023-11-01T11:54:41","date_gmt":"2023-11-01T10:54:41","guid":{"rendered":"https:\/\/www.invarena.cz\/?p=43348"},"modified":"2023-11-01T11:55:29","modified_gmt":"2023-11-01T10:55:29","slug":"prvnim-nevidomy-tantricky-maser-v-cesku","status":"publish","type":"post","link":"https:\/\/www.invarena.cz\/?p=43348","title":{"rendered":"Prvn\u00ed\u00a0nevidom\u00fd\u00a0tantrick\u00fd mas\u00e9r v \u010cesku"},"content":{"rendered":"\n<p><em>Tom\u00e1\u0161 se stal prvn\u00edm, zcela&nbsp;<\/em><strong><em>nevidom\u00fdm<\/em><\/strong><em>&nbsp;tantrick\u00fdm mas\u00e9rem v \u010cesk\u00e9 republice. St\u0159\u00edbro \u2013 &#8222;Slepotou \u017eivot nekon\u010d\u00ed. Nevid\u00edm, ale jsem sob\u011bsta\u010dn\u00fd a zvl\u00e1d\u00e1m se o sebe postarat,&#8220; \u0159\u00edk\u00e1&nbsp;<\/em><strong><em>nevidom\u00fd<\/em><\/strong><em>&nbsp;Tom\u00e1\u0161 Kadlec ze St\u0159\u00edbra. Ten se postavil osudu \u010delem a dnes ofici\u00e1ln\u011b otev\u00edr\u00e1 ve St\u0159\u00edb\u0159e mas\u00e1\u017en\u00ed salon. <\/em><\/p>\n\n\n\n<p><em>Stal se prvn\u00edm zcela&nbsp;<\/em><strong><em>nevidom\u00fdm<\/em><\/strong><em>&nbsp;tantrick\u00fdm mas\u00e9rem v \u010cesk\u00e9 republice, ale do jeho salonu mohou z\u00e1jemci zav\u00edtat nap\u0159\u00edklad i za relaxa\u010dn\u00ed, Breussovou nebo havajskou mas\u00e1\u017e\u00ed. \u017de Tom\u00e1\u0161ovi obr\u00e1t\u00ed \u017eivot naruby pro n\u011bkoho mo\u017en\u00e1 ban\u00e1ln\u00ed opakovan\u00e9 z\u00e1n\u011bty spojivek, by si nepomyslel ani on s\u00e1m, a bohu\u017eel ani l\u00e9ka\u0159i.<\/em><\/p>\n","protected":false},"excerpt":{"rendered":"<div class=\"mh-excerpt\"><p>Tom\u00e1\u0161 se stal prvn\u00edm, zcela&nbsp;nevidom\u00fdm&nbsp;tantrick\u00fdm mas\u00e9rem v \u010cesk\u00e9 republice. St\u0159\u00edbro \u2013 &#8222;Slepotou \u017eivot nekon\u010d\u00ed. Nevid\u00edm, ale jsem sob\u011bsta\u010dn\u00fd a zvl\u00e1d\u00e1m se o sebe postarat,&#8220; \u0159\u00edk\u00e1&nbsp;nevidom\u00fd&nbsp;Tom\u00e1\u0161 <a class=\"mh-excerpt-more\" href=\"https:\/\/www.invarena.cz\/?p=43348\" title=\"Prvn\u00ed\u00a0nevidom\u00fd\u00a0tantrick\u00fd mas\u00e9r v \u010cesku\">[&#8230;]<\/a><\/p>\n<\/div>","protected":false},"author":1,"featured_media":43353,"comment_status":"open","ping_status":"closed","sticky":false,"template":"","format":"standard","meta":{"footnotes":""},"categories":[7],"tags":[],"class_list":["post-43348","post","type-post","status-publish","format-standard","has-post-thumbnail","hentry","category-spolecnost"],"_links":{"self":[{"href":"https:\/\/www.invarena.cz\/index.php?rest_route=\/wp\/v2\/posts\/43348","targetHints":{"allow":["GET"]}}],"collection":[{"href":"https:\/\/www.invarena.cz\/index.php?rest_route=\/wp\/v2\/posts"}],"about":[{"href":"https:\/\/www.invarena.cz\/index.php?rest_route=\/wp\/v2\/types\/post"}],"author":[{"embeddable":true,"href":"https:\/\/www.invarena.cz\/index.php?rest_route=\/wp\/v2\/users\/1"}],"replies":[{"embeddable":true,"href":"https:\/\/www.invarena.cz\/index.php?rest_route=%2Fwp%2Fv2%2Fcomments&post=43348"}],"version-history":[{"count":0,"href":"https:\/\/www.invarena.cz\/index.php?rest_route=\/wp\/v2\/posts\/43348\/revisions"}],"wp:featuredmedia":[{"embeddable":true,"href":"https:\/\/www.invarena.cz\/index.php?rest_route=\/wp\/v2\/media\/43353"}],"wp:attachment":[{"href":"https:\/\/www.invarena.cz\/index.php?rest_route=%2Fwp%2Fv2%2Fmedia&parent=43348"}],"wp:term":[{"taxonomy":"category","embeddable":true,"href":"https:\/\/www.invarena.cz\/index.php?rest_route=%2Fwp%2Fv2%2Fcategories&post=43348"},{"taxonomy":"post_tag","embeddable":true,"href":"https:\/\/www.invarena.cz\/index.php?rest_route=%2Fwp%2Fv2%2Ftags&post=43348"}],"curies":[{"name":"wp","href":"https:\/\/api.w.org\/{rel}","templated":true}]}}