{"id":43359,"date":"2023-11-02T06:50:49","date_gmt":"2023-11-02T05:50:49","guid":{"rendered":"https:\/\/www.invarena.cz\/?p=43359"},"modified":"2023-11-02T06:50:55","modified_gmt":"2023-11-02T05:50:55","slug":"zdravotni-domaci-pece-kdy-a-jak-o-ni-zadat-kdo-ji-plati","status":"publish","type":"post","link":"https:\/\/www.invarena.cz\/?p=43359","title":{"rendered":"Zdravotn\u00ed dom\u00e1c\u00ed p\u00e9\u010de. Kdy a jak o ni \u017e\u00e1dat, kdo ji plat\u00ed"},"content":{"rendered":"\n<p>V po\u0159adu Sama doma \u010cesk\u00e9 televize v r\u00e1mci t\u00e9matu zdravotn\u00ed dom\u00e1c\u00ed p\u00e9\u010de hovo\u0159ili se \u0159editelkou o\u0161et\u0159ovatelsk\u00e9 p\u00e9\u010de nemocnice M\u011bln\u00edk a spoluzakladatelkou dom\u00e1c\u00ed p\u00e9\u010de v nemocnici Lindou Z\u00edtovou, kter\u00e1 odpov\u00eddala na dotazy poslucha\u010d\u016f.<br \/><br \/>\u010cT<\/p>\n\n\n\n<p>Linda Z\u00edtov\u00e1<br \/>&#8212;&#8212;&#8212;&#8212;&#8212;&#8212;&#8211;<br \/>Tak mus\u00edm \u0159\u00edct, \u017ee dotaz\u016f je hodn\u011b a neust\u00e1le se opakuj\u00ed dotazy typu, zda je zdravotn\u00ed p\u00e9\u010de hrazen\u00e1, nebo zda si ji pacient plat\u00ed\u00a0<strong>s\u00e1m<\/strong>, a potom, kdo m\u016f\u017ee zdravotn\u00ed p\u00e9\u010di pacientovi, v uvozovk\u00e1ch, takzvan\u011b p\u0159edepsat nebo jak ji m\u016f\u017ee pacient z\u00edskat, tak\u017ee bych asi znovu zopakovala, \u017ee dom\u00e1c\u00ed zdravotn\u00ed p\u00e9\u010de je hrazena pln\u011b ze zdravotn\u00edho poji\u0161t\u011bn\u00ed pacienta. A vlastn\u011b rozhoduje o n\u00ed nebo ji indikuje l\u00e9ka\u0159, o\u0161et\u0159uj\u00edc\u00ed l\u00e9ka\u0159 toho pacienta nebo l\u00e9ka\u0159, kter\u00fd propou\u0161t\u00ed pacienta ze zdravotnick\u00e9ho za\u0159\u00edzen\u00ed. A proto\u017ee se ty dotazy opakuj\u00ed, tak u\u017e bych na n\u011b neodpov\u00eddala a dala bych zase p\u0159ednost dal\u0161\u00edm dotaz\u016fm, proto\u017ee jich je opravdu hodn\u011b.<br \/><br \/>mluv\u010d\u00ed 5,<br \/>&#8212;&#8212;&#8212;&#8212;&#8212;&#8212;&#8211;<br \/>Dob\u0159e. A my jsme na za\u010d\u00e1tku je\u0161t\u011b nestihli zm\u00ednit, jak\u00e1 je vlastn\u011b historie dom\u00e1c\u00ed zdravotn\u00ed p\u00e9\u010de, o jak\u00fd je jej\u00ed rozvoj, kdy tohle vlastn\u011b za\u010dalo?<br \/><br \/>mluv\u010d\u00ed 11,<br \/>&#8212;&#8212;&#8212;&#8212;&#8212;&#8212;&#8211;<br \/>Tak vlastn\u011b s dom\u00e1c\u00ed zdravotn\u00ed p\u00e9\u010d\u00ed, ne v tomhle tom slova smyslu, ale setk\u00e1vali jsme se s n\u00ed u\u017e d\u00e1vno, d\u00e1vno d\u0159\u00edv, kdy vlastn\u011b pracovali l\u00e9ka\u0159i prakti\u010dt\u00ed v ter\u00e9nu, jezdili do ter\u00e9nu a m\u011bli k sob\u011b tu svoji sest\u0159i\u010dku, tak, jak ji zn\u00e1me dneska. Dom\u00e1c\u00ed zdravotn\u00ed p\u00e9\u010de se za\u010dala rozv\u00edjet n\u011bkdy v devades\u00e1t\u00fdch letech, takov\u00fdmi hlavn\u00edmi pr\u016fkopn\u00edky v dom\u00e1c\u00ed p\u00e9\u010di byl \u010desk\u00fd \u010cerven\u00fd k\u0159\u00ed\u017e a charita \u010cesk\u00e9 republiky, kter\u00e9 bych pova\u017eovala i za takov\u00e9 velk\u00e9 zakladatele.<br \/><br \/>mluv\u010d\u00ed 5,<br \/>&#8212;&#8212;&#8212;&#8212;&#8212;&#8212;&#8211;<br \/>Jak se dom\u00e1c\u00ed zdravotn\u00ed p\u00e9\u010de t\u0159eba posunula, proto\u017ee v\u011b\u0159\u00edm tomu, \u017ee t\u0159eba i b\u011bhem covidu muselo b\u00fdt spoustu zm\u011bn a nov\u00fdch t\u0159eba v\u011bc\u00ed, kter\u00e9 se zdravotn\u00ed sest\u0159i\u010dky musely nau\u010dit, tak posunulo se to n\u011bkam, jsou tam t\u0159eba \u00fakony a v\u00fdkony, kter\u00e9 sest\u0159i\u010dky te\u010f d\u011blaj\u00ed a d\u0159\u00edv je ned\u011blaly?<br \/><br \/>mluv\u010d\u00ed 11,<br \/>&#8212;&#8212;&#8212;&#8212;&#8212;&#8212;&#8211;<br \/>Posunulo se to velmi u\u017e na za\u010d\u00e1tku, ta dom\u00e1c\u00ed p\u00e9\u010de zaji\u0161\u0165ovala takov\u00e9 ty b\u011b\u017en\u00e9 p\u0159evazy ran nebo t\u0159eba aplikaci l\u00e9k\u016f, jako byly inzuliny. Dneska u\u017e se vlastn\u011b setk\u00e1v\u00e1me s t\u00edm, \u017ee m\u016f\u017eeme m\u00edt\u00a0<strong>doma<\/strong>\u00a0v p\u00e9\u010di pacienta, kter\u00fd je na um\u011bl\u00fd plicn\u00ed\u00a0<strong>ventilaci<\/strong>\u00a0a vlastn\u011b ta sest\u0159i\u010dka se o tohohle pacienta spole\u010dn\u011b s rodinou star\u00e1. Co se t\u00fd\u010de doby toho covidu, tak to byla velk\u00e1 zm\u011bna pro v\u0161echny, tak\u017ee i pro d\u011bv\u010data v dom\u00e1c\u00ed p\u00e9\u010di, proto\u017ee samoz\u0159ejm\u011b pacienti tu slu\u017ebu vy\u017eadovali, nav\u00edc byl i velk\u00fd tlak na l\u016f\u017eka, tak\u017ee se pacienti propou\u0161t\u011bli ze zdravotnick\u00fdch za\u0159\u00edzen\u00ed o tro\u0161ku d\u0159\u00edve, ne\u017e t\u0159eba bysme byli d\u0159\u00edve zvykl\u00ed a vlastn\u011b ty sest\u0159i\u010dky se u\u010dili i nov\u00fd zp\u016fsob p\u00e9\u010de.<br \/><br \/>mluv\u010d\u00ed 5,<br \/>&#8212;&#8212;&#8212;&#8212;&#8212;&#8212;&#8211;<br \/>Co se t\u00fd\u010de t\u0159eba n\u011bjak\u00e9ho \u00faskal\u00ed, s kter\u00fdmi se zdravotn\u00ed sest\u0159i\u010dky pot\u00fdkaj\u00ed, tak jak\u00e9 jsou t\u0159eba ty nej\u010dast\u011bji, s \u010d\u00edm se setk\u00e1vaj\u00ed sest\u0159i\u010dky, tak.<br \/><br \/>mluv\u010d\u00ed 11,<br \/>&#8212;&#8212;&#8212;&#8212;&#8212;&#8212;&#8211;<br \/>Vlastn\u011b sest\u0159i\u010dka, kdy\u017e jede poprv\u00e9 k pacientovi, tak nev\u00ed, do jak\u00e9ho jede prost\u0159ed\u00ed, do jak\u00e9 soci\u00e1ln\u00ed situace, tak\u017ee to je v\u017edycky tak n\u011bco nov\u00e9ho. A takov\u00fdmi zaj\u00edmav\u00fdmi p\u0159\u00edb\u011bhy jsou dom\u00e1c\u00ed mazl\u00ed\u010dci, psi \u010dasto.<br \/><br \/>mluv\u010d\u00ed 5,<br \/>&#8212;&#8212;&#8212;&#8212;&#8212;&#8212;&#8211;<br \/>V\u011b\u0159\u00edm tomu, \u017ee kdy\u017e se sest\u0159i\u010dka boj\u00ed t\u0159eba, \u017ee jo, pejsk\u016f a te\u010f najednou tam na n\u00ed n\u011bjakej vybafne a nen\u00ed teda zrovna to n\u011bjak\u00e1 \u00fapln\u011b mal\u00e1 rasa, tak si dok\u00e1\u017ee p\u0159edstavit, \u017ee to mus\u00ed b\u00fdt nep\u0159\u00edjemn\u00fd.<br \/><br \/>mluv\u010d\u00ed 11,<br \/>&#8212;&#8212;&#8212;&#8212;&#8212;&#8212;&#8211;<br \/>Tak, p\u0159esn\u011b tak. Stejn\u011b tak sest\u0159i\u010dky \u0159e\u0161\u00ed t\u0159eba situaci, \u017ee p\u0159ijedou k pacientovi a te\u010f se na n\u011bj nedozvon\u00ed a samoz\u0159ejm\u011b pacient si t\u0159eba jenom odb\u011bhl do kr\u00e1mu, ale sest\u0159i\u010dka nev\u00ed, pro\u010d ten pacient nen\u00ed\u00a0<strong>doma<\/strong>, jestli nen\u00ed v ohro\u017een\u00ed na \u017eivot\u011b. Pak samoz\u0159ejm\u011b dopravn\u00ed situace, proto\u017ee n\u011bkter\u00e9 sest\u0159i\u010dky jezd\u00ed t\u0159eba do lokalit, kde, kdy\u017e napadne sn\u00edh, tak ta dostupnost je obt\u00ed\u017en\u00e1, v t\u011bch v\u011bt\u0161\u00edch m\u011bstech je probl\u00e9m s parkov\u00e1n\u00edm.<br \/><br \/>mluv\u010d\u00ed 5,<br \/>&#8212;&#8212;&#8212;&#8212;&#8212;&#8212;&#8211;<br \/>Kolik si toho sest\u0159i\u010dky vlastn\u011b berou k pacient\u016fm? Proto\u017ee mus\u00ed si t\u0159eba br\u00e1t s sebou i n\u011bjak\u00e9 p\u0159\u00edstroje.<br \/><br \/>mluv\u010d\u00ed 11,<br \/>&#8212;&#8212;&#8212;&#8212;&#8212;&#8212;&#8211;<br \/>Pokud pacient vy\u017eaduje n\u011bjakou p\u0159\u00edstrojovou pomoc, tak u\u017e ji m\u00e1\u00a0<strong>doma<\/strong>\u00a0zap\u016fj\u010denou, ale sest\u0159i\u010dky maj\u00ed tzv. svoje bra\u0161ny nebo batohy, kdy maj\u00ed vlastn\u011b z\u00e1kladn\u00ed vybaven\u00ed a dopl\u0148uj\u00ed si ho podle toho, o jak\u00e9ho pacienta se budou starat, to znamen\u00e1, pokud m\u00e1m pacienta t\u0159eba, kter\u00e9mu budu p\u0159evazovat r\u00e1ny, tak si vezmu vybaven\u00ed pro tohohle pacienta.<br \/><br \/>Dotazy poslucha\u010d\u016f:<br \/>&#8212;&#8212;&#8212;&#8212;&#8212;&#8212;&#8211;<br \/>dom\u00e1c\u00ed zdravotn\u00ed p\u00e9\u010de a paliativn\u00ed p\u00e9\u010de se od sebe li\u0161\u00ed v tom, jak t\u00fdm je slo\u017een\u00fd, nebo t\u00fdm lid\u00ed, kter\u00fd vlastn\u011b tu p\u00e9\u010di poskytuje, tak\u017ee jsou to dva odli\u0161n\u00e9 subjekty.<\/p>\n\n\n\n<p>mluv\u010d\u00ed 2,<br \/>&#8212;&#8212;&#8212;&#8212;&#8212;&#8212;&#8211;<br \/>Dal\u0161\u00ed ot\u00e1zka, jak \u010dasto denn\u011b m\u016f\u017ee zdravotn\u00ed dom\u00e1c\u00ed p\u00e9\u010de k pacientovi doch\u00e1zet a jak dlouho je zdarma.<\/p>\n\n\n\n<p>mluv\u010d\u00ed 14,<br \/>&#8212;&#8212;&#8212;&#8212;&#8212;&#8212;&#8211;<br \/>Tak doj\u00ed\u017ed\u011bt m\u016f\u017eou maxim\u00e1ln\u011b t\u0159ikr\u00e1t denn\u011b. O \u010dastosti t\u011bch n\u00e1v\u0161t\u011bv rozhoduje l\u00e9ka\u0159, stejn\u011b tak o t\u00e9 dob\u011b, kdy bude zdravotn\u00ed p\u00e9\u010de pacientovi poskytov\u00e1na a zdarma je po\u0159\u00e1d.<\/p>\n\n\n\n<p>mluv\u010d\u00ed 3,<br \/>&#8212;&#8212;&#8212;&#8212;&#8212;&#8212;&#8211;<br \/>Cht\u011bla bych se zeptat, zda o zdravotn\u00ed dom\u00e1c\u00ed p\u00e9\u010di m\u016f\u017eu po\u017e\u00e1dat sama, nebo se poradit s obvodn\u00edm l\u00e9ka\u0159em. Man\u017eel je na voz\u00edku a o dal\u0161\u00ed m\u00e1 dal\u0161\u00ed nemoce. A m\u011b by tedy zaj\u00edmalo, jak vlastn\u011b m\u00e1m po\u017e\u00e1dat.<\/p>\n\n\n\n<p>mluv\u010d\u00ed 14,<br \/>&#8212;&#8212;&#8212;&#8212;&#8212;&#8212;&#8211;<br \/>Tak doporu\u010duju kontaktovat praktick\u00e9ho l\u00e9ka\u0159e, anebo dom\u00e1c\u00ed p\u00e9\u010di v regionu, kterou si pan\u00ed najde. A ta j\u00ed ur\u010dit\u011b porad\u00ed.<\/p>\n\n\n\n<p>mluv\u010d\u00ed 2,<br \/>&#8212;&#8212;&#8212;&#8212;&#8212;&#8212;&#8211;<br \/>Diva\u010dka Jana se pt\u00e1, jak\u00e9 minim\u00e1ln\u00ed vzd\u011bl\u00e1n\u00ed mus\u00ed \u010dlov\u011bk m\u00edt, aby mohl pracovat v dom\u00e1c\u00ed p\u00e9\u010di.<\/p>\n\n\n\n<p>mluv\u010d\u00ed 14,<br \/>&#8212;&#8212;&#8212;&#8212;&#8212;&#8212;&#8211;<br \/>Tak mus\u00ed se jednat o v\u0161eobecnou sest\u0159i\u010dku, kter\u00e1 minim\u00e1ln\u011b dva roky pracovala u l\u016f\u017eka.<\/p>\n\n\n\n<p>mluv\u010d\u00ed 3,<br \/>&#8212;&#8212;&#8212;&#8212;&#8212;&#8212;&#8211;<br \/>Mohou se tyto p\u00e9\u010de vz\u00e1jemn\u011b prol\u00ednat, dom\u00e1c\u00ed p\u00e9\u010de je velmi n\u00e1ro\u010dn\u00e1. Ka\u017ed\u00fd je r\u00e1d, kdy\u017e ho n\u011bkdo na chv\u00edli zastane.<\/p>\n\n\n\n<p>mluv\u010d\u00ed 14,<br \/>&#8212;&#8212;&#8212;&#8212;&#8212;&#8212;&#8211;<br \/>Mysl\u00edm si, \u017ee bylo my\u0161leno ot\u00e1zkou, zda se m\u016f\u017ee pe\u010dovatelsk\u00e1 slu\u017eba a dom\u00e1c\u00ed p\u00e9\u010de prol\u00ednat, a to m\u016f\u017ee, o tom jsme se bavili u\u017e na za\u010d\u00e1tku.<\/p>\n\n\n\n<p>mluv\u010d\u00ed 2,<br \/>&#8212;&#8212;&#8212;&#8212;&#8212;&#8212;&#8211;<br \/>Pan\u00ed Jaroslava p\u00ed\u0161e, \u017ee j\u00ed zaj\u00edm\u00e1, zda p\u0159i o\u0161et\u0159ov\u00e1n\u00ed v r\u00e1mci dom\u00e1c\u00ed zdravotn\u00ed p\u00e9\u010de je pot\u0159ebn\u00e1 \u00fa\u010dast n\u011bkoho z rodiny.<\/p>\n\n\n\n<p>mluv\u010d\u00ed 14,<br \/>&#8212;&#8212;&#8212;&#8212;&#8212;&#8212;&#8211;<br \/>Tak \u00fa\u010dast rodiny je v\u017edycky v\u00edt\u00e1na, ale jestli je pot\u0159eba, z\u00e1le\u017e\u00ed na tom zdravotn\u00edm stavu toho pacienta, pokud pacient pot\u0159ebuje \u010dty\u0159iadvacetihodinov\u00fd dohled, tak pak samoz\u0159ejm\u011b ta rodina mus\u00ed b\u00fdt k dispozici, pokud se jedn\u00e1 pouze jenom o zdravotn\u00ed \u00fakony, kter\u00fd jsou vykon\u00e1v\u00e1ny t\u0159eba v tom \u010dase t\u0159ikr\u00e1t denn\u011b, tak ta \u00fa\u010dast rodiny nutn\u00e1 nen\u00ed.<\/p>\n\n\n\n<p>mluv\u010d\u00ed 2,<br \/>&#8212;&#8212;&#8212;&#8212;&#8212;&#8212;&#8211;<br \/>Je\u0161t\u011b m\u011b napad\u00e1, jestli t\u0159eba sest\u0159i\u010dka jezd\u00ed t\u0159eba v doprovodu je\u0161t\u011b n\u011bjak\u00e9 sv\u00e9 kolegyn\u011b.<\/p>\n\n\n\n<p>mluv\u010d\u00ed 14,<br \/>&#8212;&#8212;&#8212;&#8212;&#8212;&#8212;&#8211;<br \/>Zat\u00edm jsme nem\u011bli pot\u0159ebu.<\/p>\n\n\n\n<p>mluv\u010d\u00ed 3,<br \/>&#8212;&#8212;&#8212;&#8212;&#8212;&#8212;&#8211;<br \/>St\u0159\u00edd\u00e1me se sestrou u sv\u00e9ho 102let\u00e9ho tat\u00ednka a cht\u011bli bychom spolu str\u00e1vit prodlou\u017een\u00fd v\u00edkend? Sly\u0161eli jsme o tzv. odleh\u010dovac\u00ed p\u00e9\u010di, kdy m\u016f\u017eeme tat\u00ednka nap\u0159\u00edklad na t\u0159i dny sv\u011b\u0159it do n\u011bjak\u00e9ho za\u0159\u00edzen\u00ed. Jak postupovat, aby si tat\u00ednek nemyslel, \u017ee ho chceme n\u011bkam odlo\u017eit.<\/p>\n\n\n\n<p>mluv\u010d\u00ed 14,<br \/>&#8212;&#8212;&#8212;&#8212;&#8212;&#8212;&#8211;<br \/>Tak ur\u010dit\u011b s tat\u00ednkem o tom komunikovat, aby tat\u00ednek v\u011bd\u011bl, co je ten d\u016fvod, pro\u010d vlastn\u011b by tady ta slu\u017eba byla poskytnuta. A jinak tuto p\u00e9\u010di zaji\u0161\u0165uj\u00ed odd\u011blen\u00ed n\u00e1sledn\u00e9 l\u016f\u017ekov\u00e9 p\u00e9\u010de, tak\u017ee bych kontaktovala zdravotnick\u00e9 za\u0159\u00edzen\u00ed v nejbli\u017e\u0161\u00edm m\u00edst\u011b bydli\u0161t\u011b.<\/p>\n\n\n\n<p>mluv\u010d\u00ed 2,<br \/>&#8212;&#8212;&#8212;&#8212;&#8212;&#8212;&#8211;<br \/>Tak dal\u0161\u00ed ot\u00e1zka. Maminka m\u00e1 zdravotn\u00ed p\u00e9\u010di, ale u\u017e nechod\u00ed sama ven. N\u00e1kupy a n\u00e1kup. Te\u010f to nep\u0159e\u010dtu tady u l\u00e9ka\u0159\u016f s n\u00ed \u0159e\u0161\u00edm. J\u00e1, ale bydl\u00edm 70 km od maminky, m\u00e1 maminka n\u00e1rok na n\u011bjakou soci\u00e1ln\u00ed finan\u010dn\u00ed podporu. Douf\u00e1m, \u017ee jsme rozum\u011bli ot\u00e1zce.<\/p>\n\n\n\n<p>mluv\u010d\u00ed 14,<br \/>&#8212;&#8212;&#8212;&#8212;&#8212;&#8212;&#8211;<br \/>Tak tady bych doporu\u010dovala d\u00edvat se, se pod\u00edvat na str\u00e1nky ministerstva pr\u00e1ce a soci\u00e1ln\u00edch v\u011bc\u00ed, na tzv. p\u0159\u00edsp\u011bvky na p\u00e9\u010di a kontaktovat nejbli\u017e\u0161\u00ed \u00da\u0159ad pr\u00e1ce, kter\u00e9 j\u00ed pom\u016f\u017ee.<\/p>\n\n\n\n<p>mluv\u010d\u00ed 3,<br \/>&#8212;&#8212;&#8212;&#8212;&#8212;&#8212;&#8211;<br \/>Tady diva\u010dka p\u00ed\u0161e. V prvn\u00ed \u0159ad\u011b v\u00e1m p\u0159eji dobr\u00fd den a pevn\u00e9 zdrav\u00ed, v druh\u00e9 \u0159ad\u011b v\u00e1m a va\u0161im kolegyn\u00edm a koleg\u016fm a partner\u016fm pat\u0159\u00ed obrovsk\u00e9 pod\u011bkov\u00e1n\u00ed, v neposledn\u00ed \u0159ad\u011b v\u00e1m p\u0159eji neutuchaj\u00edc\u00ed radost z pr\u00e1ce, m\u00e1te m\u016fj velk\u00fd obdiv a \u00factu, pan\u00ed Eva<\/p>\n\n\n\n<p>mluv\u010d\u00ed 3,<br \/>&#8212;&#8212;&#8212;&#8212;&#8212;&#8212;&#8211;<br \/>\u010dasto se setk\u00e1v\u00e1te s d\u011bkov\u00e1n\u00edm.<\/p>\n\n\n\n<p>mluv\u010d\u00ed 14,<br \/>&#8212;&#8212;&#8212;&#8212;&#8212;&#8212;&#8211;<br \/>Velmi mus\u00edm \u0159\u00edct, \u017ee pochvala na dom\u00e1c\u00ed p\u00e9\u010di je opravdu v na\u0161\u00ed nemocnici to opravdu nej\u010dast\u011bji chv\u00e1len\u00e9 odd\u011blen\u00ed.<\/p>\n\n\n\n<p>mluv\u010d\u00ed 2,<br \/>&#8212;&#8212;&#8212;&#8212;&#8212;&#8212;&#8211;<br \/>Tak ono vlastn\u011b to mus\u00ed b\u00fdt pro v\u00e1s i psychicky velmi n\u00e1ro\u010dn\u00e1 pr\u00e1ce, tak tohle je zas naopak takov\u00fd, \u017ee v\u00e1m to vr\u00e1t\u00ed, \u017ee jo, ty pacienti i ta rodina.<\/p>\n\n\n\n<p>mluv\u010d\u00ed 14,<br \/>&#8212;&#8212;&#8212;&#8212;&#8212;&#8212;&#8211;<br \/>Pro ty d\u011bv\u010data je to po\u0159\u00e1d velmi d\u016fle\u017eit\u00e9, m\u00edt takovouhle zp\u011btnou vazbu.<\/p>\n\n\n\n<p>mluv\u010d\u00ed 2,<br \/>&#8212;&#8212;&#8212;&#8212;&#8212;&#8212;&#8211;<br \/>No a my pro tuhle chv\u00edli pan\u00ed \u0159editelce\u00a0<strong>Lind\u011b<\/strong>\u00a0z\u00edtov\u00e9 mockr\u00e1t d\u011bkujeme, \u017ee n\u00e1s provedla t\u00edmto t\u00e9matem.<\/p>\n\n\n\n<p><br \/><br \/><\/p>\n","protected":false},"excerpt":{"rendered":"<div class=\"mh-excerpt\"><p>V po\u0159adu Sama doma \u010cesk\u00e9 televize v r\u00e1mci t\u00e9matu zdravotn\u00ed dom\u00e1c\u00ed p\u00e9\u010de hovo\u0159ili se \u0159editelkou o\u0161et\u0159ovatelsk\u00e9 p\u00e9\u010de nemocnice M\u011bln\u00edk a spoluzakladatelkou dom\u00e1c\u00ed p\u00e9\u010de v nemocnici <a class=\"mh-excerpt-more\" href=\"https:\/\/www.invarena.cz\/?p=43359\" title=\"Zdravotn\u00ed dom\u00e1c\u00ed p\u00e9\u010de. Kdy a jak o ni \u017e\u00e1dat, kdo ji plat\u00ed\">[&#8230;]<\/a><\/p>\n<\/div>","protected":false},"author":1,"featured_media":21448,"comment_status":"open","ping_status":"closed","sticky":false,"template":"","format":"standard","meta":{"footnotes":""},"categories":[12,11],"tags":[],"class_list":["post-43359","post","type-post","status-publish","format-standard","has-post-thumbnail","hentry","category-rozhovory","category-zdravi"],"_links":{"self":[{"href":"https:\/\/www.invarena.cz\/index.php?rest_route=\/wp\/v2\/posts\/43359","targetHints":{"allow":["GET"]}}],"collection":[{"href":"https:\/\/www.invarena.cz\/index.php?rest_route=\/wp\/v2\/posts"}],"about":[{"href":"https:\/\/www.invarena.cz\/index.php?rest_route=\/wp\/v2\/types\/post"}],"author":[{"embeddable":true,"href":"https:\/\/www.invarena.cz\/index.php?rest_route=\/wp\/v2\/users\/1"}],"replies":[{"embeddable":true,"href":"https:\/\/www.invarena.cz\/index.php?rest_route=%2Fwp%2Fv2%2Fcomments&post=43359"}],"version-history":[{"count":0,"href":"https:\/\/www.invarena.cz\/index.php?rest_route=\/wp\/v2\/posts\/43359\/revisions"}],"wp:featuredmedia":[{"embeddable":true,"href":"https:\/\/www.invarena.cz\/index.php?rest_route=\/wp\/v2\/media\/21448"}],"wp:attachment":[{"href":"https:\/\/www.invarena.cz\/index.php?rest_route=%2Fwp%2Fv2%2Fmedia&parent=43359"}],"wp:term":[{"taxonomy":"category","embeddable":true,"href":"https:\/\/www.invarena.cz\/index.php?rest_route=%2Fwp%2Fv2%2Fcategories&post=43359"},{"taxonomy":"post_tag","embeddable":true,"href":"https:\/\/www.invarena.cz\/index.php?rest_route=%2Fwp%2Fv2%2Ftags&post=43359"}],"curies":[{"name":"wp","href":"https:\/\/api.w.org\/{rel}","templated":true}]}}