{"id":43362,"date":"2023-11-02T06:07:08","date_gmt":"2023-11-02T05:07:08","guid":{"rendered":"https:\/\/www.invarena.cz\/?p=43362"},"modified":"2023-11-02T06:08:26","modified_gmt":"2023-11-02T05:08:26","slug":"penezita-pomoc-materstvi-kdy-ji-mohu-ziskat-jak-o-ni-zadat","status":"publish","type":"post","link":"https:\/\/www.invarena.cz\/?p=43362","title":{"rendered":"Pen\u011b\u017eit\u00e1 pomoc mate\u0159stv\u00ed. Kdy ji mohu z\u00edskat, jak o ni \u017e\u00e1dat"},"content":{"rendered":"\n<p>V po\u0159adu Sama doma \u010cesk\u00e9 televize hovo\u0159ili o soci\u00e1ln\u00ed d\u00e1vce &#8211; pen\u011b\u017eit\u00e1 pomoc v mate\u0159stv\u00ed. Hostem byl Franti\u0161ek Boh\u00e1\u010dek, \u0159editel \u010cesk\u00e9 spr\u00e1vy soci\u00e1ln\u00edho zabezpe\u010den\u00ed.<br \/><\/p>\n\n\n\n<p>Tak co to je? Pen\u011b\u017eit\u00e1 pomoc mate\u0159stv\u00ed? M\u016f\u017eu zkr\u00e1cen\u011b \u0159\u00edct, \u017ee to je mate\u0159sk\u00e1?<br \/><br \/>Franti\u0161ek Boh\u00e1\u010dek, \u0159editel \u010cesk\u00e9 spr\u00e1vy soci\u00e1ln\u00edho zabezpe\u010den\u00ed<br \/>&#8212;&#8212;&#8212;&#8212;&#8212;&#8212;&#8211;<br \/>M\u016f\u017eete, ale nen\u00ed to rodi\u010dovsk\u00e1.<br \/><br \/>mluv\u010d\u00ed 1,<br \/>&#8212;&#8212;&#8212;&#8212;&#8212;&#8212;&#8211;<br \/>Poj\u010fme si \u0159\u00edct, jak\u00fd je rozd\u00edl mezi rodi\u010dovskou a mezi d\u011btmi mate\u0159skou.<br \/><br \/>Franti\u0161ek Boh\u00e1\u010dek, \u0159editel \u010cesk\u00e9 spr\u00e1vy soci\u00e1ln\u00edho zabezpe\u010den\u00ed<br \/>&#8212;&#8212;&#8212;&#8212;&#8212;&#8212;&#8211;<br \/>Tak mate\u0159sk\u00e1, tak, jak \u0159\u00edk\u00e1te zkr\u00e1cen\u011b, tak dlouze se jmenuje pen\u011b\u017eit\u00e1 pomoc mate\u0159stv\u00ed, je to d\u00e1vka ze syst\u00e9mu nemocensk\u00e9ho poji\u0161t\u011bn\u00ed, zat\u00edmco rodi\u010dovsk\u00fd p\u0159\u00edsp\u011bvek je d\u00e1vka st\u00e1tn\u00ed soci\u00e1ln\u00ed podpory, kter\u00e1 se poskytuje v trochu jin\u00fdch p\u0159\u00edpadech ne\u017e pen\u011b\u017eit\u00e1 pomoc mate\u0159stv\u00ed.<br \/><br \/>mluv\u010d\u00ed 1,<br \/>&#8212;&#8212;&#8212;&#8212;&#8212;&#8212;&#8211;<br \/>Kdy m\u016f\u017eu \u010derpat pen\u011b\u017eitou pomoc v mate\u0159stv\u00ed.<br \/><br \/>Franti\u0161ek Boh\u00e1\u010dek, \u0159editel \u010cesk\u00e9 spr\u00e1vy soci\u00e1ln\u00edho zabezpe\u010den\u00ed<br \/>&#8212;&#8212;&#8212;&#8212;&#8212;&#8212;&#8211;<br \/>Tak ta z\u00e1kladn\u00ed situace je, kdy\u017e jste t\u011bhotn\u00e1, sou\u010dasn\u011b chod\u00edte do zam\u011bstn\u00e1n\u00ed a ot\u011bhotn\u00edte tak mezi \u0161est\u00fdm a osm\u00fdm t\u00fddnem p\u0159ed o\u010dek\u00e1van\u00fdm datem porodu, tak m\u016f\u017eete nastoupit na mate\u0159skou dovolenou a sou\u010dasn\u011b \u010derpat pen\u011b\u017eitou pomoc mate\u0159stv\u00ed, pen\u011b\u017eitou pomoc mate\u0159stv\u00ed m\u016f\u017eete \u010derpat po takzvan\u011b podp\u016fr\u010d\u00ed dobu, co\u017e je 28 t\u00fddn\u016f standardn\u011b, nebo pokud v\u00e1m narod\u00ed dvoj\u010data nebo v\u00edcer\u010data, tak potom m\u016f\u017eete \u010derpat tu pen\u011b\u017eitou pomoc mate\u0159stv\u00ed a\u017e 37 t\u00fddn\u016f a tam je z\u00e1sadn\u00ed pr\u00e1v\u011b to o\u010dek\u00e1van\u00e9 datum porodu, proto\u017ee od toho se potom odv\u00edj\u00ed ten v\u00e1\u0161 n\u00e1stup na tu pen\u011b\u017eitou pomoc v mate\u0159stv\u00ed. M\u016f\u017ee se st\u00e1t, \u017ee to o\u010dek\u00e1van\u00e9 datum porodu se zm\u011bn\u00ed, je tam t\u0159eba nap\u0159\u00edklad p\u0159ed\u010dasn\u00fd porod, pak nastupujete na tu pen\u011b\u017eitou pomoc v mate\u0159stv\u00ed t\u00edm dnem toho porodu.<br \/><br \/>mluv\u010d\u00ed 1,<br \/>&#8212;&#8212;&#8212;&#8212;&#8212;&#8212;&#8211;<br \/>To znamen\u00e1, \u017ee pokud tedy ot\u011bhotn\u00ed a dejme tomu, bych se u\u017e nec\u00edtila dob\u0159e, tak m\u016f\u017eu za\u010d\u00edt \u010derpat pen\u011b\u017eitou pomoc v mate\u0159stv\u00ed, ale pokud se t\u0159eba budu dob\u0159e c\u00edtit a budu d\u00e1l pracovat, tak na tu pen\u011b\u017eitou pomoc v mate\u0159stv\u00ed nem\u00e1m n\u00e1rok, proto\u017ee beru prost\u011b sv\u016fj plat norm\u00e1ln\u00ed.<br \/><br \/>Franti\u0161ek Boh\u00e1\u010dek, \u0159editel \u010cesk\u00e9 spr\u00e1vy soci\u00e1ln\u00edho zabezpe\u010den\u00ed<br \/>&#8212;&#8212;&#8212;&#8212;&#8212;&#8212;&#8211;<br \/>Tam z\u00e1le\u017e\u00ed, jak\u00e1 nastane situace. Standardn\u00ed t\u011bhotenstv\u00ed prob\u00edh\u00e1 dev\u011bt m\u011bs\u00edc\u016f, b\u011bhem toho t\u011bhotenstv\u00ed se m\u016f\u017ee st\u00e1t, \u017ee nastane n\u011bjak\u00fd zdravotn\u00ed probl\u00e9m v pr\u016fb\u011bhu toho t\u011bhotenstv\u00ed. M\u016f\u017eete \u010derpat nap\u0159\u00edklad nemocensk\u00e9 z d\u016fvodu rizikov\u00e9ho t\u011bhotenstv\u00ed v tu chv\u00edli, tak\u017ee tam m\u016f\u017eete b\u00fdt teoreticky\u00a0<strong>doma<\/strong>, nemus\u00edte u\u017e chodit do zam\u011bstn\u00e1n\u00ed a a\u017e pr\u00e1v\u011b v okam\u017eiku, kdy nastane ten moment toho o\u010dek\u00e1van\u00e9ho data porodu a p\u0159ed n\u00edm t\u011bch 6\u20138 t\u00fddn\u016f si vol\u00edte datum n\u00e1stupu, tak pak v tu chv\u00edli nastupujete na pen\u011b\u017eitou pomoc mate\u0159stv\u00ed a to, co vy popisujete, nem\u016f\u017eete \u010derpat sou\u010dasn\u011b d\u00e1vku a sou\u010dasn\u011b chodit do stejn\u00e9ho zam\u011bstn\u00e1n\u00ed, ze kter\u00e9ho tu d\u00e1vku nebo z toho poji\u0161t\u011bn\u00ed, z toho zam\u011bstn\u00e1n\u00ed, ze kter\u00e9ho tu d\u00e1vku \u010derp\u00e1te, to znamen\u00e1, pokud se c\u00edt\u00edte dob\u0159e, tak to samoz\u0159ejm\u011b v\u00fdd\u011ble\u010dnou \u010dinnost p\u0159\u00edmo nevylu\u010duje, ale nem\u016f\u017eete sou\u010dasn\u011b \u010derpat d\u00e1vku a pracovat u toho stejn\u00e9ho zam\u011bstnavatele, v tom stejn\u00e9m zam\u011bstn\u00e1n\u00ed m\u016f\u017eete teoreticky d\u011blat n\u011bco jin\u00e9ho. V\u011bt\u0161inou se to teda nest\u00e1v\u00e1, ale ze z\u00e1kona to mo\u017en\u00e9 je, tam je sp\u00ed\u0161 to kl\u00ed\u010dov\u00e9 o\u010dek\u00e1van\u00e9 datum porodu, to v\u00e1m mus\u00ed potvrdit v\u00e1\u0161 o\u0161et\u0159uj\u00edc\u00ed gynekolog, vy na z\u00e1klad\u011b toho, \u017ee v\u00e1m to potvrd\u00ed na t\u00e9 \u017e\u00e1dosti o pen\u011b\u017eitou pomoc mate\u0159stv\u00ed, kterou on v\u00e1m bu\u010f vystav\u00ed automaticky, nebo mu \u0159eknete, aby v\u00e1m vystavil tu \u017e\u00e1dost o pen\u011b\u017eitou pomoc v mate\u0159stv\u00ed, do t\u00e9 \u017e\u00e1dosti dopln\u00edte n\u011bjak\u00e9 dal\u0161\u00ed \u00fadaje, to z\u00e1sadn\u00ed je pr\u00e1v\u011b to, kdy nastupujete na tu pen\u011b\u017eitou pomoc mate\u0159stv\u00ed, co\u017e je mezi t\u00edm \u0161est\u00fdm a osm\u00fdm t\u00fddnem p\u0159ed t\u00edm o\u010dek\u00e1van\u00fdm datem porodu a p\u0159ed\u00e1te tu \u017e\u00e1dost sv\u00e9mu zam\u011bstnavateli, on v\u00ed, kdy na tu pen\u011b\u017eitou pomoc v mate\u0159stv\u00ed nastupujete, u\u017e z toho i v\u00ed, kdy nastupujete na mate\u0159skou dovolenou a kdy nep\u0159ijdu do pr\u00e1ce a kdy se chyst\u00e1te u\u017e nep\u0159ij\u00edt do zam\u011bstn\u00e1n\u00ed. A v tu chv\u00edli se potom spou\u0161t\u00ed n\u011bjak\u00fd proces, na z\u00e1klad\u011b kter\u00e9ho my administrujeme v\u00fdplatu t\u00e9 d\u00e1vky. Zam\u011bstnavatel n\u00e1m pos\u00edl\u00e1 je\u0161t\u011b p\u0159\u00edlohu \u017e\u00e1dosti o d\u00e1vku, ve kter\u00e9 vypl\u0148uje va\u0161e p\u0159edchoz\u00ed p\u0159\u00edjmy. Zpravidla za p\u0159edchoz\u00edch 12 m\u011bs\u00edc\u016f, pokud to zam\u011bstn\u00e1n\u00ed bylo krat\u0161\u00ed, tak za to obdob\u00ed toho zam\u011bstn\u00e1n\u00ed, aby na z\u00e1klad\u011b t\u011bch podklad\u016f od zam\u011bstnavatele potom zpracov\u00e1v\u00e1me tu vlastn\u00ed v\u00fdplatu t\u00e9 d\u00e1vky.<br \/><br \/>mluv\u010d\u00ed 1,<br \/>&#8212;&#8212;&#8212;&#8212;&#8212;&#8212;&#8211;<br \/>Jak je to kdy\u017e jsem OSV\u010c?<br \/><br \/>Franti\u0161ek Boh\u00e1\u010dek, \u0159editel \u010cesk\u00e9 spr\u00e1vy soci\u00e1ln\u00edho zabezpe\u010den\u00ed<br \/>&#8212;&#8212;&#8212;&#8212;&#8212;&#8212;&#8211;<br \/>Kdy\u017e jste OSV\u010c, tak mus\u00edte b\u00fdt nemocensky poji\u0161t\u011bn\u00e1, je to podm\u00ednka, proto\u017ee ta d\u00e1vka je takzvan\u011b pojistn\u00e1, nen\u00ed nepojistn\u00e1, to je rozd\u00edl pr\u00e1v\u011b mezi rodi\u010dovsk\u00fdm p\u0159\u00edsp\u011bvkem a pen\u011b\u017eitou pomoc\u00ed mate\u0159stv\u00ed, pen\u011b\u017eit\u00e1 pomoc mate\u0159stv\u00ed je pojistn\u00e1 d\u00e1vka a p\u0159edpokl\u00e1d\u00e1, \u017ee m\u00e1te \u00fa\u010dast na poji\u0161t\u011bn\u00ed, v tom p\u0159\u00edpad\u011b na nemocensk\u00e9m poji\u0161t\u011bn\u00ed, nikoliv na zdravotn\u00edm nebo n\u011bjak\u00e9m jin\u00e9m poji\u0161t\u011bn\u00ed, a kdy\u017e m\u00e1te \u00fa\u010dast, tak m\u016f\u017eete \u010derpat. D\u00e1vku OSV\u010c si ale mus\u00edte platit alespo\u0148 180 dn\u016f p\u0159edt\u00edm, ne\u017e na tu pen\u011b\u017eitou pomoc v mate\u0159stv\u00ed nastupujete pr\u00e1v\u011b proto, aby n\u00e1m nezaplatili OSV\u010c m\u011bs\u00edc p\u0159edt\u00edm, ne\u017e budou cht\u00edt na tu mate\u0159skou nastoupit. Logicky by to asi d\u011blali, bylo by to pochopiteln\u00e9, pokud by to z\u00e1kon umo\u017e\u0148oval. Tak\u017ee tam jsou n\u011bjak\u00e9 brzdy v tom syst\u00e9mu, aby tam n\u011bjak\u00e1 \u00fa\u010dast na poji\u0161t\u011bn\u00ed p\u0159edch\u00e1zela, u zam\u011bstnanc\u016f to nen\u00ed rozd\u00edln\u00e9, tam je \u00fa\u010dast na poji\u0161t\u011bn\u00ed 270 dn\u016f v p\u0159edchoz\u00edch dvou letech, ona i u OSV\u010c, jenom tam je\u0161t\u011b z\u00e1sadn\u00ed to, pokud chcete \u010derpat z poji\u0161t\u011bn\u00ed OSV\u010c, tak tam mus\u00edte m\u00edt t\u011bch 180 dn\u016f p\u0159edt\u00edm, ne\u017e na tu pen\u011b\u017eitou pomoc v mate\u0159stv\u00ed nastupujete, ale je\u0161t\u011b k tomu st\u00e1le mus\u00edte spl\u0148ovat tu podm\u00ednku t\u011bch 270 dn\u016f poji\u0161t\u011bn\u00ed. Je to relativn\u011b slo\u017eit\u00e9, ale standardn\u011b to funguje. Tak v\u011bt\u0161ina maminek budouc\u00edch, proto\u017ee tu pen\u011b\u017eitou pomoc v mate\u0159stv\u00ed v tom po\u010d\u00e1tku m\u016f\u017ee \u010derpat jenom ta osoba, kter\u00e1 je t\u011bhotn\u00e1.<br \/><br \/>mluv\u010d\u00ed 1,<br \/>&#8212;&#8212;&#8212;&#8212;&#8212;&#8212;&#8211;<br \/>Tak\u017ee ne mu\u017e, ne, nap\u0159\u00edklad tat\u00ednek nen\u00ed t\u011bhotn\u00fd.<br \/><br \/>Franti\u0161ek Boh\u00e1\u010dek, \u0159editel \u010cesk\u00e9 spr\u00e1vy soci\u00e1ln\u00edho zabezpe\u010den\u00ed<br \/>&#8212;&#8212;&#8212;&#8212;&#8212;&#8212;&#8211;<br \/>Tat\u00ednek m\u016f\u017ee \u010derpat n\u00e1sledn\u011b a\u017e si p\u0159evezme to vlastn\u00ed miminko, a\u017e se narod\u00ed, ale v tom okam\u017eiku p\u0159ed t\u00edm o\u010dek\u00e1van\u00fdm datem porodu, pokud je\u0161t\u011b porod nenastal, tak m\u016f\u017ee \u010derpat jenom matka tu d\u00e1vku. A tam je pr\u00e1v\u011b z\u00e1sadn\u00ed, \u017ee a\u0165 u\u017e zam\u011bstnanec nebo OSV\u010c mus\u00ed b\u00fdt poji\u0161t\u011bn\u00ed a pokud pracuj\u00ed, standardn\u011b pracuj\u00ed, tak maj\u00ed i \u00fa\u010dast na poji\u0161t\u011bn\u00ed, proto\u017ee ta je povinn\u00e1 u zam\u011bstnanc\u016f, u OSV\u010c je dobrovoln\u00e1, samoz\u0159ejm\u011b osoby samostatn\u011b v\u00fdd\u011ble\u010dn\u011b \u010dinn\u00e9 se mus\u00ed rozhodnout, jestli se cht\u011bj\u00ed pojistit, nebo ne, jestli p\u0159edpokl\u00e1daj\u00ed, \u017ee budou m\u00edt d\u011bti, samoz\u0159ejm\u011b to nekryje jenom mate\u0159stv\u00ed, kryje to samoz\u0159ejm\u011b i nemoc, to nemocensk\u00e9 poji\u0161t\u011bn\u00ed, tak\u017ee pokud se rozhodnou a plat\u00ed si, tak potom jim se ta d\u00e1vka odv\u00edj\u00ed od toho jejich vym\u011b\u0159ovac\u00edho z\u00e1kladu, kter\u00fd maj\u00ed nastaven\u00fd v r\u00e1mci t\u00e9 svoj\u00ed \u00fa\u010dasti na poji\u0161t\u011bn\u00ed z titulu OSV\u010c a ti nepod\u00e1vaj\u00ed \u017e\u00e1dost u zam\u011bstnavatele, ale \u017e\u00e1dost rovnou pos\u00edlaj\u00ed na m\u00edstn\u00ed p\u0159\u00edslu\u0161nou okresn\u00ed spr\u00e1vu soci\u00e1ln\u00edho zabezpe\u010den\u00ed.<br \/><br \/>mluv\u010d\u00ed 1,<br \/>&#8212;&#8212;&#8212;&#8212;&#8212;&#8212;&#8211;<br \/>Ch\u00e1pu, je to komplikovan\u011bj\u0161\u00ed, ale rozum\u00edm tomu, v\u011b\u0159\u00edm, \u017ee i na\u0161e diva\u010dky, OSV\u010c. Jak je to tedy s t\u00edm, \u017ee by tu d\u00e1vku mohl \u010derpat i otec nebo n\u011bjak\u00e1 pe\u010duj\u00edc\u00ed osoba? Je to a\u017e po \u0161esti t\u00fddnech po porodu, kdy tedy v\u00fdhradn\u00ed p\u00e9\u010de nejd\u0159\u00edv je u maminky a potom m\u016f\u017ee p\u0159ej\u00edt na dal\u0161\u00ed osobu.<br \/><br \/>Franti\u0161ek Boh\u00e1\u010dek, \u0159editel \u010cesk\u00e9 spr\u00e1vy soci\u00e1ln\u00edho zabezpe\u010den\u00ed<br \/>&#8212;&#8212;&#8212;&#8212;&#8212;&#8212;&#8211;<br \/>P\u0159esn\u011b tak, to p\u0159evzet\u00ed, ta pen\u011b\u017eit\u00e1 pomoc mate\u0159stv\u00ed p\u0159i p\u0159evzet\u00ed d\u00edt\u011bte do p\u00e9\u010de, tak je postavena vlastn\u011b na tom, \u017ee ta maminka, dokud je t\u011bhotn\u00e1, tak \u017e\u00e1dn\u00e9 d\u00edt\u011b p\u0159evz\u00edt nemohu, maminka je t\u011bhotn\u00e1, jakmile se d\u00edt\u011b narod\u00ed, tak je tam n\u011bjak\u00e1 ochrann\u00e1 lh\u016fta, pr\u00e1v\u011b pro tu maminku. Je to \u0161est t\u00fddn\u016f, je to \u0161est t\u00fddn\u016f po porodu, kdy jsou tam n\u011bjak\u00e9 logick\u00e9 d\u016fvody pro to, \u017ee ona d\u00e1l tu d\u00e1vku \u010derp\u00e1, t\u011bch \u0161est t\u00fddn\u016f t\u0159eba koj\u00ed samoz\u0159ejm\u011b.<br \/><br \/>mluv\u010d\u00ed 1,<br \/>&#8212;&#8212;&#8212;&#8212;&#8212;&#8212;&#8211;<br \/>Ale m\u016f\u017ee d\u011blat tat\u00ednek.<br \/><br \/>Franti\u0161ek Boh\u00e1\u010dek, \u0159editel \u010cesk\u00e9 spr\u00e1vy soci\u00e1ln\u00edho zabezpe\u010den\u00ed<br \/>&#8212;&#8212;&#8212;&#8212;&#8212;&#8212;&#8211;<br \/>P\u0159esn\u011b tak, jsou tam r\u016fzn\u00e9 d\u016fvody, zejm\u00e9na samoz\u0159ejm\u011b zdravotn\u00ed potom porodu, kdy ona je\u0161t\u011b tu d\u00e1vku \u010derp\u00e1 a po\u010d\u00e1tkem toho \u0161est\u00e9ho, od toho konce toho \u0161est\u00e9ho t\u00fddne po porodu, tak m\u016f\u017ee p\u0159evz\u00edt do p\u00e9\u010de to d\u00edt\u011b n\u011bkdo jin\u00fd, m\u016f\u017ee to b\u00fdt bu\u010f tat\u00ednek, nebo to m\u016f\u017ee b\u00fdt i jin\u00e1 osoba. Ty p\u0159\u00edpady samoz\u0159ejm\u011b nenast\u00e1vaj\u00ed p\u0159\u00edli\u0161 \u010dasto, ale st\u00e1t se mohou, nap\u0159\u00edklad maminka m\u016f\u017ee m\u00edt v\u00e1\u017en\u00e9 zdravotn\u00ed probl\u00e9my, a proto o to d\u00edt\u011b nem\u016f\u017ee osobn\u011b pe\u010dovat a pak tu pen\u011b\u017eitou pomoc mate\u0159stv\u00ed p\u0159eb\u00edr\u00e1 ten tat\u00ednek a on mus\u00ed po\u017e\u00e1dat, je to \u017e\u00e1dost o pen\u011b\u017eitou pomoc mate\u0159stv\u00ed p\u0159i p\u0159ijet\u00ed d\u00edt\u011bte do p\u00e9\u010de, pokud je tam zdravotn\u00ed d\u016fvod, pot\u0159ebujeme potvrzen\u00ed, \u017ee ta maminka opravdu nen\u00ed schopn\u00e1 se o to d\u00edt\u011b\u00a0<strong>sama<\/strong>\u00a0starat, nebo pokud se dohodli, \u017ee tu mate\u0159skou bude \u010derpat nebo tu pen\u011b\u017eitou pomoc mate\u0159stv\u00ed, \u017ee bude \u010derpat tat\u00ednek.<br \/><br \/>mluv\u010d\u00ed 1,<br \/>&#8212;&#8212;&#8212;&#8212;&#8212;&#8212;&#8211;<br \/>T\u0159eba proto, \u017ee maminka chce do pr\u00e1ce.<br \/><br \/>Franti\u0161ek Boh\u00e1\u010dek, \u0159editel \u010cesk\u00e9 spr\u00e1vy soci\u00e1ln\u00edho zabezpe\u010den\u00ed<br \/>&#8212;&#8212;&#8212;&#8212;&#8212;&#8212;&#8211;<br \/>P\u0159esn\u011b tak, t\u0159eba proto, \u017ee maminka chce do pr\u00e1ce nebo teoreticky m\u016f\u017ee p\u0159evz\u00edt tu p\u00e9\u010di to d\u00edt\u011b i babi\u010dka, ale je tam z\u00e1sadn\u00ed, \u017ee tam mus\u00ed b\u00fdt dohoda \u00fa\u0159edn\u011b ov\u011b\u0159en\u00e1 mezi maminkou a tou druhou osobou, na kterou bude p\u0159ech\u00e1zet ta p\u00e9\u010de o to d\u00edt\u011b fyzick\u00e1.<br \/><br \/>mluv\u010d\u00ed 1,<br \/>&#8212;&#8212;&#8212;&#8212;&#8212;&#8212;&#8211;<br \/>Moc d\u011bkujeme a p\u0159ejeme v\u00e1m hezk\u00fd den.<br \/><br \/><br \/><\/p>\n","protected":false},"excerpt":{"rendered":"<div class=\"mh-excerpt\"><p>V po\u0159adu Sama doma \u010cesk\u00e9 televize hovo\u0159ili o soci\u00e1ln\u00ed d\u00e1vce &#8211; pen\u011b\u017eit\u00e1 pomoc v mate\u0159stv\u00ed. Hostem byl Franti\u0161ek Boh\u00e1\u010dek, \u0159editel \u010cesk\u00e9 spr\u00e1vy soci\u00e1ln\u00edho zabezpe\u010den\u00ed. Tak <a class=\"mh-excerpt-more\" href=\"https:\/\/www.invarena.cz\/?p=43362\" title=\"Pen\u011b\u017eit\u00e1 pomoc mate\u0159stv\u00ed. Kdy ji mohu z\u00edskat, jak o ni \u017e\u00e1dat\">[&#8230;]<\/a><\/p>\n<\/div>","protected":false},"author":1,"featured_media":30134,"comment_status":"open","ping_status":"closed","sticky":false,"template":"","format":"standard","meta":{"footnotes":""},"categories":[1],"tags":[],"class_list":["post-43362","post","type-post","status-publish","format-standard","has-post-thumbnail","hentry","category-nezarazene"],"_links":{"self":[{"href":"https:\/\/www.invarena.cz\/index.php?rest_route=\/wp\/v2\/posts\/43362","targetHints":{"allow":["GET"]}}],"collection":[{"href":"https:\/\/www.invarena.cz\/index.php?rest_route=\/wp\/v2\/posts"}],"about":[{"href":"https:\/\/www.invarena.cz\/index.php?rest_route=\/wp\/v2\/types\/post"}],"author":[{"embeddable":true,"href":"https:\/\/www.invarena.cz\/index.php?rest_route=\/wp\/v2\/users\/1"}],"replies":[{"embeddable":true,"href":"https:\/\/www.invarena.cz\/index.php?rest_route=%2Fwp%2Fv2%2Fcomments&post=43362"}],"version-history":[{"count":0,"href":"https:\/\/www.invarena.cz\/index.php?rest_route=\/wp\/v2\/posts\/43362\/revisions"}],"wp:featuredmedia":[{"embeddable":true,"href":"https:\/\/www.invarena.cz\/index.php?rest_route=\/wp\/v2\/media\/30134"}],"wp:attachment":[{"href":"https:\/\/www.invarena.cz\/index.php?rest_route=%2Fwp%2Fv2%2Fmedia&parent=43362"}],"wp:term":[{"taxonomy":"category","embeddable":true,"href":"https:\/\/www.invarena.cz\/index.php?rest_route=%2Fwp%2Fv2%2Fcategories&post=43362"},{"taxonomy":"post_tag","embeddable":true,"href":"https:\/\/www.invarena.cz\/index.php?rest_route=%2Fwp%2Fv2%2Ftags&post=43362"}],"curies":[{"name":"wp","href":"https:\/\/api.w.org\/{rel}","templated":true}]}}