{"id":43435,"date":"2023-11-07T08:33:05","date_gmt":"2023-11-07T07:33:05","guid":{"rendered":"https:\/\/www.invarena.cz\/?p=43435"},"modified":"2023-11-07T08:33:06","modified_gmt":"2023-11-07T07:33:06","slug":"pro-a-proti-zuzana-freitas-lopesova-pirati-magda-faltova-reditelka-sdruzeni-pro-integraci-a-migraci","status":"publish","type":"post","link":"https:\/\/www.invarena.cz\/?p=43435","title":{"rendered":"Pro a proti: Zuzana Freitas Lopesov\u00e1 (Pir\u00e1ti), Magda Faltov\u00e1 (\u0159editelka Sdru\u017een\u00ed pro integraci a migraci)\u00a0\u00a0"},"content":{"rendered":"\n<p>Takzvan\u00fd Lex Ukrajina 5 m\u011bl mimo jin\u00e9 motivovat ukrajinsk\u00e9 uprchl\u00edky k tomu, aby si na\u0161li pr\u00e1ci a bydlen\u00ed a nemuseli b\u00fdt z\u00e1visl\u00ed na st\u00e1tn\u00edch d\u00e1vk\u00e1ch. Po 4 m\u011bs\u00edc\u00edch od zaveden\u00ed nov\u00fdch pravidel se ale ukazuje, \u017ee mnoho lid\u00ed se ocitlo v t\u00edsniv\u00e9 situaci, proto\u017ee p\u0159i\u0161li o ve\u0161kerou podporu t\u0159eba proto, \u017ee si vyd\u011blaj\u00ed o trochu v\u00edc, ne\u017e \u010din\u00ed n\u00e1rok na d\u00e1vku. Byl Lex Ukrajina 5 krokem spr\u00e1vn\u00fdm sm\u011brem? Hosty dne\u0161n\u00edho Pro a proti jsou n\u00e1m\u011bstkyn\u011b\u00a0<strong>ministra<\/strong>\u00a0<strong>pr\u00e1ce<\/strong>\u00a0a soci\u00e1ln\u00edch v\u011bc\u00ed Zuzana Freitas Lopesov\u00e1 z \u010cesk\u00e9 pir\u00e1tsk\u00e9 strany. A tak\u00e9 \u0159editelka Sdru\u017een\u00ed pro integraci a migraci Magda Faltov\u00e1. V\u00edt\u00e1m v\u00e1s.<br \/>&#8212;&#8212;&#8212;&#8212;&#8212;&#8212;&#8211;<br \/>\u010cRo Plus\u00a0&#8211; Pro a proti<br \/><br \/>moder\u00e1tor<br \/>&#8212;&#8212;&#8212;&#8212;&#8212;&#8212;&#8211;<br \/>Pan\u00ed n\u00e1m\u011bstkyn\u011b, mysl\u00edte, \u017ee Lex Ukrajina 5 p\u0159inesl to, co si od n\u011bj vl\u00e1da slibovala?<br \/><br \/>Zuzana FREITAS LOPESOV\u00c1, n\u00e1m\u011bstkyn\u011b Ministerstva pr\u00e1ce a soci\u00e1ln\u00edch v\u011bc\u00ed \/Pir\u00e1ti\/<br \/>&#8212;&#8212;&#8212;&#8212;&#8212;&#8212;&#8211;<br \/>Tak ka\u017ed\u00e1 zm\u011bna n\u011bco p\u0159inese, jestli to pozitivn\u00ed nebo negativn\u00ed m\u016f\u017eete \u0159\u00edct pot\u00e9, co m\u00e1te data. Lex Ukrajina je tady 4 m\u011bs\u00edce, tak\u017ee n\u011bjak\u00e1 z\u00e1kladn\u00ed data m\u00e1me, ale je to pom\u011brn\u011b kr\u00e1tk\u00fd \u010dasov\u00fd \u00fasek na to, abychom vid\u011bli n\u011bjak\u00fd v\u00fdrazn\u00fd dopad. J\u00e1 mo\u017en\u00e1 za\u010dnu p\u00e1r \u010d\u00edsly, m\u00e1me tu asi 365 000 uprchl\u00edk\u016f, z toho 100 000 je v tuto chv\u00edli p\u0159\u00edjemci t\u00e9 humanit\u00e1rn\u00ed d\u00e1vky a asi 120 000 osob pracuje, kdy\u017e si vezmete celkov\u00e9 \u010d\u00edslo, je to 30 % lid\u00ed, kter\u00e9 pracuj\u00ed, p\u0159i\u010dem\u017e 30 % lid\u00ed, kte\u0159\u00ed tu jsou, jsou d\u011bti, tak\u017ee m\u016f\u017eeme \u0159\u00edct, \u017ee to \u010d\u00edslo je pom\u011brn\u011b vysok\u00e9.<br \/><br \/>moder\u00e1tor<br \/>&#8212;&#8212;&#8212;&#8212;&#8212;&#8212;&#8211;<br \/>D\u00edky tomuto z\u00e1konu?<br \/><br \/>Zuzana FREITAS LOPESOV\u00c1, n\u00e1m\u011bstkyn\u011b Ministerstva pr\u00e1ce a soci\u00e1ln\u00edch v\u011bc\u00ed \/Pir\u00e1ti\/<br \/>&#8212;&#8212;&#8212;&#8212;&#8212;&#8212;&#8211;<br \/>To v\u00e1m z toho kr\u00e1tk\u00e9ho \u010dasov\u00e9ho \u00faseku nepov\u00edm. Ale co v\u00edme, tak je postupn\u011b se zvy\u0161uj\u00edc\u00ed po\u010det t\u011bch zam\u011bstnan\u00fdch, ka\u017ed\u00fd m\u011bs\u00edc p\u00e1r tis\u00edc p\u0159ivede.<br \/><br \/>Jan BUMBA, moder\u00e1tor<br \/>&#8212;&#8212;&#8212;&#8212;&#8212;&#8212;&#8211;<br \/>Pan\u00ed Faltov\u00e1, od neziskov\u00fdch organizac\u00ed sly\u0161\u00edme sp\u00ed\u0161e kritiku tohoto z\u00e1kona. Vid\u00edte na n\u011bm i n\u011bco dobr\u00e9ho?<br \/><br \/>Magda FALTOV\u00c1, \u0159editelka Sdru\u017een\u00ed pro integraci a migraci<br \/>&#8212;&#8212;&#8212;&#8212;&#8212;&#8212;&#8211;<br \/>Trochu jste m\u011b zasko\u010dil. Moc dobr\u00e9ho na tom nevid\u00edme. Mysl\u00edm si, \u017ee se m\u011blo vlastn\u011b s t\u011bmi zm\u011bnami po\u010dkat, m\u011bly se l\u00e9pe p\u0159ipravit. A my vlastn\u011b o t\u00e9 \u00fa\u010dinnosti nebo i p\u0159edt\u00edm se jako intenzivn\u011b v\u011bnujeme tomu, aby se ty v\u011bci napravovaly, mysl\u00edm si, \u017ee takhle se legislativa d\u011blat nem\u00e1. Dobr\u00e9ho to mo\u017en\u00e1 p\u0159ineslo to, \u017ee jsme si, \u017ee ten z\u00e1kon poprv\u00e9 vlastn\u011b n\u011bjak\u00fdm zp\u016fsobem definuje ty zraniteln\u00e9 osoby, ty uprchl\u00edky, o kter\u00fdch v\u00edme, \u017ee budou pot\u0159ebovat dlouhodob\u011bj\u0161\u00ed v\u011bt\u0161\u00ed podporu, a to si mysl\u00edm, \u017ee je d\u016fle\u017eit\u00e9, abychom si to uv\u011bdomili v t\u00e9 legislativ\u011b, ale samoz\u0159ejm\u011b potom tak\u00e9 v t\u00e9 praxi a s t\u011bmi opat\u0159en\u00edmi, kter\u00e9 by na n\u011b m\u011bly dopadat.<br \/><br \/>Jan BUMBA, moder\u00e1tor<br \/>&#8212;&#8212;&#8212;&#8212;&#8212;&#8212;&#8211;<br \/>Pan\u00ed Freitas Lopesov\u00e1, j\u00e1 ch\u00e1pu ten v\u00e1\u0161 argument, \u017ee je pot\u0159eba m\u00edt n\u011bjak\u00e1 data, ne\u017e se bude hodnotit, ale u\u017e jsou data, kter\u00e1 by \u0159\u00edkala, jestli ten z\u00e1kon sn\u00ed\u017eil celkov\u00fd objem podpory vypl\u00e1cen\u00e9 uprchl\u00edk\u016fm?<br \/><br \/>Zuzana FREITAS LOPESOV\u00c1, n\u00e1m\u011bstkyn\u011b Ministerstva pr\u00e1ce a soci\u00e1ln\u00edch v\u011bc\u00ed \/Pir\u00e1ti\/<br \/>&#8212;&#8212;&#8212;&#8212;&#8212;&#8212;&#8211;<br \/>Ano, m\u00edrn\u011b se to sn\u00ed\u017eilo. Na druhou stranu se zv\u00fd\u0161il po\u010det t\u011bch pracuj\u00edc\u00edch, tak\u017ee ono je to zase relativn\u00ed, jak\u00fd ten dopad byl. J\u00e1 bych mo\u017en\u00e1 \u0159ekla tro\u0161ku k motivac\u00edm, pro\u010d vlastn\u011b k t\u00e9 zm\u011bn\u011b do\u0161lo. N\u00e1m se st\u00e1valo, \u017ee vlastn\u011b dlouhodob\u011b z\u016fst\u00e1vala pom\u011brn\u011b velk\u00e1 skupina v nouzov\u00e9m ubytov\u00e1n\u00ed a motivac\u00ed t\u011bch zm\u011bn bylo dostat ty lidi odtud do b\u011b\u017en\u00e9ho bydlen\u00ed. Ukrajinci jsou tu dlouho a nikdo nev\u00edme, jak dlouho tu je\u0161t\u011b z\u016fstanou a rozhodn\u011b nen\u00ed \u017e\u00e1douc\u00ed, aby bydleli v n\u011bjak\u00fdch provizorn\u00edch podm\u00ednk\u00e1ch nebo nevyhovuj\u00edc\u00edm ubytov\u00e1n\u00ed, kde t\u0159eba nechce, aby byly rodiny s d\u011btmi. Rodiny s d\u011btmi maj\u00ed b\u00fdt integrovateln\u00e9, nebo maj\u00ed b\u00fdt tam, kde je dostupn\u00e1 \u0161kola, dostupn\u00e9 vzd\u011bl\u00e1v\u00e1n\u00ed. Tak\u017ee ta motivace byla takov\u00e1to. Jestli to vy\u0161lo, to si nejsme samoz\u0159ejm\u011b jist\u00ed, proto\u017ee kdy\u017e d\u011bl\u00e1te zm\u011bny, kter\u00e9 d\u011bl\u00e1te narychlo a ono u Lex Ukrajina se v\u0161echno d\u011bl\u00e1 narychlo a d\u011bl\u00e1 se to poprv\u00e9, my se to u\u010d\u00edme, to tady nikdo p\u0159edt\u00edm ned\u011blal.<br \/><br \/>Jan BUMBA, moder\u00e1tor<br \/>&#8212;&#8212;&#8212;&#8212;&#8212;&#8212;&#8211;<br \/>Pan\u00ed Faltov\u00e1, ukazuje se podle v\u00e1s, podle va\u0161ich poznatk\u016f, podle toho, co vy vid\u00edte ve sv\u00e9 praxi, \u017ee ten z\u00e1kon mohl b\u00fdt takov\u00fdm impulsem pro Ukrajince k tomu, aby ode\u0161li z toho nouzov\u00e9ho ubytov\u00e1n\u00ed a na\u0161li si n\u011bjak\u00e9 jin\u00e9?<br \/><br \/>Magda FALTOV\u00c1, \u0159editelka Sdru\u017een\u00ed pro integraci a migraci<br \/>&#8212;&#8212;&#8212;&#8212;&#8212;&#8212;&#8211;<br \/>Z na\u0161\u00ed praxe to tak nen\u00ed. Bylo to impulsem pro n\u011bkter\u00e9 lidi vr\u00e1tit se na Ukrajinu, to si mysl\u00edm, \u017ee takto tu legislativu d\u011blat nem\u00e1me. A v okam\u017eiku, kdy chcete dostat lidi z n\u011bjak\u00e9ho nouzov\u00e9ho hromadn\u00e9ho ubytov\u00e1n\u00ed, tak t\u00edm impulsem prost\u011b nen\u00ed restrikce, ale podpora toho, aby se osamostatnili a poskytnout jim k tomu n\u00e1stroje, co\u017e prost\u011b bohu\u017eel ten z\u00e1kon jako ned\u011bl\u00e1, on jim v\u00fdznamn\u011b ubral prost\u0159edky, ty lidi, kte\u0159\u00ed si \u0161et\u0159ili na kauci, na to, aby se mohli osamostatnit, tak vlastn\u011b na to&#8230;<br \/><br \/>Jan BUMBA, moder\u00e1tor<br \/>&#8212;&#8212;&#8212;&#8212;&#8212;&#8212;&#8211;<br \/>Na byt.<br \/><br \/>Magda FALTOV\u00c1, \u0159editelka Sdru\u017een\u00ed pro integraci a migraci<br \/>&#8212;&#8212;&#8212;&#8212;&#8212;&#8212;&#8211;<br \/>Ano, na bydlen\u00ed, tak je to vyhodnoceno jako \u00faspora a znamen\u00e1 to, \u017ee tu d\u00e1vku n\u00e1sledn\u011b nedostanou, tak\u017ee to sp\u00ed\u0161e sm\u011b\u0159uje k tomu, \u017ee se ti lid\u00e9 dost\u00e1vaj\u00ed do n\u011bjak\u00fdch jin\u00fdch jako z\u00e1vislost\u00ed, mo\u017en\u00e1 ne tolik na tom st\u00e1tu, ale na r\u016fzn\u00fdch bu\u010f organizac\u00edch, anebo se zadlu\u017euj\u00ed, a to prost\u011b nen\u00ed to, kam by spr\u00e1vn\u00e9 z\u00e1konod\u00e1rstv\u00ed m\u011blo jako sm\u011b\u0159ovat.<br \/><br \/>Jan BUMBA, moder\u00e1tor<br \/>&#8212;&#8212;&#8212;&#8212;&#8212;&#8212;&#8211;<br \/>Hosty dne\u0161n\u00edho Pro a proti jsou \u0159editelka Sdru\u017een\u00ed pro integraci a migraci Magda Faltov\u00e1 a n\u00e1m\u011bstkyn\u011b\u00a0<strong>ministra<\/strong>\u00a0<strong>pr\u00e1ce<\/strong>\u00a0a soci\u00e1ln\u00edch v\u011bc\u00ed Zuzana Freitas Lopesov\u00e1 z \u010cesk\u00e9 pir\u00e1tsk\u00e9 strany. Pan\u00ed Faltov\u00e1, abychom to n\u011bjak poslucha\u010d\u016fm p\u0159edest\u0159eli ve srozumiteln\u00e9 podob\u011b, m\u00e1te n\u011bjak\u00fd konkr\u00e9tn\u00ed p\u0159\u00edklad \u010dlov\u011bka nebo rodiny, kter\u00e9, u kter\u00e9 ten Lex Ukrajina 5 vedl ke zhor\u0161en\u00ed kvality \u017eivota?<br \/><br \/>Magda FALTOV\u00c1, \u0159editelka Sdru\u017een\u00ed pro integraci a migraci<br \/>&#8212;&#8212;&#8212;&#8212;&#8212;&#8212;&#8211;<br \/>No, pro n\u00e1s jsou to typicky matky s dv\u011bma d\u011btmi, kter\u00e9, matka, kter\u00e1 m\u00e1, kter\u00e1 pracuje, ale m\u00e1 pom\u011brn\u011b n\u00edzk\u00fd p\u0159\u00edjem. To, co, my bychom doufali, je, \u017ee v takov\u00e9m p\u0159\u00edpad\u011b ona dostane alespo\u0148 n\u011bjakou d\u00e1vku, ale v okam\u017eiku, kdy si takov\u00e1 matka vyd\u011bl\u00e1 ji\u017e 12 nebo 15 000, tak u\u017e vlastn\u011b se nedost\u00e1v\u00e1 na tu humanit\u00e1rn\u00ed d\u00e1vku, na \u017e\u00e1dnou podporu a z toho p\u0159\u00edjmu by m\u011bla tedy zaplatit za bydlen\u00ed sob\u011b, t\u011bm d\u011btem a vlastn\u011b je tedy je\u0161t\u011b celou tu rodinu u\u017eivit. Anebo jsou to takov\u00e9 ty sendvi\u010dov\u00e9 situace, kdy m\u00e1 s sebou je\u0161t\u011b babi\u010dku a je tam jeden \u017eivitel t\u00e9 rodiny, ta seniorka t\u0159eba je\u0161t\u011b nen\u00ed toho v\u011bku star\u0161\u00ed 65 let, ale je j\u00ed t\u0159eba 63, ale \u010dasto u\u017e prost\u011b nen\u00ed uplatniteln\u00e1 na tom trhu pr\u00e1ce nebo velmi slo\u017eit\u011b. A to jsou situace, kdy vlastn\u011b od toho st\u00e1tu nedost\u00e1vaj\u00ed \u017e\u00e1dnou tu podporu. A tedy je\u0161t\u011b t\u011bmi zm\u011bnami v\u00fdkladu, ke kter\u00fdm doch\u00e1z\u00ed v pr\u016fb\u011bhu t\u011bch 4 m\u011bs\u00edc\u016f, tak \u010dasto jsou v dluz\u00edch za to bydlen\u00ed, proto\u017ee se p\u0159edpokl\u00e1dalo, \u017ee za ty d\u011bti ten st\u00e1t prost\u011b to bydlen\u00ed uhrad\u00ed.<br \/><br \/>Jan BUMBA, moder\u00e1tor<br \/>&#8212;&#8212;&#8212;&#8212;&#8212;&#8212;&#8211;<br \/>Pan\u00ed Freitas Lopesov\u00e1, bylo to c\u00edle dostat takhle do \u00fazk\u00fdch matky s d\u011btmi s n\u00edzk\u00fdm p\u0159\u00edjmem?<br \/><br \/>Zuzana FREITAS LOPESOV\u00c1, n\u00e1m\u011bstkyn\u011b Ministerstva pr\u00e1ce a soci\u00e1ln\u00edch v\u011bc\u00ed \/Pir\u00e1ti\/<br \/>&#8212;&#8212;&#8212;&#8212;&#8212;&#8212;&#8211;<br \/>Samoz\u0159ejm\u011b, \u017ee ne. Toto vzniklo t\u00edm, \u017ee ten z\u00e1kon vy modelujete na n\u011bjak\u00fdch p\u0159\u00edkladech, p\u0159\u00edklady, kter\u00e9 tehdy se vzaly jako modelov\u00e9, odpov\u00eddaly tomu zad\u00e1n\u00ed, nicm\u00e9n\u011b vy nikdy nepostihnete \u00fapln\u011b v\u0161echny mo\u017enosti. A t\u011bch mo\u017enost\u00ed t\u011bch skladeb, do kter\u00fdch se ty dom\u00e1cnosti dost\u00e1vaj\u00ed, je mnohem v\u00edc, ne\u017e si vlastn\u011b um\u00edme na prvn\u00ed dobrou t\u0159eba p\u0159edstavit. Tak\u017ee my jsme to samoz\u0159ejm\u011b potom monitorovali, n\u00e1sledn\u011b o t\u011bchto p\u0159\u00edpadech v\u00edme, i jsme se sna\u017eili zji\u0161\u0165ovat, jak velk\u00e9 mno\u017estv\u00ed lid\u00ed to je, oni to nejsou tis\u00edce, to jsou p\u0159\u00edpady v \u0159\u00e1dech t\u0159eba stovek, tak\u017ee proto my jsme se, ministerstvo se rozhodlo v tuto chv\u00edli to \u0159e\u0161it p\u0159es poskytov\u00e1n\u00ed mimo\u0159\u00e1dn\u00e9 okam\u017eit\u00e9 pomoci, kter\u00e1 bude poskytov\u00e1na tam, kde vznikly nep\u0159edpokl\u00e1dan\u00e9 nezavin\u011bn\u00e9 dluhy, anebo kde do budoucna vlastn\u011b, ne\u017e to vy\u0159e\u0161\u00edme legislativn\u00ed formou, co\u017e n\u011bjakou dobu samoz\u0159ejm\u011b trv\u00e1, ne\u017e projde n\u011bjak\u00fd z\u00e1kon legislativn\u00edm procesem, je to n\u011bkolik m\u011bs\u00edc\u016f, tak do t\u00e9 doby vlastn\u011b budeme poskytovat mop na uhrazen\u00ed takov\u00e9hoto typu n\u00e1klad\u016f v t\u011bchto dom\u00e1cnostech a v\u00fdjime\u010dn\u011b bude moct b\u00fdt poskytov\u00e1n ten mop i opakovan\u011b.<br \/><br \/>Jan BUMBA, moder\u00e1tor<br \/>&#8212;&#8212;&#8212;&#8212;&#8212;&#8212;&#8211;<br \/>Budou ti lid\u00e9 ale v\u016fbec v\u011bd\u011bt o tom, kde a jak o to po\u017e\u00e1dat, jin\u00fdmi slovy, vyznaj\u00ed se ti p\u0159\u00edjemci d\u00e1vek nebo pomoci v t\u011bch nov\u00fdch pravidlech, co mysl\u00edte, pan\u00ed n\u00e1m\u011bstkyn\u011b?<br \/><br \/>Zuzana FREITAS LOPESOV\u00c1, n\u00e1m\u011bstkyn\u011b Ministerstva pr\u00e1ce a soci\u00e1ln\u00edch v\u011bc\u00ed \/Pir\u00e1ti\/<br \/>&#8212;&#8212;&#8212;&#8212;&#8212;&#8212;&#8211;<br \/>Pokud se nevyznaj\u00ed, m\u00e1me opravdu velice p\u0159ehledn\u011b na webov\u00fdch str\u00e1nk\u00e1ch informace jak v \u010de\u0161tin\u011b, tak v ukrajin\u0161tin\u011b, hned z prvn\u00ed tituln\u00ed str\u00e1nky ministerstva je p\u0159\u00edstupn\u00fd rozcestn\u00edk, kter\u00fd odkazuje na pomoc Ukrajinc\u016fm, je to tam, jak \u0159\u00edk\u00e1m, i v ukrajinsk\u00e9m jazyce, kde v\u0161echny tyto informace jsou, ono to p\u0159es rozhlas nebude vid\u011bt, ale j\u00e1 jsem si tady vytiskla&#8230;<br \/><br \/>Jan BUMBA, moder\u00e1tor<br \/>&#8212;&#8212;&#8212;&#8212;&#8212;&#8212;&#8211;<br \/>To nejde.<br \/><br \/>Zuzana FREITAS LOPESOV\u00c1, n\u00e1m\u011bstkyn\u011b Ministerstva pr\u00e1ce a soci\u00e1ln\u00edch v\u011bc\u00ed \/Pir\u00e1ti\/<br \/>&#8212;&#8212;&#8212;&#8212;&#8212;&#8212;&#8211;<br \/>I r\u016fzn\u00e9 jako p\u0159\u00edklady let\u00e1k\u016f, kter\u00e9 tam jsou a kde je vysv\u011btleno, jak\u00e9 postupy, kde, kam maj\u00ed j\u00edt. Stejn\u011b tak my pos\u00edl\u00e1me pravideln\u011b informace do region\u016f, kde se sna\u017e\u00edme distribuovat jak na soci\u00e1ln\u00ed odbory, tak na Centra pro uprchl\u00edky, tak na p\u0159\u00edmo t\u0159eba poskytovatele, starosty obc\u00ed, tajemn\u00edky obc\u00ed, tak\u017ee skute\u010dn\u011b sna\u017e\u00edme se to distribuovat v\u0161emo\u017en\u00fdmi kan\u00e1ly, p\u0159es soci\u00e1ln\u00ed s\u00edt\u011b, na kter\u00e9 v\u00edme, \u017ee uprchl\u00edci chod\u00ed p\u0159es jejich vlastn\u00ed kan\u00e1ly, spolupracujeme s ukrajinskou ambas\u00e1dou, s neziskov\u00fdmi organizacemi, koneckonc\u016f tady s pan\u00ed Faltovou taky, ona to moc dob\u0159e v\u00ed, m\u00e1me pravideln\u00e1 koordina\u010dn\u00ed setk\u00e1n\u00ed, m\u00e1me s\u00ed\u0165 krajsk\u00fdch koordin\u00e1tor\u016f.<br \/><br \/>Jan BUMBA, moder\u00e1tor<br \/>&#8212;&#8212;&#8212;&#8212;&#8212;&#8212;&#8211;<br \/>Souhlas\u00ed tedy Magda Faltov\u00e1 s t\u00edm, \u017ee to je tak p\u0159ehledn\u00e9, \u017ee vlastn\u011b nikdo nemus\u00ed m\u00edt probl\u00e9m s t\u00edm dohledat, na jakou d\u00e1vku m\u00e1 n\u00e1rok?<br \/><br \/>Magda FALTOV\u00c1, \u0159editelka Sdru\u017een\u00ed pro integraci a migraci<br \/>&#8212;&#8212;&#8212;&#8212;&#8212;&#8212;&#8211;<br \/>J\u00e1 souhlas\u00edm s t\u00edm, \u017ee se potk\u00e1v\u00e1me, a vlastn\u011b si to na\u00a0<strong>MPSV<\/strong>\u00a0velmi cen\u00edm, proto\u017ee to nen\u00ed rozhodn\u011b standard, a p\u0159esto ty jedn\u00e1n\u00ed jsou hodn\u011b nep\u0159\u00edjemn\u00fd vlastn\u011b a s t\u011bmi v\u00fdstupy p\u0159\u00edli\u0161 nesouhlas\u00edme, tak tuhle otev\u0159enost si ur\u010dit\u011b cen\u00edm. Co se t\u00fd\u010de t\u00e9 p\u0159ehlednosti dostupnosti, no, v tom jsem trochu kriti\u010dt\u011bj\u0161\u00ed i proto, \u017ee i kdy\u017e vlastn\u011b v\u00edte, kde si o tu d\u00e1vku m\u00e1te po\u017e\u00e1dat, tak nen\u00ed \u00fapln\u011b jednoduch\u00e9 vlastn\u011b si o tenhle ten typ d\u00e1vky po\u017e\u00e1dat ani v \u010de\u0161tin\u011b, kdy\u017e jste \u010cechem. V\u011bt\u0161inou k tomu tu podporu pot\u0159ebujete, pot\u0159ebujete k tomu pom\u011brn\u011b velk\u00e9 mno\u017estv\u00ed doklad\u016f, tak\u017ee je to prost\u011b n\u011bjak\u00e9 jako l\u00e1t\u00e1n\u00ed chyb, kter\u00e9 nastaly a kter\u00e9 podle m\u00e9ho n\u00e1zoru nastat nem\u011bly. A jako asi bych m\u011bla \u0159\u00edct, \u017ee oce\u0148uju to, \u017ee se n\u011bjak\u00e9 \u0159e\u0161en\u00ed na\u0161lo, ale rozhodn\u011b s n\u00edm nejsme spokojen\u00ed. Mysl\u00edm si, \u017ee prost\u011b bude je\u0161t\u011b cel\u00e1 \u0159ada lid\u00ed, kte\u0159\u00ed to nedok\u00e1\u017eou, kte\u0159\u00ed tu podporu nez\u00edskaj\u00ed a budou to \u0159e\u0161it ne \u00fapln\u011b vhodn\u00fdm zp\u016fsobem.<br \/><br \/>Jan BUMBA, moder\u00e1tor<br \/>&#8212;&#8212;&#8212;&#8212;&#8212;&#8212;&#8211;<br \/>J\u00e1 bych tu ot\u00e1zku na p\u0159ehlednost a srozumitelnost syst\u00e9mu posunul mo\u017en\u00e1 dokonce je\u0161t\u011b d\u00e1l, jestli samotn\u00e9 \u00fa\u0159ady maj\u00ed jasno v tom, jak postupovat, t\u0159eba novin\u00e1\u0159ka Sa\u0161a Uhlov\u00e1 upozor\u0148uje ve sv\u00e9m \u010dl\u00e1nku v \u010dasopisu A2larm na to, \u017ee i specializovan\u00ed pr\u00e1vn\u00edci \u010dasto t\u00e1pou a maj\u00ed probl\u00e9m se v tom vyznat, pan\u00ed n\u00e1m\u011bstkyn\u011b.<br \/><br \/>Zuzana FREITAS LOPESOV\u00c1, n\u00e1m\u011bstkyn\u011b Ministerstva pr\u00e1ce a soci\u00e1ln\u00edch v\u011bc\u00ed \/Pir\u00e1ti\/<br \/>&#8212;&#8212;&#8212;&#8212;&#8212;&#8212;&#8211;<br \/>Ano, vy nar\u00e1\u017e\u00edte na na\u0161e slavn\u00e9 \u00fa\u0159ady pr\u00e1ce. J\u00e1 mus\u00edm \u0159\u00edct, \u017ee to je obrovsk\u00fd moloch, kter\u00fd tady l\u00e9ta n\u011bjak fungoval, a to sou\u010dasn\u00e9 veden\u00ed se sna\u017e\u00ed s t\u00edm n\u011bco d\u011blat. Jak v\u00edte, tak bylo zm\u011bn\u011bno veden\u00ed \u00da\u0159adu pr\u00e1ce, ale \u0159ada agend se u\u017e elektronizovala, digitalizovala, pokra\u010dujeme v tom, nicm\u00e9n\u011b neovlivn\u00edme to, \u017ee tam historicky prost\u011b jsou nastaveny v\u011bci, nebo je tam \u0159ada lid\u00ed, kde to mo\u017en\u00e1 nen\u00ed \u00fapln\u011b ide\u00e1ln\u00ed. V\u017edycky nakonec skon\u010d\u00edte t\u0159eba u lidsk\u00e9ho faktoru, kde nem\u016f\u017eeme vylou\u010dit to, \u017ee k n\u011bjak\u00fdm pochyben\u00edm dojde, nebo \u017ee se nedostane informace, kam by nem\u011bly.<br \/><br \/>Jan BUMBA, moder\u00e1tor<br \/>&#8212;&#8212;&#8212;&#8212;&#8212;&#8212;&#8211;<br \/>Je to t\u00edm t\u0159eba, j\u00e1 nev\u00edm, \u0161patn\u011b pro\u0161kolen\u00fdm pracovn\u00edkem nebo t\u00edm, \u017ee ta legislativa je prost\u011b moc slo\u017eit\u00e1?<br \/><br \/>Zuzana FREITAS LOPESOV\u00c1, n\u00e1m\u011bstkyn\u011b Ministerstva pr\u00e1ce a soci\u00e1ln\u00edch v\u011bc\u00ed \/Pir\u00e1ti\/<br \/>&#8212;&#8212;&#8212;&#8212;&#8212;&#8212;&#8211;<br \/>Kombinace oboj\u00edho, kombinace oboj\u00edho. Kdy\u017e vezmu \u010desk\u00e9 d\u00e1vky, tak tam skute\u010dn\u011b se ten syst\u00e9m historicky nabaloval jedno na druh\u00e9, a\u017e se stal nep\u0159ehledn\u00fdm. A skute\u010dn\u011b to dokl\u00e1d\u00e1n\u00ed kolikr\u00e1t je nesmysln\u00e9. I proto pracujeme te\u010f na revizi nad\u00e1vkov\u00e9ho syst\u00e9mu, kdy se to sna\u017e\u00edme v\u00fdrazn\u011b zjednodu\u0161it. Spojit t\u0159eba, j\u00e1 nev\u00edm, \u010dty\u0159i d\u00e1vky do jedn\u00e9, zjednodu\u0161it dokl\u00e1d\u00e1n\u00ed, odbourat to velk\u00e9 pap\u00edrov\u00e1n\u00ed, velk\u00e1 \u010d\u00e1st t\u011bch d\u00e1vek by se m\u011bla dostat do n\u011bjak\u00e9ho pau\u0161alizovan\u00e9ho syst\u00e9mu. To jsou obrovsk\u00e9 zm\u011bny, vy\u017eaduje to hromadu pr\u00e1ce ze strany ministerstva. A pokud chcete d\u011blat takov\u00e9to velk\u00e9 zm\u011bny, tak n\u011bkdy prost\u011b potom nejdete do detailu u t\u011bch do\u010dasn\u00fdch norem, kter\u00e9 se t\u0159eba \u0159e\u0161\u00ed v r\u00e1mci Ukrajiny. My m\u016f\u017eeme d\u011blat jedno nebo druh\u00e9, ale taky m\u00e1me jenom sv\u00e9 kapacity.<br \/><br \/>Jan BUMBA, moder\u00e1tor<br \/>&#8212;&#8212;&#8212;&#8212;&#8212;&#8212;&#8211;<br \/>Pan\u00ed Faltov\u00e1, m\u016f\u017ee se tedy st\u00e1t, \u017ee ten \u010dlov\u011bk, ten uprchl\u00edk p\u0159ijde do styku s t\u00edm, \u0159eknu, st\u00e1tem a na r\u016fzn\u00fdch m\u00edstech se setk\u00e1 s \u00fapln\u011b jin\u00fdm zach\u00e1zen\u00edm?<br \/><br \/>Magda FALTOV\u00c1, \u0159editelka Sdru\u017een\u00ed pro integraci a migraci<br \/>&#8212;&#8212;&#8212;&#8212;&#8212;&#8212;&#8211;<br \/>M\u016f\u017ee se to st\u00e1t. Ta praxe se li\u0161\u00ed kraj od kraje. St\u00e1v\u00e1 se, \u017ee ti pracovn\u00edci na \u00da\u0159adu pr\u00e1ce nejsou informovan\u00ed o tom, \u017ee t\u0159eba mohou tu d\u00e1vku ti lid\u00e9 podat, tak\u017ee to vy\u017eaduje n\u011bjakou intervenci, st\u00ed\u017enost, prost\u011b n\u00e1pravu. Z\u00e1rove\u0148 se tedy stalo v pr\u016fb\u011bhu t\u011bch 4 m\u011bs\u00edc\u016f od \u00fa\u010dinnosti Lex Ukrajina 5, \u017ee se zm\u011bnil v\u00fdklad, to je samoz\u0159ejm\u011b matouc\u00ed pro ty p\u0159\u00edjemce t\u011bch d\u00e1vek nebo cel\u00e9ho toho nastaven\u00ed.<br \/><br \/>Jan BUMBA, moder\u00e1tor<br \/>&#8212;&#8212;&#8212;&#8212;&#8212;&#8212;&#8211;<br \/>To je asi \u00fapln\u011b pro v\u0161echny.<br \/><br \/>Magda FALTOV\u00c1, \u0159editelka Sdru\u017een\u00ed pro integraci a migraci<br \/>&#8212;&#8212;&#8212;&#8212;&#8212;&#8212;&#8211;<br \/>Ano. A i pro ty pom\u00e1haj\u00edc\u00ed profese, samoz\u0159ejm\u011b i pro ten st\u00e1t je to prost\u011b extr\u00e9mn\u011b frustruj\u00edc\u00ed, je to problematick\u00e9 i pro ty, kdo poskytuj\u00ed to ubytov\u00e1n\u00ed, tak\u017ee rozhodn\u011b to nezvy\u0161uje d\u016fv\u011bru Ukrajinc\u016f v ten st\u00e1t. A mus\u00edm \u0159\u00edct, \u017ee i oni nemaj\u00ed moc vysokou, u\u017e jako z n\u00ed nep\u0159ich\u00e1z\u00ed moc vysokou z Ukrajiny.<br \/><br \/>Jan BUMBA, moder\u00e1tor<br \/>&#8212;&#8212;&#8212;&#8212;&#8212;&#8212;&#8211;<br \/>Je jasno v tom, kdo je tzv. zraniteln\u00e1 osoba a na co m\u00e1 tato osoba n\u00e1rok a je v tom jasn\u011bji d\u00edky Lex Ukrajina 5, pan\u00ed Faltov\u00e1?<br \/><br \/>Magda FALTOV\u00c1, \u0159editelka Sdru\u017een\u00ed pro integraci a migraci<br \/>&#8212;&#8212;&#8212;&#8212;&#8212;&#8212;&#8211;<br \/>Je jasno v tom, jak definuje Lex Ukrajina 5, kdo je zraniteln\u00e1 osoba. To, na co m\u00e1 n\u00e1rok, v tom jasno podle m\u00e9ho n\u00e1zoru nen\u00ed a asi v tom je\u0161t\u011b chv\u00edli jasno nebude, rozhodn\u011b ten z\u00e1kon neposkytuje tu ochranu a podporu zraniteln\u00fdm osob\u00e1m tak, jak by m\u011bl.<br \/><br \/>Jan BUMBA, moder\u00e1tor<br \/>&#8212;&#8212;&#8212;&#8212;&#8212;&#8212;&#8211;<br \/>Souhlas\u00ed pan\u00ed n\u00e1m\u011bstkyn\u011b Freitas Lopesov\u00e1?<br \/><br \/>Zuzana FREITAS LOPESOV\u00c1, n\u00e1m\u011bstkyn\u011b Ministerstva pr\u00e1ce a soci\u00e1ln\u00edch v\u011bc\u00ed \/Pir\u00e1ti\/<br \/>&#8212;&#8212;&#8212;&#8212;&#8212;&#8212;&#8211;<br \/>Z\u00e1kon jasn\u011b definuje zraniteln\u00e9 osoby. Tam, kde vznikla ta nejasnost, je n\u00e1rok na podporu, proto\u017ee on je spojen s n\u00e1rokem na HUD, humanit\u00e1rn\u00ed d\u00e1vku, a tam pr\u00e1v\u011b vznikl ten probl\u00e9m ve v\u00fdkladu, proto\u017ee, aby zraniteln\u00e1 osoba dos\u00e1hla na d\u00e1vku, mus\u00ed b\u00fdt prok\u00e1z\u00e1n n\u00e1rok na ni a ten byl zkomplikov\u00e1n pr\u00e1v\u011b t\u00edm zapo\u010d\u00edt\u00e1v\u00e1n\u00edm p\u0159\u00edjm\u016f a podobn\u00fdch v\u011bc\u00ed, kdy, pokud to \u0159e\u0161\u00edme pro dom\u00e1cnost jako celek, proto\u017ee my posuzujeme dom\u00e1cnost jako celek, tak ve v\u00fdsledku se m\u016f\u017ee st\u00e1t, \u017ee zraniteln\u00e9 osoby, d\u011bti, kter\u00e9 jsou v dom\u00e1cnosti s rodi\u010dem, kter\u00fd nen\u00ed zraniteln\u00fd a m\u00e1 dostate\u010dn\u00fd p\u0159\u00edjem, tak vlastn\u011b nedos\u00e1hnou na tu podporu.<br \/><br \/>Jan BUMBA, moder\u00e1tor<br \/>&#8212;&#8212;&#8212;&#8212;&#8212;&#8212;&#8211;<br \/>Je to podle va\u0161eho osobn\u00edho n\u00e1zoru chyba a je pot\u0159eba to zm\u011bnit.<br \/><br \/>Zuzana FREITAS LOPESOV\u00c1, n\u00e1m\u011bstkyn\u011b Ministerstva pr\u00e1ce a soci\u00e1ln\u00edch v\u011bc\u00ed \/Pir\u00e1ti\/<br \/>&#8212;&#8212;&#8212;&#8212;&#8212;&#8212;&#8211;<br \/>Ano.<br \/><br \/>Jan BUMBA, moder\u00e1tor<br \/>&#8212;&#8212;&#8212;&#8212;&#8212;&#8212;&#8211;<br \/>Hosty dne\u0161n\u00edho Pro a proti jsou n\u00e1m\u011bstkyn\u011b\u00a0<strong>ministra<\/strong>\u00a0<strong>pr\u00e1ce<\/strong>\u00a0a soci\u00e1ln\u00edch v\u011bc\u00ed Freitas Lopesov\u00e1 a \u0159editelka Sdru\u017een\u00ed pro integraci a migraci Magda Faltov\u00e1. Pan\u00ed Faltov\u00e1, zkus\u00edm je\u0161t\u011b jeden \u00fahel pohledu, jestli ten z\u00e1kon p\u0159es ve\u0161kerou kritiku nem\u016f\u017ee p\u0159ece jen p\u016fsobit motiva\u010dn\u011b tak, \u017ee povede Ukrajince k tomu, aby si na\u0161li l\u00e9pe placenou pr\u00e1ci a prost\u011b se vyhnuli tomu zmatku se v\u0161emi d\u00e1vkami?<br \/><br \/>Magda FALTOV\u00c1, \u0159editelka Sdru\u017een\u00ed pro integraci a migraci<br \/>&#8212;&#8212;&#8212;&#8212;&#8212;&#8212;&#8211;<br \/>S lidmi, se kter\u00fdmi my pracujeme, to nen\u00ed tak, \u017ee by si necht\u011bli naj\u00edt l\u00e9pe placenou pr\u00e1ci, prost\u011b jste cizinec, cizinka, na tom trhu pr\u00e1ce je slo\u017eit\u00e9 pracovat v t\u00e9 sv\u00e9 p\u016fvodn\u00ed kvalifikaci, neum\u00edte jazyk nebo ho um\u00edte omezen\u011b, pe\u010dujete o d\u011bti nebo star\u00fd rodi\u010de, co\u017e je jak v\u0161echny \u010desk\u00e9, v\u011bt\u0161ina \u010desk\u00fdch \u017een v\u00ed, velk\u00fd handicap na trhu pr\u00e1ce, nem\u00e1te ty d\u011bti \u010dasto kam um\u00edstit a \u010dasto v\u00e1\u0161 mu\u017e je ve v\u00e1lce, d\u011bti jsou ve slo\u017eit\u00e9 psychick\u00e9 situaci, tak\u017ee to nen\u00ed o tom, \u017ee jste na trhu pr\u00e1ce, kde si vyb\u00edr\u00e1te, kterou l\u00e9pe placenou pr\u00e1ci budete m\u00edt, je to o tom, \u017ee jste r\u00e1di, pokud n\u011bjakou pr\u00e1ci m\u00e1te, pokud ten sm\u011bnn\u00fd provoz, kter\u00fd m\u00e1te, v\u00e1m umo\u017e\u0148uje pe\u010dovat o ty d\u011bti a n\u011bjak\u00fd \u010das s nimi str\u00e1vit a dostanete alespo\u0148 n\u011bjakou mzdu. Tak\u017ee lid\u00e9, kte\u0159\u00ed jsou kvalifikovan\u00ed, um\u00ed n\u011bjak\u00fd dal\u0161\u00ed t\u0159eba jazyk, anglicky, \u010dasto pracuj\u00ed a nejsou to ti lid\u00e9, o kter\u00fdch se bav\u00edme, prost\u011b jsou \u00fasp\u011b\u0161n\u00ed na tom trhu pr\u00e1ce, jsou samostatn\u00ed a ne\u017e\u00e1daj\u00ed o \u017e\u00e1dnou d\u00e1vku a rozhodn\u011b, pokud nemus\u00ed, tak lid\u00e9 ne\u017eijou na ubytovn\u00e1ch, cht\u011bj\u00ed \u017e\u00edt v soukrom\u00e9m bydlen\u00ed.<br \/><br \/>Jan BUMBA, moder\u00e1tor<br \/>&#8212;&#8212;&#8212;&#8212;&#8212;&#8212;&#8211;<br \/>No, m\u011b to vede i k tomu, \u017ee my m\u00e1me te\u010f u\u017e bezpo\u010det sv\u011bdectv\u00ed a report\u00e1\u017e\u00ed o tom, \u017ee mnoho Ukrajinc\u016f a Ukrajinek pracuje v podstat\u011b za minim\u00e1ln\u00ed mzdu. Pan\u00ed n\u00e1m\u011bstkyn\u011b, nen\u00ed v tomhle docela z\u00e1sadn\u00ed probl\u00e9m? Nezneu\u017e\u00edvaj\u00ed zam\u011bstnavatel\u00e9 t\u00e9 zranitelnosti?<br \/><br \/>Zuzana FREITAS LOPESOV\u00c1, n\u00e1m\u011bstkyn\u011b Ministerstva pr\u00e1ce a soci\u00e1ln\u00edch v\u011bc\u00ed \/Pir\u00e1ti\/<br \/>&#8212;&#8212;&#8212;&#8212;&#8212;&#8212;&#8211;<br \/>J\u00e1 mus\u00edm za\u010d\u00edt asi u toho, \u017ee vy jste se p\u0159ed chvilkou ptal na, na to, jestli ten Lex Ukrajina 5 to n\u011bkam posunul, kdy\u017e vezmu po\u010dty lid\u00ed na ubytovn\u00e1ch, co\u017e jsme zase zji\u0161\u0165ovali n\u011bjak\u00fdm dotazn\u00edkov\u00fdm \u0161et\u0159en\u00edm, tak ono tam v dne\u0161n\u00ed dob\u011b u\u017e bydl\u00ed pouze n\u011bjak\u00fdch 15 % t\u011bch lid\u00ed, tak\u017ee to nen\u00ed a\u017e tak vysok\u00e9 \u010d\u00edslo. A mysl\u00edm, \u017ee tam z\u016fst\u00e1vaj\u00ed pr\u00e1v\u011b ti, kte\u0159\u00ed z n\u011bjak\u00e9ho d\u016fvodu maj\u00ed probl\u00e9m naj\u00edt si t\u0159eba tu lep\u0161\u00ed pr\u00e1ci. Co se t\u00fd\u010de zam\u011bstn\u00e1v\u00e1n\u00ed, ano, ur\u010dit\u011b \u010d\u00e1st lid\u00ed kon\u010d\u00ed t\u0159eba v \u0161ed\u00e9 z\u00f3n\u011b, anebo je nedostate\u010dn\u011b placen\u00e1, nicm\u00e9n\u011b i tady mus\u00edm se zastat teda na\u0161eho ministerstva, proto\u017ee prob\u00edh\u00e1 opravdu velk\u00fd po\u010det kontrol, j\u00e1 jsem si to schv\u00e1ln\u011b nechala vyt\u00e1hnout, a za posledn\u00ed rok prob\u011bhlo t\u00e9m\u011b\u0159 ke 4 000 kontrol u zam\u011bstnavatel\u016f, bylo zji\u0161t\u011bno asi 1 700 pochyben\u00ed neleg\u00e1ln\u00edch pracovn\u00edk\u016f a z toho 1 100 bylo ukrajinsk\u00fdch neleg\u00e1ln\u00edch pracovn\u00edk\u016f, to jsou vysok\u00e1 \u010d\u00edsla, byly ud\u011bleny taky vysok\u00e9 pokuty, p\u0159es 58 000 000, tak\u017ee nen\u00ed to tak, \u017ee bychom to nech\u00e1vali b\u00fdt, ur\u010dit\u011b se ministerstvo zab\u00fdv\u00e1 a sna\u017e\u00ed se vlastn\u011b omezovat tady tyto dopady.<br \/><br \/>Jan BUMBA, moder\u00e1tor<br \/>&#8212;&#8212;&#8212;&#8212;&#8212;&#8212;&#8211;<br \/>Jin\u00fdmi slovy \u0159\u00edk\u00e1te, \u017ee st\u00e1t, pota\u017emo va\u0161e ministerstvo se sna\u017e\u00ed dohl\u00ed\u017eet na to, aby Ukrajinci nem\u011bli hor\u0161\u00ed pracovn\u00ed podm\u00ednky ne\u017e ostatn\u00ed.<br \/><br \/>Zuzana FREITAS LOPESOV\u00c1, n\u00e1m\u011bstkyn\u011b Ministerstva pr\u00e1ce a soci\u00e1ln\u00edch v\u011bc\u00ed \/Pir\u00e1ti\/<br \/>&#8212;&#8212;&#8212;&#8212;&#8212;&#8212;&#8211;<br \/>Ano, p\u0159esn\u011b tak.<br \/><br \/>Jan BUMBA, moder\u00e1tor<br \/>&#8212;&#8212;&#8212;&#8212;&#8212;&#8212;&#8211;<br \/>Pan\u00ed Faltov\u00e1, dohl\u00ed\u017e\u00ed st\u00e1t dostate\u010dn\u011b?<br \/><br \/>Magda FALTOV\u00c1, \u0159editelka Sdru\u017een\u00ed pro integraci a migraci<br \/>&#8212;&#8212;&#8212;&#8212;&#8212;&#8212;&#8211;<br \/>My pracujeme se v\u0161emi cizinci dlouhodob\u011b, mysl\u00edm si, \u017ee problematika neleg\u00e1ln\u00edho zam\u011bstn\u00e1n\u00ed, \u0161ed\u00e9 ekonomiky je jako v\u00fdznamn\u00e1 p\u0159edev\u0161\u00edm pro ty lidi v n\u00edzkokvalifikovan\u00fdch profes\u00edch, kter\u00fd nemaj\u00ed p\u0159\u00edli\u0161 velkou volbu a inspekce pr\u00e1ce prost\u011b nem\u00e1 ani kapacity, ani p\u0159\u00edli\u0161 n\u00e1stroje na to, aby to aktivn\u011b byla schopn\u00e1 \u0159e\u0161it.<br \/><br \/>Jan BUMBA, moder\u00e1tor<br \/>&#8212;&#8212;&#8212;&#8212;&#8212;&#8212;&#8211;<br \/>Tak\u017ee podle v\u00e1s ani ty po\u010dty kontrol, jak te\u010f zmi\u0148ovala pan\u00ed n\u00e1m\u011bstkyn\u011b, nejsou posta\u010duj\u00edc\u00ed?<br \/><br \/>Magda FALTOV\u00c1, \u0159editelka Sdru\u017een\u00ed pro integraci a migraci<br \/>&#8212;&#8212;&#8212;&#8212;&#8212;&#8212;&#8211;<br \/>No, j\u00e1 bych asi pot\u0159ebovala v\u00edce v\u011bd\u011bt, jestli jsou to v\u0161echny kontroly, nebo jsou to kontroly, kter\u00e9 jsou zam\u011b\u0159en\u00e9 jenom na Ukrajince, jestli jsou to kontroly, kter\u00e9 jsou zam\u011b\u0159en\u00e9 na migranty a podobn\u011b, jako trochu si ta \u010d\u00edsla, vlastn\u011b vid\u011bt trochu v\u00edc ten rozpad. J\u00e1 si mysl\u00edm, \u017ee to je d\u016fle\u017eit\u00e9. Jsem r\u00e1da, \u017ee\u00a0<strong>MPSV<\/strong>\u00a0to posiluje vlastn\u011b, ale z\u00e1rove\u0148 z t\u00e9 praxe vid\u00edme, \u017ee St\u00e1tn\u00ed \u00fa\u0159ad inspekce pr\u00e1ce by pot\u0159eboval mnohem v\u011bt\u0161\u00ed podporu, pos\u00edlen\u00ed i t\u00e9 mo\u017enosti vym\u00e1hat pro ty lidi, kte\u0159\u00ed neleg\u00e1ln\u011b t\u0159eba pracuj\u00ed, tak, aby ti zam\u011bstnavatel\u00e9 museli vyplatit ty dlu\u017en\u00e9 mzdy tedy, nebo tu odm\u011bnu za tu pr\u00e1ci, kterou tam d\u011blali, a to jsou v\u0161echno v\u011bci, kter\u00e9 prost\u011b \u0159e\u0161\u00edme dlouhodob\u011b.<br \/><br \/>Jan BUMBA, moder\u00e1tor<br \/>&#8212;&#8212;&#8212;&#8212;&#8212;&#8212;&#8211;<br \/>Chce pan\u00ed n\u00e1m\u011bstkyn\u011b Freitas Lopesov\u00e1 n\u011bco doplnit t\u0159eba k t\u011bm \u010d\u00edsl\u016fm?<br \/><br \/>Zuzana FREITAS LOPESOV\u00c1, n\u00e1m\u011bstkyn\u011b Ministerstva pr\u00e1ce a soci\u00e1ln\u00edch v\u011bc\u00ed \/Pir\u00e1ti\/<br \/>&#8212;&#8212;&#8212;&#8212;&#8212;&#8212;&#8211;<br \/>J\u00e1 jsem tady \u0159\u00edkala, \u017ee vlastn\u011b toto byly obecn\u011b kontroly a \u017ee u t\u00e9 neleg\u00e1ln\u00ed pr\u00e1ce se to t\u00fdkalo n\u011bjak\u00fdch asi t\u011bch 70 % zji\u0161t\u011bn\u00fdch pochyben\u00ed, tak\u017ee to se t\u00fdkalo obecn\u011b v\u0161ech kontrol. Ono, co se t\u00fd\u010de \u0161ed\u00e9ho trhu pr\u00e1ce, to je prost\u011b dal\u0161\u00ed takov\u00e1 velk\u00e1 oblast, ve kter\u00e9 nesta\u010d\u00ed jenom kontroly, tam je pot\u0159eba p\u0159enastavit hromadu pravidel. My jsme t\u00edm za\u010dali te\u010f, kdy\u017e jsme p\u0159ijali novelu z\u00e1kon\u00edku pr\u00e1ce, kde se zmi\u0148uje, kde se m\u011bn\u00ed zp\u016fsob pr\u00e1ce sdohodami, chceme zamezit t\u0159eba \u0159et\u011bzen\u00ed dohod a podobn\u00fdm v\u011bcem, kter\u00e9 ten trh velmi deformuj\u00ed, tak\u017ee tam t\u011bch opat\u0159en\u00ed zase je pot\u0159eba ud\u011blat v\u00edc. To nen\u00ed jen o depresi.<br \/><br \/>Jan BUMBA, moder\u00e1tor<br \/>&#8212;&#8212;&#8212;&#8212;&#8212;&#8212;&#8211;<br \/>Pan\u00ed Faltov\u00e1, zaj\u00edm\u00e1 m\u011b je\u0161t\u011b v\u00e1\u0161 pohled na to, jestli ten probl\u00e9m a mo\u017en\u00e1 ten kruci\u00e1ln\u00ed probl\u00e9m nen\u00ed v tom, \u017ee \u010cesk\u00e1 republika prost\u011b nedok\u00e1zala \u010d\u00e1st uprchl\u00edk\u016f dob\u0159e integrovat, \u017ee po\u0159\u00e1d neum\u00ed dob\u0159e \u010desky a t\u011b\u017eko se s\u017e\u00edvaj\u00ed s v\u011bt\u0161inovou spole\u010dnost\u00ed.<br \/><br \/>Magda FALTOV\u00c1, \u0159editelka Sdru\u017een\u00ed pro integraci a migraci<br \/>&#8212;&#8212;&#8212;&#8212;&#8212;&#8212;&#8211;<br \/>Asi bych to takto nestav\u011bla, mysl\u00edm si, \u017ee je ot\u00e1zka, co integrace, je to prost\u011b n\u011bjak\u00fd dlouhodob\u00fd proces, jak\u00e1 jsou o\u010dek\u00e1v\u00e1n\u00ed vlastn\u011b od toho st\u00e1tu, jak rychle se m\u016f\u017eete nau\u010dit \u010desky na n\u011bjak\u00e9 jakoby \u00farovni, abyste byli samostatn\u00ed, kdy\u017e jste je\u0161t\u011b v n\u011bjak\u00fdch dal\u0161\u00edch jako kontextech toho, co za\u017e\u00edv\u00e1te, tak, jak jsem o tom mluvila, \u017ee ta situace je jako emo\u010dn\u00ed, soci\u00e1ln\u00ed, nen\u00ed jednoduch\u00e1. J\u00e1 jsem p\u0159esv\u011bd\u010den\u00e1 o tom, \u017ee by b\u00fdvalo bylo mnohem lep\u0161\u00ed, kdybychom nem\u011bnili to nastaven\u00ed t\u00e9 soci\u00e1ln\u00ed podpory, sm\u011b\u0159ovali sp\u00ed\u0161e k tomu, aby ti lid\u00e9 byli do budoucna rychleji za\u010dlen\u011bni do toho obecn\u00e9ho d\u00e1vkov\u00e9ho syst\u00e9mu, proto\u017ee n\u00e1m umo\u017e\u0148uje v\u011bt\u0161\u00ed individu\u00e1ln\u00ed podporu. Takhle m\u00e1me pro Ukrajince jednu HUDku, kter\u00e1 vlastn\u011b dopad\u00e1 na \u0161irok\u00e9 spektrum pot\u0159eb t\u011bch lid\u00ed a neum\u00ed vlastn\u011b na to reagovat.<br \/><br \/>Jan BUMBA, moder\u00e1tor<br \/>&#8212;&#8212;&#8212;&#8212;&#8212;&#8212;&#8211;<br \/>Ale nevid\u00edte tedy ten probl\u00e9m v tom, \u017ee se prost\u011b nepoda\u0159ilo ty lidi zapojit do spole\u010dnosti?<br \/><br \/>Magda FALTOV\u00c1, \u0159editelka Sdru\u017een\u00ed pro integraci a migraci<br \/>&#8212;&#8212;&#8212;&#8212;&#8212;&#8212;&#8211;<br \/>Jo, \u017ee tady zazn\u011blo, \u017ee jsou tady dlouho, ale ono to, prost\u011b pro tu zm\u011bnu, z\u00e1sadn\u00ed \u017eivotn\u00ed zm\u011bnu nen\u00ed tak dlouho. Mysl\u00edm, \u017ee obrovsk\u00e9 t\u00e9ma je bydlen\u00ed. A pokud by se poda\u0159ilo vy\u0159e\u0161it n\u011bjak\u00fdm udr\u017eiteln\u00fdm zp\u016fsobem individu\u00e1ln\u00ed bydlen\u00ed, tak se velk\u00e1 \u010d\u00e1st t\u011bch lid\u00ed, kte\u0159\u00ed prost\u011b s t\u00edm te\u010f bojuj\u00ed, by se posunula mnohem rychle d\u00e1le, ale v\u017edycky tady bude je\u0161t\u011b skupina, kter\u00e1, t\u011bch velmi zraniteln\u00fdch lid\u00ed, kte\u0159\u00ed t\u0159eba nejsou \u00fapln\u011b schopni t\u00e9 samostatn\u00e9 existence, kter\u00e1 tu podporu bude pot\u0159eba del\u0161\u00ed.<br \/><br \/>Jan BUMBA, moder\u00e1tor<br \/>&#8212;&#8212;&#8212;&#8212;&#8212;&#8212;&#8211;<br \/>Pan\u00ed Freitas Lopesov\u00e1, jak dob\u0159e nebo nedob\u0159e se da\u0159\u00ed integrovat Ukrajince do \u010desk\u00e9 spole\u010dnosti?<br \/><br \/>Zuzana FREITAS LOPESOV\u00c1, n\u00e1m\u011bstkyn\u011b Ministerstva pr\u00e1ce a soci\u00e1ln\u00edch v\u011bc\u00ed \/Pir\u00e1ti\/<br \/>&#8212;&#8212;&#8212;&#8212;&#8212;&#8212;&#8211;<br \/>My tady velice nar\u00e1\u017e\u00edme, proto\u017ee my jsme od za\u010d\u00e1tku nab\u00edzeli r\u016fzn\u00e9 kurzy jazykov\u00e9, byly bezplatn\u00e9, byly nab\u00edzen\u00e9 p\u0159\u00edmo ministerstvem, probl\u00e9m byl, \u017ee se vlastn\u011b neda\u0159ilo motivovat ty lidi k tomu, aby to vyu\u017e\u00edvali. Postupn\u011b se zase to \u010d\u00edslo zvy\u0161uje. V tuto chv\u00edli v\u00edm, \u017ee t\u0159eba za posledn\u00ed dobu, co jsme to sledovali, asi 6 000 \u00fa\u010dastn\u00edk\u016f nebo absolvent\u016f toho kurzu jsme napo\u010d\u00edtali, ale po\u0159\u00e1d n\u00e1m to p\u0159ijde jako n\u00edzk\u00e9 \u010d\u00edslo.<br \/><br \/>Jan BUMBA, moder\u00e1tor<br \/>&#8212;&#8212;&#8212;&#8212;&#8212;&#8212;&#8211;<br \/>Vypad\u00e1 to, \u017ee nemaj\u00ed z\u00e1jem?<br \/><br \/>Zuzana FREITAS LOPESOV\u00c1, n\u00e1m\u011bstkyn\u011b Ministerstva pr\u00e1ce a soci\u00e1ln\u00edch v\u011bc\u00ed \/Pir\u00e1ti\/<br \/>&#8212;&#8212;&#8212;&#8212;&#8212;&#8212;&#8211;<br \/>J\u00e1 m\u00e1m pocit, \u017ee v mnoha zam\u011bstn\u00e1n\u00edch oni si vysta\u010d\u00ed se sv\u00fdm jazykem, proto\u017ee se tu domluv\u00ed, tak\u017ee nejsou \u00fapln\u011b motivov\u00e1ni k tomu, aby zvy\u0161ovali tuto kompetenci. Pokud to nen\u00ed n\u011bkdo, kdo vlastn\u011b, pro koho je ten jazyk z\u00e1sadn\u00ed z hlediska jeho povol\u00e1n\u00ed a cht\u011bl by vykon\u00e1vat sv\u00e9 povol\u00e1n\u00ed, tak tu motivaci \u00fapln\u011b nem\u00e1, proto\u017ee on se n\u011bjak\u00fdm zp\u016fsobem domluv\u00ed. Mo\u017en\u00e1 tady je pot\u0159eba taky zm\u00ednit, \u017ee \u0159ada z t\u011bch lid\u00ed, kte\u0159\u00ed sem p\u0159ich\u00e1z\u00ed, tak oni sami nev\u00ed, co s nimi bude, co vlastn\u011b maj\u00ed pl\u00e1novat, jak se maj\u00ed rozhodnout, to je situace, s kterou taky postupn\u011b pracujeme. A oni nemaj\u00ed \u017e\u00e1dnou perspektivu a pot\u0159ebuj\u00ed mo\u017en\u00e1 hodn\u011b \u010dasu na to, aby si sami ujasnili, jestli se jim to vyplat\u00ed se u\u010dit.<br \/><br \/>Jan BUMBA, moder\u00e1tor<br \/>&#8212;&#8212;&#8212;&#8212;&#8212;&#8212;&#8211;<br \/>D\u011bkuji v\u00e1m ob\u011bma za dne\u0161n\u00ed debatu. Na\u0161imi hosty byly n\u00e1m\u011bstkyn\u011b\u00a0<strong>ministra<\/strong>\u00a0<strong>pr\u00e1ce<\/strong>\u00a0a soci\u00e1ln\u00edch v\u011bc\u00ed Zuzana Freitas Lopesov\u00e1 z \u010cesk\u00e9 pir\u00e1tsk\u00e9 strany. Na shledanou.<br \/><br \/><br \/><br \/><\/p>\n","protected":false},"excerpt":{"rendered":"<div class=\"mh-excerpt\"><p>Takzvan\u00fd Lex Ukrajina 5 m\u011bl mimo jin\u00e9 motivovat ukrajinsk\u00e9 uprchl\u00edky k tomu, aby si na\u0161li pr\u00e1ci a bydlen\u00ed a nemuseli b\u00fdt z\u00e1visl\u00ed na st\u00e1tn\u00edch d\u00e1vk\u00e1ch. <a class=\"mh-excerpt-more\" href=\"https:\/\/www.invarena.cz\/?p=43435\" title=\"Pro a proti: Zuzana Freitas Lopesov\u00e1 (Pir\u00e1ti), Magda Faltov\u00e1 (\u0159editelka Sdru\u017een\u00ed pro integraci a migraci)\u00a0\u00a0\">[&#8230;]<\/a><\/p>\n<\/div>","protected":false},"author":1,"featured_media":5657,"comment_status":"open","ping_status":"closed","sticky":false,"template":"","format":"standard","meta":{"footnotes":""},"categories":[12],"tags":[],"class_list":["post-43435","post","type-post","status-publish","format-standard","has-post-thumbnail","hentry","category-rozhovory"],"_links":{"self":[{"href":"https:\/\/www.invarena.cz\/index.php?rest_route=\/wp\/v2\/posts\/43435","targetHints":{"allow":["GET"]}}],"collection":[{"href":"https:\/\/www.invarena.cz\/index.php?rest_route=\/wp\/v2\/posts"}],"about":[{"href":"https:\/\/www.invarena.cz\/index.php?rest_route=\/wp\/v2\/types\/post"}],"author":[{"embeddable":true,"href":"https:\/\/www.invarena.cz\/index.php?rest_route=\/wp\/v2\/users\/1"}],"replies":[{"embeddable":true,"href":"https:\/\/www.invarena.cz\/index.php?rest_route=%2Fwp%2Fv2%2Fcomments&post=43435"}],"version-history":[{"count":0,"href":"https:\/\/www.invarena.cz\/index.php?rest_route=\/wp\/v2\/posts\/43435\/revisions"}],"wp:featuredmedia":[{"embeddable":true,"href":"https:\/\/www.invarena.cz\/index.php?rest_route=\/wp\/v2\/media\/5657"}],"wp:attachment":[{"href":"https:\/\/www.invarena.cz\/index.php?rest_route=%2Fwp%2Fv2%2Fmedia&parent=43435"}],"wp:term":[{"taxonomy":"category","embeddable":true,"href":"https:\/\/www.invarena.cz\/index.php?rest_route=%2Fwp%2Fv2%2Fcategories&post=43435"},{"taxonomy":"post_tag","embeddable":true,"href":"https:\/\/www.invarena.cz\/index.php?rest_route=%2Fwp%2Fv2%2Ftags&post=43435"}],"curies":[{"name":"wp","href":"https:\/\/api.w.org\/{rel}","templated":true}]}}