{"id":4344,"date":"2013-04-30T08:58:25","date_gmt":"2013-04-30T06:58:25","guid":{"rendered":"http:\/\/www.invarena.cz\/?p=4344"},"modified":"2025-09-07T08:41:21","modified_gmt":"2025-09-07T06:41:21","slug":"vzal-synovi-invalidni-duchod-poridil-si-byt","status":"publish","type":"post","link":"https:\/\/www.invarena.cz\/?p=4344","title":{"rendered":"Vzal synovi invalidn\u00ed d\u016fchod, po\u0159\u00eddil si byt"},"content":{"rendered":"<p><strong>Sv\u00e9mu nesv\u00e9pr\u00e1vn\u00e9mu synovi zpronev\u011b\u0159il pen\u00edze jeho otec ze Sokolovska. Za doplatek synova invalidn\u00edho d\u016fchodu si koupil byt pro sebe. Nyn\u00ed \u010del\u00ed st\u00edh\u00e1n\u00ed za zpronev\u011bru.<\/strong><\/p>\n<p><!--more--><\/p>\n<p>Policist\u00e9 obvinili mu\u017ee ze Sokolovska z toho, \u017ee zpronev\u011b\u0159il sv\u00e9mu nesv\u00e9pr\u00e1vn\u00e9mu synovi invalidn\u00ed d\u016fchod. Podez\u00edraj\u00ed ho, \u017ee si za 300 tis\u00edc korun, kter\u00e9 dostal jako syn\u016fv opatrovn\u00edk, koupil byt. Otci hroz\u00ed a\u017e osm let v\u011bzen\u00ed.<\/p>\n<p>Dev\u011bta\u010dty\u0159icetilet\u00e9ho mu\u017ee obvinila policie ze zpronev\u011bry. Podle n\u00ed si nechal 300 tis\u00edc korun, kter\u00e9 dostal jako doplatek invalidn\u00edho d\u016fchodu pat\u0159\u00edc\u00ed jeho plnolet\u00e9mu synovi. Ten je nesv\u00e9pr\u00e1vn\u00fd a soud ur\u010dil jako opatrovn\u00edka pr\u00e1v\u011b jeho otce.<\/p>\n<p>&#8222;Obvin\u011bn\u00fd byl \u0159\u00e1dn\u011b pou\u010den o pr\u00e1vech a povinnostech p\u0159i v\u00fdkonu funkce a o v\u00fdznamu opatrovnictv\u00ed, co\u017e stvrdil podpisem, a tud\u00ed\u017e si byl v\u011bdom povinnosti hospoda\u0159it s finan\u010dn\u00edmi prost\u0159edky nesv\u00e9pr\u00e1vn\u00e9ho v jeho prosp\u011bch,&#8220; informovala sokolovsk\u00e1 policejn\u00ed mluv\u010d\u00ed Kate\u0159ina B\u00f6hmov\u00e1.<\/p>\n<p>Za pen\u00edze si bez svolen\u00ed soudu koupil byt a v katastru nemovitost\u00ed ho nechal zapsat na sv\u00e9 jm\u00e9no.<\/p>\n<p>Doplatky dost\u00e1val otec podle policejn\u00edho mluv\u010d\u00edho Pavla Valenty n\u011bkolik m\u011bs\u00edc\u016f. V p\u0159\u00edpad\u011b prok\u00e1z\u00e1n\u00ed viny mu hroz\u00ed a\u017e osm let v\u011bzen\u00ed.<\/p>\n<p>Mlad\u00e1 fronta DNES<\/p>\n","protected":false},"excerpt":{"rendered":"<div class=\"mh-excerpt\"><p>Sv\u00e9mu nesv\u00e9pr\u00e1vn\u00e9mu synovi zpronev\u011b\u0159il pen\u00edze jeho otec ze Sokolovska. Za doplatek synova invalidn\u00edho d\u016fchodu si koupil byt pro sebe. Nyn\u00ed \u010del\u00ed st\u00edh\u00e1n\u00ed za zpronev\u011bru.<\/p>\n<\/div>","protected":false},"author":1,"featured_media":21032,"comment_status":"open","ping_status":"open","sticky":false,"template":"","format":"standard","meta":{"footnotes":""},"categories":[7],"tags":[],"class_list":["post-4344","post","type-post","status-publish","format-standard","has-post-thumbnail","hentry","category-spolecnost"],"_links":{"self":[{"href":"https:\/\/www.invarena.cz\/index.php?rest_route=\/wp\/v2\/posts\/4344","targetHints":{"allow":["GET"]}}],"collection":[{"href":"https:\/\/www.invarena.cz\/index.php?rest_route=\/wp\/v2\/posts"}],"about":[{"href":"https:\/\/www.invarena.cz\/index.php?rest_route=\/wp\/v2\/types\/post"}],"author":[{"embeddable":true,"href":"https:\/\/www.invarena.cz\/index.php?rest_route=\/wp\/v2\/users\/1"}],"replies":[{"embeddable":true,"href":"https:\/\/www.invarena.cz\/index.php?rest_route=%2Fwp%2Fv2%2Fcomments&post=4344"}],"version-history":[{"count":0,"href":"https:\/\/www.invarena.cz\/index.php?rest_route=\/wp\/v2\/posts\/4344\/revisions"}],"wp:featuredmedia":[{"embeddable":true,"href":"https:\/\/www.invarena.cz\/index.php?rest_route=\/wp\/v2\/media\/21032"}],"wp:attachment":[{"href":"https:\/\/www.invarena.cz\/index.php?rest_route=%2Fwp%2Fv2%2Fmedia&parent=4344"}],"wp:term":[{"taxonomy":"category","embeddable":true,"href":"https:\/\/www.invarena.cz\/index.php?rest_route=%2Fwp%2Fv2%2Fcategories&post=4344"},{"taxonomy":"post_tag","embeddable":true,"href":"https:\/\/www.invarena.cz\/index.php?rest_route=%2Fwp%2Fv2%2Ftags&post=4344"}],"curies":[{"name":"wp","href":"https:\/\/api.w.org\/{rel}","templated":true}]}}