{"id":43457,"date":"2023-11-07T08:01:30","date_gmt":"2023-11-07T07:01:30","guid":{"rendered":"https:\/\/www.invarena.cz\/?p=43457"},"modified":"2023-11-07T09:52:10","modified_gmt":"2023-11-07T08:52:10","slug":"prekonavame-bariery-spojujeme-komunity-zdravotnicky-material-velkoobchod-s-r-o-v-srdci-olomouce","status":"publish","type":"post","link":"https:\/\/www.invarena.cz\/?p=43457","title":{"rendered":"P\u0159ekon\u00e1v\u00e1me bari\u00e9ry, spojujeme komunity: Zdravotnick\u00fd Materi\u00e1l &#8211; Velkoobchod s.r.o. v srdci Olomouce"},"content":{"rendered":"\n<p>\/advertorial\/<\/p>\n\n\n\n<p>V srdci historick\u00e9 Olomouce, kde ka\u017ed\u00e1 ulice vypr\u00e1v\u00ed p\u0159\u00edb\u011bh, se nach\u00e1z\u00ed firma Zdravotnick\u00fd Materi\u00e1l &#8211; Velkoobchod s.r.o., kter\u00e1 je v\u00fdjime\u010dn\u00e1 nejen sv\u00fdm posl\u00e1n\u00edm, ale tak\u00e9 t\u00edm, \u017ee jej\u00ed slu\u017eby jsou otev\u0159en\u00e9 pro ka\u017ed\u00e9ho \u2013 a\u0165 u\u017e jste zdravotnick\u00fd profesion\u00e1l nebo soukrom\u00e1 osoba, u n\u00e1s najdete v\u0161e pot\u0159ebn\u00e9 pro va\u0161e zdravotnick\u00e9 pot\u0159eby.<\/p>\n\n\n\n<p>Na\u0161e firma nen\u00ed jen obchod se zdravotnick\u00fdm materi\u00e1lem a pot\u0159ebami pro zdravotnictv\u00ed, ale tak\u00e9 pracovi\u0161t\u011b, kde zdravotn\u00ed handicap nen\u00ed p\u0159ek\u00e1\u017ekou, ale p\u0159\u00edle\u017eitost\u00ed pro spolupr\u00e1ci a r\u016fst. S v\u00edce ne\u017e 80 % zam\u011bstnanc\u016f se zdravotn\u00edm posti\u017een\u00edm jsme hrd\u00fdm p\u0159\u00edkladem, \u017ee inkluzivn\u00ed pracovn\u00ed prost\u0159ed\u00ed m\u016f\u017ee b\u00fdt \u010dasem \u00fasp\u011b\u0161n\u00e9 a prosperuj\u00edc\u00ed, a to d\u00edky V\u00e1m i investic\u00edm do nov\u00fdch platforem. Nap\u0159\u00edklad n\u00e1\u0161 nov\u00fd projekt eshopu, na kter\u00fd jsme hrd\u00ed.<\/p>\n\n\n\n<p>Na\u0161e \u0161irok\u00e9 portfolio zahrnuje v\u0161e od z\u00e1kladn\u00edch zdravotnick\u00fdch materi\u00e1l\u016f a pot\u0159eb a\u017e po vybaven\u00ed pro nemocnice a jin\u00e9 zdravotnick\u00e9 za\u0159\u00edzen\u00ed. A to v\u0161e je dostupn\u00e9 jak pro profesion\u00e1ln\u00ed zdravotn\u00edky, tak pro individu\u00e1ln\u00ed z\u00e1kazn\u00edky, kte\u0159\u00ed hledaj\u00ed kvalitn\u00ed a spolehliv\u00e9 produkty pro osobn\u00ed p\u00e9\u010di nebo p\u00e9\u010di o sv\u00e9 bl\u00edzk\u00e9.<\/p>\n\n\n\n<p>V dob\u011b ekonomick\u00fdch v\u00fdzev si cen\u00edme ka\u017ed\u00e9ho na\u0161eho z\u00e1kazn\u00edka a chceme upozornit zejm\u00e9na na mo\u017enost n\u00e1hradn\u00edho pln\u011bn\u00ed dle paragrafu 81 z\u00e1kona \u010d. 435\/2004Sb. Spoluprac\u00ed s n\u00e1mi nejen podpo\u0159\u00edte soci\u00e1ln\u00ed podnik\u00e1n\u00ed a z\u00edsk\u00e1te prvot\u0159\u00eddn\u00ed zdravotnick\u00e9 zbo\u017e\u00ed a slu\u017eby, ale z\u00e1rove\u0148 p\u0159isp\u011bjete k integraci osob se zdravotn\u00edm posti\u017een\u00edm do pracovn\u00edho procesu.<\/p>\n\n\n\n<p>Pro objedn\u00e1vky a prohl\u00eddku na\u0161eho komplexn\u00edho sortimentu v\u00e1s zveme, abyste se zaregistrovali v na\u0161em e-shopu na\u00a0<a rel=\"noreferrer noopener\" href=\"http:\/\/www.zdravotnicke-materialy.cz\/\" target=\"_blank\">www.zdravotnicke-materialy.cz<\/a>. S registrac\u00ed z\u00edsk\u00e1te nejen p\u0159\u00edstup k mno\u017estevn\u00edm a ak\u010dn\u00edm slev\u00e1m, ale tak\u00e9 v\u00e1m nab\u00eddneme automaticky 2% slevu na ka\u017ed\u00fd osobn\u00ed odb\u011br ve skladu. Ve\u0161ker\u00e9 zbo\u017e\u00ed pos\u00edl\u00e1me p\u0159es smluvn\u00edho partnera PPL do \u010cR a EU. Pro osobn\u00ed vyzvednut\u00ed zbo\u017e\u00ed m\u016f\u017eete p\u0159ij\u00edt od pond\u011bl\u00ed do p\u00e1tku mezi 08:00 a 14:00 hodinami na adresu Na Z\u00e1kop\u011b 2, 77900 Olomouc.<\/p>\n\n\n\n<figure class=\"wp-block-image size-large\"><img loading=\"lazy\" decoding=\"async\" width=\"310\" height=\"260\" src=\"https:\/\/www.invarena.cz\/wp-content\/uploads\/Zdravotnicky-material-310x260.jpg\" alt=\"\" class=\"wp-image-43459\" srcset=\"https:\/\/www.invarena.cz\/wp-content\/uploads\/Zdravotnicky-material-310x260.jpg 310w, https:\/\/www.invarena.cz\/wp-content\/uploads\/Zdravotnicky-material-218x183.jpg 218w, https:\/\/www.invarena.cz\/wp-content\/uploads\/Zdravotnicky-material-99x83.jpg 99w, https:\/\/www.invarena.cz\/wp-content\/uploads\/Zdravotnicky-material-768x644.jpg 768w, https:\/\/www.invarena.cz\/wp-content\/uploads\/Zdravotnicky-material.jpg 940w\" sizes=\"auto, (max-width: 310px) 100vw, 310px\" \/><\/figure>\n","protected":false},"excerpt":{"rendered":"<div class=\"mh-excerpt\"><p>\/advertorial\/ V srdci historick\u00e9 Olomouce, kde ka\u017ed\u00e1 ulice vypr\u00e1v\u00ed p\u0159\u00edb\u011bh, se nach\u00e1z\u00ed firma Zdravotnick\u00fd Materi\u00e1l &#8211; Velkoobchod s.r.o., kter\u00e1 je v\u00fdjime\u010dn\u00e1 nejen sv\u00fdm posl\u00e1n\u00edm, ale <a class=\"mh-excerpt-more\" href=\"https:\/\/www.invarena.cz\/?p=43457\" title=\"P\u0159ekon\u00e1v\u00e1me bari\u00e9ry, spojujeme komunity: Zdravotnick\u00fd Materi\u00e1l &#8211; Velkoobchod s.r.o. v srdci Olomouce\">[&#8230;]<\/a><\/p>\n<\/div>","protected":false},"author":1,"featured_media":43459,"comment_status":"open","ping_status":"closed","sticky":false,"template":"","format":"standard","meta":{"footnotes":""},"categories":[79],"tags":[],"class_list":["post-43457","post","type-post","status-publish","format-standard","has-post-thumbnail","hentry","category-inzeraty-2"],"_links":{"self":[{"href":"https:\/\/www.invarena.cz\/index.php?rest_route=\/wp\/v2\/posts\/43457","targetHints":{"allow":["GET"]}}],"collection":[{"href":"https:\/\/www.invarena.cz\/index.php?rest_route=\/wp\/v2\/posts"}],"about":[{"href":"https:\/\/www.invarena.cz\/index.php?rest_route=\/wp\/v2\/types\/post"}],"author":[{"embeddable":true,"href":"https:\/\/www.invarena.cz\/index.php?rest_route=\/wp\/v2\/users\/1"}],"replies":[{"embeddable":true,"href":"https:\/\/www.invarena.cz\/index.php?rest_route=%2Fwp%2Fv2%2Fcomments&post=43457"}],"version-history":[{"count":0,"href":"https:\/\/www.invarena.cz\/index.php?rest_route=\/wp\/v2\/posts\/43457\/revisions"}],"wp:featuredmedia":[{"embeddable":true,"href":"https:\/\/www.invarena.cz\/index.php?rest_route=\/wp\/v2\/media\/43459"}],"wp:attachment":[{"href":"https:\/\/www.invarena.cz\/index.php?rest_route=%2Fwp%2Fv2%2Fmedia&parent=43457"}],"wp:term":[{"taxonomy":"category","embeddable":true,"href":"https:\/\/www.invarena.cz\/index.php?rest_route=%2Fwp%2Fv2%2Fcategories&post=43457"},{"taxonomy":"post_tag","embeddable":true,"href":"https:\/\/www.invarena.cz\/index.php?rest_route=%2Fwp%2Fv2%2Ftags&post=43457"}],"curies":[{"name":"wp","href":"https:\/\/api.w.org\/{rel}","templated":true}]}}