{"id":4350,"date":"2013-04-30T10:17:25","date_gmt":"2013-04-30T08:17:25","guid":{"rendered":"http:\/\/www.invarena.cz\/?p=4350"},"modified":"2013-04-30T10:25:10","modified_gmt":"2013-04-30T08:25:10","slug":"dusevne-nemocnych-v-cesku-rychle-pribyva","status":"publish","type":"post","link":"https:\/\/www.invarena.cz\/?p=4350","title":{"rendered":"Du\u0161evn\u011b nemocn\u00fdch v \u010cesku rychle p\u0159ib\u00fdv\u00e1"},"content":{"rendered":"<p><strong>Du\u0161evn\u011b nemocn\u00fdch v \u010cesku rapidn\u011b p\u0159ib\u00fdv\u00e1. Za posledn\u00edch \u0161est let se po\u010det lid\u00ed v ordinac\u00edch psychiatr\u016f zvedl o 100 tis\u00edc a plno hl\u00e1s\u00ed i l\u00e9\u010debny. Nap\u0159\u00edklad v Brn\u011b-\u010cernovic\u00edch podle \u010cesk\u00e9 televize \u010dasto lid\u00e9 kon\u010d\u00ed kv\u016fli z\u00e1vislostem a depres\u00edm.<\/strong><\/p>\n<p><!--more--><br \/>\nNavenek spokojen\u00e1 tv\u00e1\u0159, uvnit\u0159 ale rozbit\u00e1 du\u0161e. \u00dazkostmi za\u010dala Svatava Bogn\u00e1rov\u00e1 trp\u011bt pot\u00e9, co neust\u00e1valy h\u00e1dky s man\u017eelem a onemocn\u011bla j\u00ed dcera.<\/p>\n<p>&#8222;Nev\u00edte, kdy to p\u0159ijde, jo, to se c\u00edt\u00edte jako t\u0159eba p\u016fl dne p\u0159\u00edjemn\u011b a najednou klap, jak kdy\u017e se p\u0159ehod\u00ed klapka a c\u00edt\u00edte, \u017ee se n\u011bco v t\u00e9 hlav\u011b d\u011bje,&#8220; \u0159\u00edk\u00e1 Svatava Bogn\u00e1rov\u00e1.<\/p>\n<p>A na prvn\u00ed pohled ani Pavel Mrkvica nevypad\u00e1 jako du\u0161evn\u011b nemocn\u00fd, p\u0159itom ka\u017ed\u00fd den doch\u00e1z\u00ed do stacion\u00e1\u0159e Psychiatrick\u00e9 l\u00e9\u010debny v \u010cernovic\u00edch.<\/p>\n<p>&#8222;Byly to vlastn\u011b \u00fazkosti, kter\u00fd vyvrcholovali panickou atakou, a tady se to rapidn\u011b zlep\u0161uje a c\u00edt\u00edm se podstatn\u011b l\u00edp,&#8220; \u0159ekl Pavel Mrkvica.<\/p>\n<p>Du\u0161evn\u00ed poruchy ro\u010dn\u011b zlom\u00ed na 600 tis\u00edc \u010cech\u016f. P\u0159ed 10 lety to byla polovina, v\u00edc postihuj\u00ed \u017eeny ne\u017e mu\u017ee a nevyh\u00fdbaj\u00ed se ani d\u011btem a dosp\u00edvaj\u00edc\u00edm. D\u016fvody n\u00e1v\u0161t\u011bv psychiatra se u mu\u017e\u016f a \u017een li\u0161\u00ed. \u017deny tr\u00e1p\u00ed neur\u00f3zy, deprese a \u00fazkosti. Mu\u017ee stres a z\u00e1vislosti na alkoholu a drog\u00e1ch.<\/p>\n<p>&#8222;Hodn\u011b z toho jsou reaktivn\u00ed stavy, kdy n\u00e1por spole\u010dnosti je velice vysok\u00fd, ten tlak na v\u00fdkon, na dosa\u017een\u00ed \u00fasp\u011bchu je velk\u00fd a mnoz\u00ed lid\u00e9 selh\u00e1vaj\u00ed,&#8220; uvedl\u00a0 \u0159editel Psychiatrick\u00e9 l\u00e9\u010debny Brno Marek Radimsk\u00fd.<\/p>\n<p>Hlavn\u011b lid\u00e9 se z\u00e1vislostmi st\u0159\u00eddaj\u00ed v l\u00e9\u010debn\u00e1ch schizofreniky. T\u011bch za jejich zdmi naopak ub\u00fdv\u00e1.\u00a0 D\u00edky nov\u00fdm l\u00e9k\u016fm toti\u017e mnoho t\u011bchto pacient\u016f m\u016f\u017ee b\u00fdt v ambulantn\u00ed p\u00e9\u010di.<\/p>\n<p>Jak p\u0159edej\u00edt \u00fazkostem, kter\u00fdmi trp\u00ed pan\u00ed Svatava a pan Pavel, l\u00e9ka\u0159i nev\u011bd\u00ed. Hledat \u0159e\u0161en\u00ed je ale i kv\u016fli ekonomice t\u0159eba, du\u0161evn\u00ed poruchy jsou u\u017e te\u010f druh\u00fdm nej\u010dast\u011bj\u0161\u00edm d\u016fvodem pro p\u0159izn\u00e1n\u00ed invalidn\u00edho d\u016fchodu.<\/p>\n<p>podle report\u00e1\u017ee \u010cT1 zaznamenala invArena<\/p>\n","protected":false},"excerpt":{"rendered":"<div class=\"mh-excerpt\"><p>Du\u0161evn\u011b nemocn\u00fdch v \u010cesku rapidn\u011b p\u0159ib\u00fdv\u00e1. Za posledn\u00edch \u0161est let se po\u010det lid\u00ed v ordinac\u00edch psychiatr\u016f zvedl o 100 tis\u00edc a plno hl\u00e1s\u00ed i l\u00e9\u010debny. <a class=\"mh-excerpt-more\" href=\"https:\/\/www.invarena.cz\/?p=4350\" title=\"Du\u0161evn\u011b nemocn\u00fdch v \u010cesku rychle p\u0159ib\u00fdv\u00e1\">[&#8230;]<\/a><\/p>\n<\/div>","protected":false},"author":1,"featured_media":0,"comment_status":"open","ping_status":"open","sticky":false,"template":"","format":"standard","meta":{"footnotes":""},"categories":[7],"tags":[],"class_list":["post-4350","post","type-post","status-publish","format-standard","hentry","category-spolecnost"],"_links":{"self":[{"href":"https:\/\/www.invarena.cz\/index.php?rest_route=\/wp\/v2\/posts\/4350","targetHints":{"allow":["GET"]}}],"collection":[{"href":"https:\/\/www.invarena.cz\/index.php?rest_route=\/wp\/v2\/posts"}],"about":[{"href":"https:\/\/www.invarena.cz\/index.php?rest_route=\/wp\/v2\/types\/post"}],"author":[{"embeddable":true,"href":"https:\/\/www.invarena.cz\/index.php?rest_route=\/wp\/v2\/users\/1"}],"replies":[{"embeddable":true,"href":"https:\/\/www.invarena.cz\/index.php?rest_route=%2Fwp%2Fv2%2Fcomments&post=4350"}],"version-history":[{"count":0,"href":"https:\/\/www.invarena.cz\/index.php?rest_route=\/wp\/v2\/posts\/4350\/revisions"}],"wp:attachment":[{"href":"https:\/\/www.invarena.cz\/index.php?rest_route=%2Fwp%2Fv2%2Fmedia&parent=4350"}],"wp:term":[{"taxonomy":"category","embeddable":true,"href":"https:\/\/www.invarena.cz\/index.php?rest_route=%2Fwp%2Fv2%2Fcategories&post=4350"},{"taxonomy":"post_tag","embeddable":true,"href":"https:\/\/www.invarena.cz\/index.php?rest_route=%2Fwp%2Fv2%2Ftags&post=4350"}],"curies":[{"name":"wp","href":"https:\/\/api.w.org\/{rel}","templated":true}]}}