{"id":43577,"date":"2023-11-10T21:13:29","date_gmt":"2023-11-10T20:13:29","guid":{"rendered":"https:\/\/www.invarena.cz\/?p=43577"},"modified":"2023-11-10T21:13:30","modified_gmt":"2023-11-10T20:13:30","slug":"v-zizkovskem-divadle-jary-cimrmana-pokrtili-charitativni-kalendar-slunce","status":"publish","type":"post","link":"https:\/\/www.invarena.cz\/?p=43577","title":{"rendered":"V \u017di\u017ekovsk\u00e9m divadle J\u00e1ry Cimrmana pok\u0159tili charitativn\u00ed kalend\u00e1\u0159 Slunce"},"content":{"rendered":"\n<p>Kalend\u00e1\u0159 Nada\u010dn\u00edho fondu Slunce pro v\u0161echny, kter\u00fd ka\u017edoro\u010dn\u011b vznik\u00e1 za \u00fa\u010delem pomoci d\u011btem a dosp\u011bl\u00fdm s ment\u00e1ln\u00edm posti\u017een\u00edm, se m\u016f\u017ee pochlubit nejen kr\u00e1sn\u00fdmi fotografiemi, ale tak\u00e9 zn\u00e1m\u00fdmi tv\u00e1\u0159emi, kter\u00e9 se do n\u011bj zapojily. K\u0159est se uskute\u010dnil 2. listopadu p\u0159ed benefi\u010dn\u00edm p\u0159edstaven\u00edm hry Posel z Lipt\u00e1kova v \u017di\u017ekovsk\u00e9m divadle J\u00e1ry Cimrmana.<\/p>\n\n\n\n<p>Ujali se ho herci divadla v \u010dele se Zde\u0148kem Sv\u011br\u00e1kem spole\u010dn\u011b s osobnostmi, kter\u00e9 se do kalend\u00e1\u0159e fotily. Nemohli chyb\u011bt ani z\u00e1stupci z\u00e1mku \u010castolovice, kde kalend\u00e1\u0159 vznikl. Pan\u00ed Diana Sternbergov\u00e1, se kterou poj\u00ed Slunce dlouholet\u00e9 p\u0159\u00e1telstv\u00ed, a zam\u011bstnanci z\u00e1mku zvou ka\u017edoro\u010dn\u011b u\u017eivatele soci\u00e1ln\u00edch slu\u017eeb ze Slunce a \u017e\u00e1ky slune\u010dn\u00ed \u0161koly na n\u00e1dhern\u00fd v\u00fdlet do \u010castolovic. P\u0159enesou se do poh\u00e1dky a u\u017eij\u00ed si nezapomenuteln\u00fd nev\u0161edn\u00ed den v z\u00e1meck\u00e9m prost\u0159ed\u00ed. Ve Slunci si velice v\u00e1\u017e\u00ed up\u0159\u00edmn\u00e9ho p\u0159\u00e1telstv\u00ed \u010dastolovick\u00fdch s lidmi a d\u011btmi s hendikepy.<\/p>\n\n\n\n<p>Tv\u00e1\u0159emi nov\u00e9ho kalend\u00e1\u0159e jsou nejen zn\u00e1m\u00e9 osobnosti, kter\u00e9 fotila fotografka Jana Pert\u00e1kov\u00e1, ale i d\u011bti a dosp\u011bl\u00e1ci ze Slunce. K\u0159est byl nejen slavnostn\u00edm okam\u017eikem, ale tak\u00e9 p\u0159\u00edle\u017eitost\u00ed uk\u00e1zat, jak m\u016f\u017ee b\u00fdt um\u011bn\u00ed spojeno s dobrou v\u011bc\u00ed.<\/p>\n\n\n\n<p>Kalend\u00e1\u0159 lze zakoupit v Kav\u00e1rn\u011b Slunce v Unho\u0161ti nebo na e-shopu obchudek.slunce.info. Vybrat si m\u016f\u017eete bu\u010f n\u00e1stn\u011bnn\u00fd nebo stoln\u00ed. V\u00fdt\u011b\u017eek z prodeje kalend\u00e1\u0159\u016f p\u016fjde na podporu hendikepovan\u00fdch lid\u00ed ve Slunci.<\/p>\n\n\n\n<p>Dlouh\u00e9 roky trv\u00e1 tak\u00e9 p\u0159\u00e1telstv\u00ed Slunce s \u017di\u017ekovsk\u00fdm divadlem J\u00e1ry Cimrmana. \u0160tafetu po Ladislavu Smoljakovi, kter\u00fd byl a je in memoriam p\u0159edsedou spr\u00e1vn\u00ed rady ve Slunci, p\u0159evzal herec Marek \u0160imon. Benefi\u010dn\u00ed p\u0159edstaven\u00ed u Cimrman\u016f se konalo ji\u017e po \u0161est\u00e9 a d\u00edky lidem v s\u00e1le vyneslo Nada\u010dn\u00edmu fondu Slunce pro v\u0161echny \u00fa\u017easn\u00fdch 131 400 korun.<\/p>\n\n\n\n<p>Zn\u00e1m\u00e9 tv\u00e1\u0159e, kter\u00e9 v kalend\u00e1\u0159i najdete:<\/p>\n\n\n\n<p>Kate\u0159ina Bro\u017eov\u00e1, Sv\u011btlana N\u00e1lepkov\u00e1, Lucie Silkenov\u00e1, D\u00e1\u0161a Z\u00e1zv\u016frkov\u00e1, Hana He\u0159m\u00e1nkov\u00e1, Zden\u011bk \u017d\u00e1k, Zuzana \u017d\u00e1kov\u00e1, Marek \u0160imon, Mark\u00e9ta Muzik\u00e1\u0159ov\u00e1, Josef \u0160t\u00e1gr, Diana Sternbergov\u00e1, So\u0148a Machov\u00e1.<\/p>\n\n\n\n<p>Blanka Dvo\u0159\u00e1kov\u00e1<\/p>\n\n\n\n<p>Kladensk\u00fd den\u00edk<\/p>\n\n\n\n<p><a href=\"https:\/\/kladensky.denik.cz\/\" target=\"_blank\" rel=\"noreferrer noopener\">https:\/\/kladensky.denik.cz\/<\/a><\/p>\n","protected":false},"excerpt":{"rendered":"<div class=\"mh-excerpt\"><p>Kalend\u00e1\u0159 Nada\u010dn\u00edho fondu Slunce pro v\u0161echny, kter\u00fd ka\u017edoro\u010dn\u011b vznik\u00e1 za \u00fa\u010delem pomoci d\u011btem a dosp\u011bl\u00fdm s ment\u00e1ln\u00edm posti\u017een\u00edm, se m\u016f\u017ee pochlubit nejen kr\u00e1sn\u00fdmi fotografiemi, ale <a class=\"mh-excerpt-more\" href=\"https:\/\/www.invarena.cz\/?p=43577\" title=\"V \u017di\u017ekovsk\u00e9m divadle J\u00e1ry Cimrmana pok\u0159tili charitativn\u00ed kalend\u00e1\u0159 Slunce\">[&#8230;]<\/a><\/p>\n<\/div>","protected":false},"author":1,"featured_media":20251,"comment_status":"open","ping_status":"closed","sticky":false,"template":"","format":"standard","meta":{"footnotes":""},"categories":[9],"tags":[],"class_list":["post-43577","post","type-post","status-publish","format-standard","has-post-thumbnail","hentry","category-zpravy"],"_links":{"self":[{"href":"https:\/\/www.invarena.cz\/index.php?rest_route=\/wp\/v2\/posts\/43577","targetHints":{"allow":["GET"]}}],"collection":[{"href":"https:\/\/www.invarena.cz\/index.php?rest_route=\/wp\/v2\/posts"}],"about":[{"href":"https:\/\/www.invarena.cz\/index.php?rest_route=\/wp\/v2\/types\/post"}],"author":[{"embeddable":true,"href":"https:\/\/www.invarena.cz\/index.php?rest_route=\/wp\/v2\/users\/1"}],"replies":[{"embeddable":true,"href":"https:\/\/www.invarena.cz\/index.php?rest_route=%2Fwp%2Fv2%2Fcomments&post=43577"}],"version-history":[{"count":0,"href":"https:\/\/www.invarena.cz\/index.php?rest_route=\/wp\/v2\/posts\/43577\/revisions"}],"wp:featuredmedia":[{"embeddable":true,"href":"https:\/\/www.invarena.cz\/index.php?rest_route=\/wp\/v2\/media\/20251"}],"wp:attachment":[{"href":"https:\/\/www.invarena.cz\/index.php?rest_route=%2Fwp%2Fv2%2Fmedia&parent=43577"}],"wp:term":[{"taxonomy":"category","embeddable":true,"href":"https:\/\/www.invarena.cz\/index.php?rest_route=%2Fwp%2Fv2%2Fcategories&post=43577"},{"taxonomy":"post_tag","embeddable":true,"href":"https:\/\/www.invarena.cz\/index.php?rest_route=%2Fwp%2Fv2%2Ftags&post=43577"}],"curies":[{"name":"wp","href":"https:\/\/api.w.org\/{rel}","templated":true}]}}