{"id":43605,"date":"2023-11-13T06:52:36","date_gmt":"2023-11-13T05:52:36","guid":{"rendered":"https:\/\/www.invarena.cz\/?p=43605"},"modified":"2023-11-13T06:53:40","modified_gmt":"2023-11-13T05:53:40","slug":"potravinova-sbirka-byla-jubilejni","status":"publish","type":"post","link":"https:\/\/www.invarena.cz\/?p=43605","title":{"rendered":"Potravinov\u00e1 sb\u00edrka\u00a0byla rekordn\u00ed\u00a0"},"content":{"rendered":"\n<p><br \/>Nap\u0159\u00ed\u010d republikou o v\u00edkendu propukl jubilejn\u00ed, 10. ro\u010dn\u00edk sb\u00edrky potravin. N\u00e1kupem p\u0159edev\u0161\u00edm trvanliv\u00fdch potravin mohl p\u0159isp\u011bt ka\u017ed\u00fd z n\u00e1s, a to ve v\u00edce ne\u017e dvou tis\u00edc\u00edch prodejen. Potraviny pak putuj\u00ed nej\u010dast\u011bji k samo\u017eivitel\u016fm nebo osam\u011bl\u00fdm senior\u016fm.<br \/><br \/>So\u0148a Porupkov\u00e1, moder\u00e1torka<br \/>&#8212;&#8212;&#8212;&#8212;&#8212;&#8212;&#8211;<br \/>No a potravinov\u00e9 banky nav\u00edc hl\u00e1s\u00ed, \u017ee po jejich slu\u017eb\u00e1ch je te\u010f enormn\u00ed z\u00e1jem. Chudobou je toti\u017e v \u010cesku ohro\u017een a\u017e 1 milion lid\u00ed.<br \/><br \/>anketa<br \/>&#8212;&#8212;&#8212;&#8212;&#8212;&#8212;&#8211;<br \/>A pro koho jsme to koupili?<br \/><br \/>anketa<br \/>&#8212;&#8212;&#8212;&#8212;&#8212;&#8212;&#8211;<br \/>Pro d\u011bti\u010dky.<br \/><br \/>Pavl\u00edna Polatov\u00e1, redaktorka<br \/>&#8212;&#8212;&#8212;&#8212;&#8212;&#8212;&#8211;<br \/>Lid\u00e9 mohou do potravinov\u00e9 sb\u00edrky p\u0159isp\u011bt trvanliv\u00fdmi potravinami, konzervami anebo t\u0159eba d\u011btskou kosmetikou.<br \/><br \/>Blanka Je\u017ekov\u00e1, dobrovolnice<br \/>&#8212;&#8212;&#8212;&#8212;&#8212;&#8212;&#8211;<br \/>Anebo na za\u010d\u00e1tku obchodu m\u00e1me takov\u00e9 ta\u0161ky za 199 K\u010d, kde je napsan\u00e9, co ta ta\u0161ka obsahuje, a vlastn\u011b oni odkoup\u00ed jenom tu ta\u0161ku a pak n\u00e1m ji tady na konci odevzdaj\u00ed.<br \/><br \/>anketa<br \/>&#8212;&#8212;&#8212;&#8212;&#8212;&#8212;&#8211;<br \/>Sama jsem maminka, tak\u017ee p\u0159em\u00fd\u0161l\u00edm o tom, z \u010deho maminky b\u011b\u017en\u011b va\u0159\u00ed&#8230;. olej, t\u011bstoviny, ml\u00edko.<br \/><br \/>anketa<br \/>&#8212;&#8212;&#8212;&#8212;&#8212;&#8212;&#8211;<br \/>M\u00e1me se dob\u0159e, tak a\u0165 se maj\u00ed i ostatn\u00ed dob\u0159e.<br \/><br \/>Jan Krejsa, redaktor<br \/>&#8212;&#8212;&#8212;&#8212;&#8212;&#8212;&#8211;<br \/>Do akce se zapojily 4 000 dobrovoln\u00edk\u016f. Jak\u00fd je dneska z\u00e1jem o potravinovou sb\u00edrku?<br \/><br \/>Marie Ebenstreitov\u00e1, dobrovolnice<br \/>&#8212;&#8212;&#8212;&#8212;&#8212;&#8212;&#8211;<br \/>Velikej, velikej. Opravdu u\u017e m\u00e1me hodn\u011b, hodn\u011b nast\u0159\u00e1d\u00e1no.<br \/><br \/>Jan Krejsa, redaktor<br \/>&#8212;&#8212;&#8212;&#8212;&#8212;&#8212;&#8211;<br \/>Nejv\u00edce potravin se vybralo na podzim v roce 2020, dohromady 650 tun zbo\u017e\u00ed.<br \/><br \/>Tom\u00e1\u0161 Prouza, prezident Svazu obchodu a cestovn\u00edho ruchu<br \/>&#8212;&#8212;&#8212;&#8212;&#8212;&#8212;&#8211;<br \/>Ten rekord mo\u017en\u00e1 p\u0159ekon\u00e1me i d\u00edky tomu, \u017ee poprv\u00e9 m\u00e1me v\u00edc ne\u017e 2 000 prodejen, kde se m\u016f\u017ee darovat.<br \/><br \/>Jan Krejsa, redaktor<br \/>&#8212;&#8212;&#8212;&#8212;&#8212;&#8212;&#8211;<br \/>Potravinov\u00e9 banky loni podpo\u0159ily 300 000 lid\u00ed. T\u011bch, kte\u0159\u00ed by pomoc pot\u0159ebovali, je ale pr\u00fd mnohem v\u00edce.<br \/><br \/>Ale\u0161 SLAV\u00cd\u010cEK, p\u0159edseda \u010cesk\u00e9 federace potravinov\u00fdch bank<br \/>&#8212;&#8212;&#8212;&#8212;&#8212;&#8212;&#8211;<br \/>Ten z\u00e1jem je opravdu enormn\u00ed, chod\u00ed hlavn\u011b maminky a tat\u00ednkov\u00e9 samo\u017eivitel\u00e9.<br \/><br \/>Jan Krejsa, redaktor<br \/>&#8212;&#8212;&#8212;&#8212;&#8212;&#8212;&#8211;<br \/>T\u0159eba pobo\u010dce pro Prahu a St\u0159edo\u010desk\u00fd kraj vydr\u017e\u00ed z\u00e1soby z potravinov\u00e9 sb\u00edrky u\u017e jen jeden m\u011bs\u00edc.<br \/><br \/>V\u011bra DOU\u0160OV\u00c1, \u0159editelka Potravinov\u00e9 banky pro Prahu a St\u0159edo\u010desk\u00fd kraj<br \/>&#8212;&#8212;&#8212;&#8212;&#8212;&#8212;&#8211;<br \/>Kdy\u017e za\u010d\u00ednala potravinov\u00e1 sb\u00edrka, vydr\u017eelo n\u00e1m to t\u0159eba p\u016fl roku do t\u00e9 dal\u0161\u00ed sb\u00edrky.<br \/><br \/>Marian JURE\u010cKA,\u00a0<strong>ministr<\/strong>\u00a0<strong>pr\u00e1ce<\/strong>\u00a0a soci\u00e1ln\u00edch v\u011bc\u00ed \/KDU-\u010cSL\/<br \/>&#8212;&#8212;&#8212;&#8212;&#8212;&#8212;&#8211;<br \/>\u010cesk\u00e1 republika m\u00e1 vlastn\u011b nejmen\u0161\u00ed pod\u00edl lid\u00ed ohro\u017een\u00fdch chudobou z cel\u00e9 Evropsk\u00e9 unie, ale to neznamen\u00e1, \u017ee nem\u00e1me hledat cesty, jak\u00fdm zp\u016fsobem tu situaci t\u011bchto lid\u00ed zlep\u0161it.<br \/><br \/>&#8212;&#8212;&#8212;&#8212;&#8212;&#8212;&#8211;<br \/>Lid\u00e9 mohou tak\u00e9 darovat pomoc\u00ed online e-shop\u016f, a to a\u017e do 21. listopadu. Podrobnosti najdete na webu sb\u00edrkapotravin.cz. <\/p>\n\n\n\n<p>CNN Prima News.<br \/><\/p>\n","protected":false},"excerpt":{"rendered":"<div class=\"mh-excerpt\"><p>Nap\u0159\u00ed\u010d republikou o v\u00edkendu propukl jubilejn\u00ed, 10. ro\u010dn\u00edk sb\u00edrky potravin. N\u00e1kupem p\u0159edev\u0161\u00edm trvanliv\u00fdch potravin mohl p\u0159isp\u011bt ka\u017ed\u00fd z n\u00e1s, a to ve v\u00edce ne\u017e dvou <a class=\"mh-excerpt-more\" href=\"https:\/\/www.invarena.cz\/?p=43605\" title=\"Potravinov\u00e1 sb\u00edrka\u00a0byla rekordn\u00ed\u00a0\">[&#8230;]<\/a><\/p>\n<\/div>","protected":false},"author":1,"featured_media":3558,"comment_status":"open","ping_status":"closed","sticky":false,"template":"","format":"standard","meta":{"footnotes":""},"categories":[9],"tags":[],"class_list":["post-43605","post","type-post","status-publish","format-standard","has-post-thumbnail","hentry","category-zpravy"],"_links":{"self":[{"href":"https:\/\/www.invarena.cz\/index.php?rest_route=\/wp\/v2\/posts\/43605","targetHints":{"allow":["GET"]}}],"collection":[{"href":"https:\/\/www.invarena.cz\/index.php?rest_route=\/wp\/v2\/posts"}],"about":[{"href":"https:\/\/www.invarena.cz\/index.php?rest_route=\/wp\/v2\/types\/post"}],"author":[{"embeddable":true,"href":"https:\/\/www.invarena.cz\/index.php?rest_route=\/wp\/v2\/users\/1"}],"replies":[{"embeddable":true,"href":"https:\/\/www.invarena.cz\/index.php?rest_route=%2Fwp%2Fv2%2Fcomments&post=43605"}],"version-history":[{"count":0,"href":"https:\/\/www.invarena.cz\/index.php?rest_route=\/wp\/v2\/posts\/43605\/revisions"}],"wp:featuredmedia":[{"embeddable":true,"href":"https:\/\/www.invarena.cz\/index.php?rest_route=\/wp\/v2\/media\/3558"}],"wp:attachment":[{"href":"https:\/\/www.invarena.cz\/index.php?rest_route=%2Fwp%2Fv2%2Fmedia&parent=43605"}],"wp:term":[{"taxonomy":"category","embeddable":true,"href":"https:\/\/www.invarena.cz\/index.php?rest_route=%2Fwp%2Fv2%2Fcategories&post=43605"},{"taxonomy":"post_tag","embeddable":true,"href":"https:\/\/www.invarena.cz\/index.php?rest_route=%2Fwp%2Fv2%2Ftags&post=43605"}],"curies":[{"name":"wp","href":"https:\/\/api.w.org\/{rel}","templated":true}]}}