{"id":43633,"date":"2023-11-16T08:35:58","date_gmt":"2023-11-16T07:35:58","guid":{"rendered":"https:\/\/www.invarena.cz\/?p=43633"},"modified":"2023-11-16T08:36:04","modified_gmt":"2023-11-16T07:36:04","slug":"o-socialni-peci-o-pacienty-s-hemofilii","status":"publish","type":"post","link":"https:\/\/www.invarena.cz\/?p=43633","title":{"rendered":"O soci\u00e1ln\u00ed p\u00e9\u010di o pacienty s hemofili\u00ed\u00a0"},"content":{"rendered":"\n<p>Rozhovor s&nbsp;pan\u00ed n\u00e1m\u011bstkyn\u00ed&nbsp;<strong>ministra<\/strong>&nbsp;<strong>pr\u00e1ce<\/strong>&nbsp;a soci\u00e1ln\u00edch v\u011bc\u00ed, zodpov\u011bdnou za \u0159\u00edzen\u00ed sekce soci\u00e1ln\u00edho poji\u0161t\u011bn\u00ed a nepojistn\u00fdch d\u00e1vek, pan\u00ed Ing. Ivou Merhautovou, kter\u00e1 osv\u011btluje v&nbsp;\u0161ir\u0161\u00edm slova smyslu rozd\u011blen\u00ed kategori\u00ed zdravotn\u011b posti\u017een\u00fdch osob do t\u0159\u00ed skupin dle z\u00e1va\u017enosti posti\u017een\u00ed. Jednou z&nbsp;t\u011bch skupin je i nemoc hemofilie, kde pan\u00ed n\u00e1m\u011bstkyn\u011b l\u00ed\u010d\u00ed, do jak\u00e9 skupiny tito nemocn\u00ed lid\u00e9 pat\u0159\u00ed. Co je pot\u0159eba p\u0159i pod\u00e1n\u00ed \u017e\u00e1dost\u00ed \u010di zlep\u0161en\u00ed zdravotn\u00edho stavu.<\/p>\n\n\n\n<p>A11 TV&nbsp;&#8211; Minuty z Region\u016f <\/p>\n\n\n\n<p>&#8212;&#8212;&#8212;&#8212;&#8212;&#8212;&#8211;<br \/>Hezk\u00fd den. V cyklu Tohle m\u016f\u017ee\u0161 aneb jak hacknout hemofilii se dnes budeme v\u011bnovat soci\u00e1ln\u00ed p\u00e9\u010di o pacienty s hemofili\u00ed. M\u00fdm hostem je n\u00e1m\u011bstkyn\u011b&nbsp;<strong>ministra<\/strong>&nbsp;<strong>pr\u00e1ce<\/strong>&nbsp;a soci\u00e1ln\u00edch v\u011bc\u00ed zodpov\u011bdn\u00e1 za \u0159\u00edzen\u00ed sekce soci\u00e1ln\u00edho poji\u0161t\u011bn\u00ed a nepojistn\u00fdch d\u00e1vek, pan\u00ed Ing. Iva Merhautov\u00e1, dobr\u00fd den, v\u00edtejte.<\/p>\n\n\n\n<p>Pan\u00ed n\u00e1m\u011bstkyn\u011b, my se dnes budeme bavit o soci\u00e1ln\u00ed p\u00e9\u010di o hemofiliky. Mnoz\u00ed z nich pat\u0159\u00ed mezi osoby se zdravotn\u00edm posti\u017een\u00edm, proto\u017ee komplikace tohoto onemocn\u011bn\u00ed po\u0161kozuje klouby, sni\u017euje t\u0159eba jejich hybnost a zkr\u00e1tka mnoho z nich m\u00e1 pr\u00e1v\u011b ozna\u010den\u00ed osoba\u00a0<strong>zdravotn\u011b<\/strong>\u00a0<strong>posti\u017een\u00e1<\/strong>, tak\u017ee to t\u00e9ma dnes bude takov\u00e9 \u0161ir\u0161\u00ed, ale poj\u010fme si \u0159\u00edct na sam\u00fd \u00favod, jak se d\u011bl\u00ed osoby se zdravotn\u00edm posti\u017een\u00edm, pota\u017emo co znamen\u00e1 skupina osob, kter\u00e1 se ozna\u010duje jako osoby zdravotn\u011b znev\u00fdhodn\u011bn\u00e9.<br \/><br \/>Iva Merhautov\u00e1, Sekce soci\u00e1ln\u00edho poji\u0161t\u011bn\u00ed a nepojistn\u00fdch d\u00e1vek,\u00a0<strong>MPSV<\/strong>\u00a0\u010cR \/KDU-\u010cSL<br \/>&#8212;&#8212;&#8212;&#8212;&#8212;&#8212;&#8211;<br \/>Dobr\u00fd den, my na to m\u00e1me celou \u0159adu z\u00e1kon\u016f, z\u00e1kon o d\u016fchodov\u00e9m poji\u0161t\u011bn\u00ed, z\u00e1kon o zam\u011bstnanosti, z\u00e1kon o d\u016fchodov\u00e9m poji\u0161t\u011bn\u00ed \u0159e\u0161\u00ed invaliditu, a to je pr\u00e1v\u011b ta jedna skupina, kdy rozezn\u00e1v\u00e1me t\u0159i stupn\u011b invalidity. \u0158ekn\u011bme nejz\u00e1va\u017en\u011bj\u0161\u00ed, je ten t\u0159et\u00ed stupe\u0148, kde u\u017e tomu \u010dlov\u011bku zb\u00fdv\u00e1 jenom asi 30 % pracovn\u00ed schopnosti, \u010dili 30 % mo\u017enost\u00ed pracovat, ale jak je v\u0161eobecn\u011b zn\u00e1mo, tak je je\u0161t\u011b prvn\u00ed a druh\u00fd stupe\u0148 invalidity a tady samoz\u0159ejm\u011b ti lid\u00e9 maj\u00ed daleko v\u011bt\u0161\u00ed schopnosti pracovat. Je to odli\u0161eno 75\u201350 a teda \u00fapln\u011b ten nejv\u011bt\u0161\u00ed nebo nejmen\u0161\u00ed rozsah je t\u011bch 30 %. V praxi to znamen\u00e1, \u017ee nejprve mus\u00ed tedy \u010dlov\u011bk po\u017e\u00e1dat o p\u0159izn\u00e1n\u00ed invalidity. Je posouzen l\u00e9ka\u0159em l\u00e9ka\u0159sk\u00e9 posudkov\u00e9 slu\u017eby, ale t\u00edmto bohu\u017eel nekon\u010d\u00ed, proto\u017ee u n\u00e1s m\u00e1me invaliditu je\u0161t\u011b nav\u00e1zanou na placen\u00ed pojistn\u00e9ho na d\u016fchodov\u00e9 poji\u0161t\u011bn\u00ed nebo na soci\u00e1ln\u00ed zabezpe\u010den\u00ed, obecn\u011b. Tak\u017ee pokud to nen\u00ed p\u0159\u00edmo invalida z ml\u00e1d\u00ed, co\u017e tady u t\u011bch lid\u00ed s hemofili\u00ed je\u0161t\u011b patrn\u011b tak v\u00fdznamn\u00e9\u00a0<strong>posti\u017een\u00ed<\/strong>\u00a0v ml\u00e1d\u00ed nemaj\u00ed, kdy\u017e pracuj\u00ed, se ty roky, kter\u00e9 odpracuj\u00ed a odv\u00e1d\u00ed pojistn\u00e9, zapo\u010d\u00edt\u00e1vaj\u00ed a i podle toho se potom vypo\u010d\u00edt\u00e1v\u00e1 v\u00fd\u0161e toho\u00a0<strong>invalidn\u00edho<\/strong>\u00a0d\u016fchodu, \u010dili jsou v podstat\u011b dv\u011b podm\u00ednky, jedna je, aby je l\u00e9ka\u0159 uznal\u00a0<strong>invalidn\u00edm<\/strong>\u00a0a druh\u00e1, aby tam byla existence n\u011bjak\u00fdch odpracovan\u00fdch let a placen\u00ed pojistn\u00e9ho. A pak jste se ptal na osobu zdravotn\u011b znev\u00fdhodn\u011bnou. To je osoba, kter\u00e1 je\u0161t\u011b nen\u00ed\u00a0<strong>invalidn\u00ed<\/strong>, ale u\u017e n\u011bjak\u00e9 znev\u00fdhodn\u011bn\u00ed m\u00e1 a pr\u00e1v\u011b zase l\u00e9ka\u0159 l\u00e9ka\u0159sk\u00e9 posudkov\u00e9 slu\u017eby m\u016f\u017ee uznat toto zdravotn\u00ed znev\u00fdhodn\u011bn\u00ed. Ono to potom m\u00e1 pr\u00e1v\u011b dopad do skute\u010dnosti, \u017ee takov\u00fdto \u010dlov\u011bk u\u017e m\u016f\u017ee b\u00fdt t\u0159eba zam\u011bstn\u00e1n na chr\u00e1n\u011bn\u00e9m trhu pr\u00e1ce.<br \/><br \/>mluv\u010d\u00ed 1,<br \/>&#8212;&#8212;&#8212;&#8212;&#8212;&#8212;&#8211;<br \/>Existuj\u00ed tedy jak\u00e9 mo\u017enosti podpory \u010di soci\u00e1ln\u00edho zabezpe\u010den\u00ed osob, kter\u00e9 pat\u0159\u00ed mezi osoby zdravotn\u011b znev\u00fdhodn\u011bn\u00e9 nebo osoby\u00a0<strong>zdravotn\u011b<\/strong>\u00a0<strong>posti\u017een\u00e9<\/strong>?<br \/><br \/>Iva Merhautov\u00e1, Sekce soci\u00e1ln\u00edho poji\u0161t\u011bn\u00ed a nepojistn\u00fdch d\u00e1vek,\u00a0<strong>MPSV<\/strong>\u00a0\u010cR \/KDU-\u010cSL<br \/>&#8212;&#8212;&#8212;&#8212;&#8212;&#8212;&#8211;<br \/>Tak obecn\u011b samoz\u0159ejm\u011b mohou dos\u00e1hnout na jakoukoliv d\u00e1vkovou podporu, a\u0165 u\u017e v t\u011bch pojistn\u00fdch nebo nepojistn\u00fdch syst\u00e9mech, kdy\u017e bychom se pod\u00edvali, \u0159ekn\u011bme, na nepojistn\u00e9, tak hodn\u011b \u010dastou d\u00e1vkou, o kterou lid\u00e9 \u017e\u00e1daj\u00ed, je p\u0159\u00edsp\u011bvek na p\u00e9\u010di, kter\u00fd je ve \u010dty\u0159ech stupn\u00edch z\u00e1vislosti, kdy ta osoba v tom nejvy\u0161\u0161\u00edm stupni u\u017e mus\u00ed b\u00fdt t\u00e9m\u011b\u0159 pln\u011b z\u00e1visl\u00e1 na pomoci jin\u00e9 osoby. Tak\u017ee tady u\u017e se bav\u00edme o tom, nikoliv o schopnosti pracovat, ale o schopnosti t\u0159eba s\u00e1m sebe obslou\u017eit, dom\u00e1cnost obslou\u017eit a podobn\u011b. Samoz\u0159ejm\u011b potom mohou je\u0161t\u011b \u017e\u00e1dat o dal\u0161\u00ed d\u00e1vky, jako je nap\u0159\u00edklad p\u0159\u00edsp\u011bvek na mobilitu. Ten je v\u00e1z\u00e1n je\u0161t\u011b na pr\u016fkazku pro osoby se zdravotn\u00edm posti\u017een\u00edm. U\u017e to bylo ve sn\u011bmovn\u011b p\u0159ijato, aktu\u00e1ln\u011b se zv\u00fd\u0161il z 550 K\u010d na 900 korun. A dokonce tedy tam m\u00e1me pro osoby, kter\u00e9 jsou trvale p\u0159ipojeni na d\u00fdchac\u00ed p\u0159\u00edstroje nebo oxygen\u00e1tory, tak je tam je\u0161t\u011b p\u0159\u00eddavek 2 000 K\u010d. Ono to s t\u00edm pohybem \u00fapln\u011b nesouvis\u00ed, ale na druhou stranu tito lid\u00e9 samoz\u0159ejm\u011b v dob\u011b zvy\u0161uj\u00edc\u00edch se cen energi\u00ed, maj\u00ed velmi vysok\u00e9 n\u00e1klady na energie a jsou na nich jaksi \u017eivotn\u011b z\u00e1visl\u00ed. Tak jsme to prozat\u00edm, ne\u017e se to t\u0159eba bude \u0159e\u0161it jin\u00fdm zp\u016fsobem, upravili jinak.<\/p>\n\n\n\n<p>Pokud se t\u00fdk\u00e1 t\u011bch pr\u016fkazek, tak to jsou t\u0159i typy:<\/p>\n\n\n\n<p>Pro osoby s nejmen\u0161\u00edm zdravotn\u00edm posti\u017een\u00edm je pr\u016fkazka, kter\u00e1 umo\u017e\u0148uje, jak je zn\u00e1mo, takov\u00e9to parkov\u00e1n\u00ed na vyhrazen\u00fdch m\u00edstech, p\u0159\u00edpadn\u011b tedy v dopravn\u00edch prost\u0159edc\u00edch, maj\u00ed p\u0159ednost k posazen\u00ed nebo maj\u00ed n\u011bjakou p\u0159ednost, nap\u0159. p\u0159i vy\u0159izov\u00e1n\u00ed sv\u00fdch \u017e\u00e1dost\u00ed na \u00fa\u0159adech.<\/p>\n\n\n\n<p>Ten druh\u00fd pr\u016fkaz&nbsp;<strong>ZTP<\/strong>&nbsp; u\u017e m\u00e1 dopad i do finan\u010dn\u00edch prost\u0159edk\u016f, proto\u017ee umo\u017e\u0148uje slevy jak tedy na j\u00edzdn\u00fdch, v MHD, tak i v celost\u00e1tn\u00ed doprav\u011b a jsou dal\u0161\u00ed v\u00fdhody, ale jednou z nich je\u0161t\u011b m\u016f\u017ee b\u00fdt sleva na n\u011bjak\u00fdch kulturn\u00edch, sportovn\u00edch nebo jin\u00fdch akc\u00edch.<\/p>\n\n\n\n<p>T\u0159et\u00ed pr\u016fkaz je pro ty osoby, kter\u00e9 jsou nejv\u00edce&nbsp;<strong>zdravotn\u011b<\/strong>&nbsp;<strong>posti\u017een\u00e9<\/strong>, je p\u0159izn\u00e1v\u00e1n i doprov\u00e1zej\u00edc\u00ed osob\u011b, a to je ozna\u010deno ZTP\/P, kde ty v\u00fdhody se vztahuj\u00ed pak i na tu doprov\u00e1zej\u00edc\u00ed osobu.<br \/><br \/>mluv\u010d\u00ed 1,<br \/>&#8212;&#8212;&#8212;&#8212;&#8212;&#8212;&#8211;<br \/>Samoz\u0159ejm\u011b j\u00e1 rozum\u00edm tomu, \u017ee tyto pr\u016fkazy po\u0159\u00e1d hraj\u00ed velkou roli a jsou d\u016fle\u017eit\u00e9, jak\u00fdm zp\u016fsobem se o n\u011b \u017e\u00e1d\u00e1 nebo na z\u00e1klad\u011b \u010deho jsou p\u0159id\u011blov\u00e1ny? Funguje to automaticky nebo je opravdu pot\u0159eba podat n\u011bjakou \u017e\u00e1dost?<br \/><br \/>Iva Merhautov\u00e1, Sekce soci\u00e1ln\u00edho poji\u0161t\u011bn\u00ed a nepojistn\u00fdch d\u00e1vek,&nbsp;<strong>MPSV<\/strong>&nbsp;\u010cR \/KDU-\u010cSL<br \/>&#8212;&#8212;&#8212;&#8212;&#8212;&#8212;&#8211;<br \/>Ano, \u017e\u00e1dost se pod\u00e1v\u00e1 na \u00da\u0159ad pr\u00e1ce. V\u0161echny d\u00e1vky, o kter\u00fdch jsem te\u010f hovo\u0159ila, a\u0165 je to u\u017e tedy mobilita, p\u0159\u00edsp\u011bvek na p\u00e9\u010di nebo i pr\u016fkazy, se \u017e\u00e1daj\u00ed na \u00da\u0159adu pr\u00e1ce, kdy v p\u0159\u00edpad\u011b p\u0159\u00edsp\u011bvku na p\u00e9\u010di je\u0161t\u011b do toho vstupuje krom\u011b l\u00e9ka\u0159e l\u00e9ka\u0159sk\u00e9 posudkov\u00e9 slu\u017eby i soci\u00e1ln\u00ed pracovn\u00edk, kter\u00fd prov\u00e1d\u00ed soci\u00e1ln\u00ed \u0161et\u0159en\u00ed v dom\u00e1cnosti, ale u t\u00e9 mobility a pr\u016fkazu ne, tam se rovnou p\u0159id\u00e1v\u00e1 ta \u017e\u00e1dost l\u00e9ka\u0159sk\u00e9 posudkov\u00e9 slu\u017eb\u011b, ta posoud\u00ed a zase vrac\u00ed zp\u00e1tky na \u00da\u0159ad pr\u00e1ce k vyd\u00e1n\u00ed rozhodnut\u00ed toho \u00fa\u0159edn\u00edho aktu.<br \/><br \/>mluv\u010d\u00ed 1,<br \/>&#8212;&#8212;&#8212;&#8212;&#8212;&#8212;&#8211;<br \/>Vy jste zmi\u0148ovala mo\u017enost, \u017ee m\u016f\u017ee b\u00fdt takov\u00fdto pr\u016fkaz i pro osobu doprov\u00e1zej\u00edc\u00ed. Jak je to v p\u0159\u00edpad\u011b soci\u00e1ln\u00edch d\u00e1vek? Existuj\u00ed i situace, kdy m\u016f\u017ee soci\u00e1ln\u00ed d\u00e1vky pob\u00edrat pe\u010dovatel?<br \/><br \/>Iva Merhautov\u00e1, Sekce soci\u00e1ln\u00edho poji\u0161t\u011bn\u00ed a nepojistn\u00fdch d\u00e1vek,&nbsp;<strong>MPSV<\/strong>&nbsp;\u010cR \/KDU-\u010cSL<br \/>&#8212;&#8212;&#8212;&#8212;&#8212;&#8212;&#8211;<br \/>Tak pr\u00e1v\u011b v t\u011bch nepojistn\u00fdch d\u00e1vk\u00e1ch tomu tak nen\u00ed, \u017ee p\u0159\u00edsp\u011bvek na p\u00e9\u010di pob\u00edr\u00e1 p\u0159\u00edmo ta osoba. V minulosti to tak bylo, ale aktu\u00e1ln\u011b to tak nen\u00ed. Jedinou d\u00e1vku nebo jedin\u00e9 d\u00e1vky, kter\u00e9 mohou pob\u00edrat lid\u00e9, kte\u0159\u00ed o n\u011bkoho pe\u010duj\u00ed, jsou nemocensk\u00e9 d\u00e1vky a jsou to d\u00e1vky, a\u0165 u\u017e kr\u00e1tkodob\u00e9ho nebo dlouhodob\u00e9ho o\u0161et\u0159ovn\u00e9ho.<br \/><br \/>mluv\u010d\u00ed 1,<br \/>&#8212;&#8212;&#8212;&#8212;&#8212;&#8212;&#8211;<br \/>J\u00e1 se p\u0159izn\u00e1m, \u017ee nejsem v\u016fbec odborn\u00edk na tuto problematiku, samoz\u0159ejm\u011b m\u011b velmi zaj\u00edm\u00e1, ale v\u00edm, \u017ee se hodn\u011b diskutuje, kdy je v\u00fdhodn\u00e9 o n\u011bjakou d\u00e1vku po\u017e\u00e1dat, jestli t\u0159eba osoba se zdravotn\u00edm posti\u017een\u00edm prvn\u00edho stupn\u011b by sp\u00ed\u0161 si m\u011bla proaktivn\u011b hledat zam\u011bstn\u00e1n\u00ed, kdy to jde v\u0161echno dohromady s pob\u00edr\u00e1n\u00edm&nbsp;<strong>invalidn\u00edho<\/strong>&nbsp;d\u016fchodu, r\u016fzn\u00e9 propo\u010dty, kdy se vyplat\u00ed, jak\u00fd je tady to probl\u00e9m nebo jak se tady v tom zorientovat, co poradit, jakou j\u00edt cestou?<br \/><br \/>Iva Merhautov\u00e1, Sekce soci\u00e1ln\u00edho poji\u0161t\u011bn\u00ed a nepojistn\u00fdch d\u00e1vek,&nbsp;<strong>MPSV<\/strong>&nbsp;\u010cR \/KDU-\u010cSL\/<br \/>&#8212;&#8212;&#8212;&#8212;&#8212;&#8212;&#8211;<br \/>Tak ur\u010dit\u011b oba \u00fa\u0159ady, jak \u00da\u0159ad pr\u00e1ce, tak \u010cesk\u00e1 spr\u00e1va soci\u00e1ln\u00edho zabezpe\u010den\u00ed je schopna, poradit nebo d\u00e1t n\u011bjak\u00e9 pot\u0159ebn\u00e9 informace. Plat\u00ed, \u017ee nen\u00ed mo\u017en\u00fd soub\u011bh starobn\u00edho nebo&nbsp;<strong>invalidn\u00edho<\/strong>&nbsp;d\u016fchodu, plat\u00ed, \u017ee lid\u00e9, kte\u0159\u00ed pob\u00edraj\u00ed&nbsp;<strong>invalidn\u00ed<\/strong>&nbsp;d\u016fchod i ve t\u0159et\u00edm stupni, mohou pracovat, pokud to tedy jejich schopnosti jim umo\u017en\u00ed, mo\u017en\u00e1 ze strany tedy t\u011bch osob se zdravotn\u00edm posti\u017een\u00edm n\u011bkdy zazn\u00edv\u00e1 kritika na to, \u017ee maj\u00ed kontroln\u00ed prohl\u00eddky a kontroln\u00ed term\u00edny pr\u00e1v\u011b, kdy m\u016f\u017ee t\u0159eba doj\u00edt i ke sn\u00ed\u017een\u00ed jak p\u0159\u00edsp\u011bvku na p\u00e9\u010di, tak p\u0159\u00edpadn\u011b invalidity, ono je to tak, \u017ee kdy\u017e se tomu \u010dlov\u011bku zlep\u0161\u00ed zdravotn\u00ed stav, tak se skute\u010dn\u011b toto potom m\u016f\u017ee st\u00e1t, ale v\u017edycky je to na z\u00e1klad\u011b n\u011bjak\u00fdch l\u00e9ka\u0159sk\u00fdch zpr\u00e1v a l\u00e9ka\u0159sk\u00fdch osv\u011bd\u010den\u00ed.<br \/><br \/>mluv\u010d\u00ed 1,<br \/>&#8212;&#8212;&#8212;&#8212;&#8212;&#8212;&#8211;<br \/>Kdybychom se te\u010f na chv\u00edli opravdu zkusili zam\u011b\u0159it na tu oblast pacient\u016f s hemofili\u00ed, proto\u017ee je to vrozen\u00e9 onemocn\u011bn\u00ed, samoz\u0159ejm\u011b ti pacienti mohou m\u00edt r\u016fzn\u011b z\u00e1va\u017enou formu hemofilie, ale s t\u00edm onemocn\u011bn\u00edm v\u011bt\u0161inou jaksi bojuj\u00ed od sam\u00e9ho narozen\u00ed a ten stav se m\u016f\u017ee bu\u010fto stabilizovat, nebo se m\u016f\u017ee i postupn\u011b zhor\u0161ovat, nebo jsou tady mezi n\u00e1mi hemofilici, kte\u0159\u00ed byli diagnostikov\u00e1ni d\u0159\u00edve, kdy l\u00e9\u010debn\u00e9 mo\u017enosti je\u0161t\u011b nebyli na takov\u00e9 \u00farovni jako v sou\u010dasn\u00e9 dob\u011b. Jak by se dal popsat takov\u00fd ten p\u0159\u00edstup, \u0159ekn\u011bme, soci\u00e1ln\u00ed p\u00e9\u010de o \u010dlov\u011bka, kter\u00fd se narod\u00ed s vrozen\u00fdm onemocn\u011bn\u00edm? V\u00ed se opravdu od miminka, \u017ee je to nemocn\u00e9 d\u00edt\u011b, kter\u00e9 se prost\u011b nevyl\u00e9\u010d\u00ed a\u017e, \u0159ekn\u011bme do, kdy\u017e bude m\u00edt \u0161t\u011bst\u00ed starobn\u00edho v\u011bku? Jak ten syst\u00e9m vypad\u00e1, jak\u00fdm zp\u016fsobem se o takov\u00e9ho nemocn\u00e9ho \u010dlov\u011bka star\u00e1, p\u0159\u00edpadn\u011b jak\u00fdm zp\u016fsobem podporuje rodinu, jestli by se to dalo v kostce p\u0159ehledn\u011b popsat?<br \/><br \/>Iva Merhautov\u00e1, Sekce soci\u00e1ln\u00edho poji\u0161t\u011bn\u00ed a nepojistn\u00fdch d\u00e1vek,&nbsp;<strong>MPSV<\/strong>&nbsp;\u010cR \/KDU-\u010cSL\/<br \/>&#8212;&#8212;&#8212;&#8212;&#8212;&#8212;&#8211;<br \/>Tak nev\u00edm, do jak\u00e9 m\u00edry v soci\u00e1ln\u00edch slu\u017eb\u00e1ch existuje slu\u017eba ran\u00e9 p\u00e9\u010de, to je pr\u00e1v\u011b pro ta miminka, nev\u00edm, do jak\u00e9 m\u00edry to je ze strany takov\u00fdch rodi\u010d\u016f vyu\u017e\u00edv\u00e1no. O takov\u00e9 nemoci, proto\u017ee to nen\u00ed&nbsp;<strong>posti\u017een\u00ed<\/strong>, j\u00e1 to sp\u00ed\u0161 vn\u00edm\u00e1m jako nemoc, ale je tato mo\u017enost, obr\u00e1tit se na ty poradny, kter\u00e9 poskytuj\u00ed ranou p\u00e9\u010di, samoz\u0159ejm\u011b pediat\u0159i, d\u011bt\u0161t\u00ed l\u00e9ka\u0159i, patrn\u011b tak\u00e9 dispenzarizuj\u00ed u\u017e od prvopo\u010d\u00e1tku a ten \u010dlov\u011bk je skute\u010dn\u011b v r\u00e1mci cel\u00e9ho \u017eivota posuzov\u00e1n v n\u011bjak\u00fdch poradn\u00e1ch. Je to sp\u00ed\u0161 ot\u00e1zka pro zdravotnictv\u00ed ne\u017e pro n\u00e1\u0161 rezort, ale jsem p\u0159esv\u011bd\u010dena, \u017ee tomu tak skute\u010dn\u011b je. Asi potom podle m\u00edry rozvoje t\u00e9 nemoci. P\u0159edpokl\u00e1d\u00e1m, \u017ee ty prohl\u00eddky budou dvakr\u00e1t, t\u0159ikr\u00e1t i \u010dty\u0159ikr\u00e1t ro\u010dn\u011b a samoz\u0159ejm\u011b pak nastupuje pozd\u011bji ten soci\u00e1ln\u00ed syst\u00e9m, kdy\u017e u\u017e se ta choroba v\u00edce rozvine a ten \u010dlov\u011bk pot\u0159ebuje v\u011bt\u0161\u00ed pomoc, v\u010detn\u011b tedy t\u00e9 d\u00e1vkov\u00e9 pomoci.<br \/><br \/>mluv\u010d\u00ed 1,<br \/>&#8212;&#8212;&#8212;&#8212;&#8212;&#8212;&#8211;<br \/>Kdy\u017e se takov\u00fd stav p\u0159ezkoum\u00e1v\u00e1, jak to zase prob\u00edh\u00e1 v praxi, jak\u00fdm zp\u016fsobem kontaktovat toho revizn\u00edho l\u00e9ka\u0159e, nebo kdo to \u0159\u00edd\u00ed?<br \/><br \/>Iva Merhautov\u00e1, Sekce soci\u00e1ln\u00edho poji\u0161t\u011bn\u00ed a nepojistn\u00fdch d\u00e1vek,&nbsp;<strong>MPSV<\/strong>&nbsp;\u010cR \/KDU-\u010cSL\/<br \/>&#8212;&#8212;&#8212;&#8212;&#8212;&#8212;&#8211;<br \/>Tak ono u t\u00e9 pr\u016fkazky, a nebo i t\u00e9 invalidity toto p\u0159ezkumn\u00e9 nebo kontroln\u00ed \u0159\u00edzen\u00ed v\u011bt\u0161inou je na t\u00e9 pr\u016fkazce vyzna\u010deno nebo i v tom rozhodnut\u00ed vyzna\u010deno, na jakou dobu, \u017ee to nen\u00ed na dobu, \u0159ekn\u011bme, neur\u010ditou nebo natrvalo a samoz\u0159ejm\u011b ten l\u00e9ka\u0159 si potom zve toho doty\u010dn\u00e9ho na to kontroln\u00ed \u0161et\u0159en\u00ed.<br \/><br \/>mluv\u010d\u00ed 1,<br \/>&#8212;&#8212;&#8212;&#8212;&#8212;&#8212;&#8211;<br \/>Jsou v pl\u00e1nu n\u011bjak\u00e9 zm\u011bny pr\u00e1v\u011b u t\u011bchto pr\u016fkaz\u016f, \u017ee by se t\u0159eba je\u0161t\u011b n\u011bjak\u00fdm zp\u016fsobem i v souvislosti s t\u00edm, \u017ee opravdu ta situace v sou\u010dasn\u00e9 dob\u011b nen\u00ed \u00fapln\u011b ide\u00e1ln\u00ed a lid\u00e9, kte\u0159\u00ed nemaj\u00ed kdov\u00edjak\u00e9 p\u0159\u00edjmy, co\u017e se samoz\u0159ejm\u011b lid\u00ed, kte\u0159\u00ed prob\u00edraj\u00ed&nbsp;<strong>invalidn\u00ed<\/strong>&nbsp;d\u016fchody, t\u00fdk\u00e1 je\u0161t\u011b n\u011bjak\u00fdm zp\u016fsobem ulevilo nebo se jim n\u011bjak\u00fdm zp\u016fsobem p\u0159isp\u011blo na ten jejich \u017eivot. Zva\u017euje se n\u011bco na \u00farovni ministerstva?<br \/><br \/>Iva Merhautov\u00e1, Sekce soci\u00e1ln\u00edho poji\u0161t\u011bn\u00ed a nepojistn\u00fdch d\u00e1vek,&nbsp;<strong>MPSV<\/strong>&nbsp;\u010cR \/KDU-\u010cSL\/<br \/>&#8212;&#8212;&#8212;&#8212;&#8212;&#8212;&#8211;<br \/>Tak zm\u011bny v posudkov\u00e9 slu\u017eb\u011b se sklo\u0148uj\u00ed dlouhou dobu, samoz\u0159ejm\u011b \u0159e\u0161\u00ed se to i na evropsk\u00e9 \u00farovni, kde existuje evropsk\u00e9 f\u00f3rum l\u00e9ka\u0159\u016f, kter\u00e9 se sch\u00e1z\u00ed. A jmenuje se jumas, kter\u00e9 se hodn\u011b zab\u00fdv\u00e1 posuzov\u00e1n\u00edm zdravotn\u00edho stavu. U n\u00e1s bychom cht\u011bli vypomoci l\u00e9ka\u0159\u016fm, kter\u00fdch je nedostatek, nejen tedy ve zdravotnictv\u00ed, ale i t\u00e9 posudkov\u00e9 slu\u017eby, vypomoci dal\u0161\u00edmi profesemi nel\u00e9ka\u0159\u016f, jako jsou sestry, fyzioterapeuti a dal\u0161\u00ed, kte\u0159\u00ed by m\u011bli pokud tedy ten z\u00e1kon, kter\u00fd te\u010f putuje v alegislativn\u00edm procesu te\u010f do sen\u00e1tu, tak pokud bude p\u0159ijat, tak by potom od p\u0159\u00ed\u0161t\u00edho roku mohli tito zdravotn\u00edci b\u00fdt p\u0159ij\u00edm\u00e1ni jako takov\u00fd, \u0159ekn\u011bme, spolupracovn\u00edci toho l\u00e9ka\u0159e l\u00e9ka\u0159sk\u00e9 posudkov\u00e9 slu\u017eby. Tak to jsou jedny zm\u011bny, kter\u00e9 pl\u00e1nujeme.<br \/><br \/>mluv\u010d\u00ed 1,<br \/>&#8212;&#8212;&#8212;&#8212;&#8212;&#8212;&#8211;<br \/>Pl\u00e1nuj\u00ed se je\u0161t\u011b n\u011bjak\u00e9 dal\u0161\u00ed zm\u011bny pro p\u0159\u00edjemce&nbsp;<strong>invalidn\u00edch<\/strong>&nbsp;d\u016fchod\u016f?<br \/><br \/>Iva Merhautov\u00e1, Sekce soci\u00e1ln\u00edho poji\u0161t\u011bn\u00ed a nepojistn\u00fdch d\u00e1vek,&nbsp;<strong>MPSV<\/strong>&nbsp;\u010cR \/KDU-\u010cSL\/<br \/>&#8212;&#8212;&#8212;&#8212;&#8212;&#8212;&#8211;<br \/>Ano, V podstat\u011b zm\u011bny jsou ve v\u00fd\u0161i&nbsp;<strong>invalidn\u00edho<\/strong>&nbsp;d\u016fchodu, proto\u017ee valorizace d\u016fchod\u016f se t\u00fdk\u00e1 i&nbsp;<strong>invalidn\u00edch<\/strong>&nbsp;d\u016fchod\u016f. A nev\u00edm, jestli jste zaznamenal v leto\u0161n\u00edm roce ten syst\u00e9m, \u0159\u00edk\u00e1me, \u017ee ministerstvo, proto\u017ee to je nastaveno jaksi v z\u00e1konech, tak ten syst\u00e9m zap\u0159\u00ed\u010dinil, \u017ee byly valorizace mimo\u0159\u00e1dn\u00e9, jedna \u0159\u00e1dn\u00e1 a p\u0159edpokl\u00e1d\u00e1 se, \u017ee pokud bude v\u00fdvoj inflace, jak\u00fd je, tak\u017ee bude mo\u017en\u00e1 i p\u0159\u00ed\u0161t\u00ed rok je\u0161t\u011b dal\u0161\u00ed jedna mimo\u0159\u00e1dn\u00e1 valorizace a ta se t\u00fdk\u00e1 tedy i lid\u00ed, kte\u0159\u00ed jsou p\u0159\u00edjemci&nbsp;<strong>invalidn\u00edch<\/strong>&nbsp;d\u016fchod\u016f.<br \/><br \/>mluv\u010d\u00ed 1,<br \/>&#8212;&#8212;&#8212;&#8212;&#8212;&#8212;&#8211;<br \/>Pan\u00ed in\u017een\u00fdrko, je\u0161t\u011b m\u011b zaj\u00edm\u00e1 jedna v\u011bc, a to je, kdy\u017e \u010dlov\u011bk pob\u00edraj\u00edc\u00ed&nbsp;<strong>invalidn\u00ed<\/strong>&nbsp;d\u016fchod dos\u00e1hne v\u011bku, kter\u00fd \u0159ad\u00ed mezi p\u0159\u00edjemce starobn\u00edho d\u016fchodu, jak se v takov\u00e9m p\u0159\u00edpad\u011b postupuje? Jak\u00e1 volba p\u0159ipad\u00e1 v \u00favahu? Pokra\u010duje se s v\u00fd\u0161\u00ed&nbsp;<strong>invalidn\u00edho<\/strong>&nbsp;d\u016fchodu nebo se vyb\u00edr\u00e1 z toho d\u016fchodu, kter\u00fd je vy\u0161\u0161\u00ed?<br \/><br \/>Iva Merhautov\u00e1, Sekce soci\u00e1ln\u00edho poji\u0161t\u011bn\u00ed a nepojistn\u00fdch d\u00e1vek,&nbsp;<strong>MPSV<\/strong>&nbsp;\u010cR \/KDU-\u010cSL\/<br \/>&#8212;&#8212;&#8212;&#8212;&#8212;&#8212;&#8211;<br \/>Tak pokud je v\u00fdhodn\u011bj\u0161\u00ed pro toho \u017eadatele pob\u00edrat d\u00e1l&nbsp;<strong>invalidn\u00ed<\/strong>&nbsp;d\u016fchod, m\u016f\u017ee, pokud ne, tak samoz\u0159ejm\u011b m\u016f\u017ee po\u017e\u00e1dat o starobn\u00ed d\u016fchod a je mu p\u0159izn\u00e1n starobn\u00ed d\u016fchod. Z\u00e1le\u017e\u00ed to na tom v\u00fdpo\u010dtu a ta mo\u017enost v\u00fdb\u011bru tam je.<br \/><br \/>mluv\u010d\u00ed 1,<br \/>&#8212;&#8212;&#8212;&#8212;&#8212;&#8212;&#8211;<br \/>Jak to je v p\u0159\u00edpad\u011b, \u017ee t\u0159eba \u010dlov\u011bk spad\u00e1 do kategorie jedna a pob\u00edr\u00e1 tedy&nbsp;<strong>invalidn\u00ed<\/strong>&nbsp;d\u016fchod a p\u0159itom je\u0161t\u011b pracuje a odv\u00e1d\u00ed d\u00e1vky?<br \/><br \/>Iva Merhautov\u00e1, Sekce soci\u00e1ln\u00edho poji\u0161t\u011bn\u00ed a nepojistn\u00fdch d\u00e1vek,&nbsp;<strong>MPSV<\/strong>&nbsp;\u010cR \/KDU-\u010cSL\/<br \/>&#8212;&#8212;&#8212;&#8212;&#8212;&#8212;&#8211;<br \/>Tam ta mo\u017enost pr\u00e1v\u011b nen\u00ed, to, co jsem \u0159\u00edkala, se t\u00fdk\u00e1&nbsp;<strong>invalidn\u00edho<\/strong>&nbsp;d\u016fchodu ve t\u0159et\u00edm stupni, jinak samoz\u0159ejm\u011b tady ten soub\u011bh je a po\u010d\u00edt\u00e1 se jak samoz\u0159ejm\u011b p\u0159\u00edjem, tak se to na\u010d\u00edt\u00e1 i s t\u00edm&nbsp;<strong>invalidn\u00edm<\/strong>&nbsp;d\u016fchodem.<br \/><br \/>mluv\u010d\u00ed 1,<br \/>&#8212;&#8212;&#8212;&#8212;&#8212;&#8212;&#8211;<br \/>J\u00e1 mysl\u00edm, \u017ee jsme poradili a zm\u00ednili celou \u0159adu d\u016fle\u017eit\u00fdch informac\u00ed. Mysl\u00edm, \u017ee jsme i p\u0159\u00edpadn\u011b pomohli nasm\u011brovat, kdo kde m\u016f\u017ee s \u010d\u00edm pomoct. Ka\u017edop\u00e1dn\u011b hostem dne\u0161n\u00edho d\u00edlu cyklu tohle m\u016f\u017ee\u0161 aneb jak hapnout hemofilii byla n\u00e1m\u011bstkyn\u011b&nbsp;<strong>ministra<\/strong>&nbsp;<strong>pr\u00e1ce<\/strong>&nbsp;a soci\u00e1ln\u00edch v\u011bc\u00ed, zodpov\u011bdn\u00e1 za\u0159\u00edzen\u00ed sekce soci\u00e1ln\u00edho poji\u0161t\u011bn\u00ed a nepojistn\u00fdch d\u00e1vek pan\u00ed Ing. Iva Merhautov\u00e1, d\u011bkuji, \u017ee jste si ud\u011blala \u010das.<\/p>\n","protected":false},"excerpt":{"rendered":"<div class=\"mh-excerpt\"><p>Rozhovor s&nbsp;pan\u00ed n\u00e1m\u011bstkyn\u00ed&nbsp;ministra&nbsp;pr\u00e1ce&nbsp;a soci\u00e1ln\u00edch v\u011bc\u00ed, zodpov\u011bdnou za \u0159\u00edzen\u00ed sekce soci\u00e1ln\u00edho poji\u0161t\u011bn\u00ed a nepojistn\u00fdch d\u00e1vek, pan\u00ed Ing. Ivou Merhautovou, kter\u00e1 osv\u011btluje v&nbsp;\u0161ir\u0161\u00edm slova smyslu rozd\u011blen\u00ed kategori\u00ed <a class=\"mh-excerpt-more\" href=\"https:\/\/www.invarena.cz\/?p=43633\" title=\"O soci\u00e1ln\u00ed p\u00e9\u010di o pacienty s hemofili\u00ed\u00a0\">[&#8230;]<\/a><\/p>\n<\/div>","protected":false},"author":1,"featured_media":17814,"comment_status":"open","ping_status":"closed","sticky":false,"template":"","format":"standard","meta":{"footnotes":""},"categories":[12],"tags":[],"class_list":["post-43633","post","type-post","status-publish","format-standard","has-post-thumbnail","hentry","category-rozhovory"],"_links":{"self":[{"href":"https:\/\/www.invarena.cz\/index.php?rest_route=\/wp\/v2\/posts\/43633","targetHints":{"allow":["GET"]}}],"collection":[{"href":"https:\/\/www.invarena.cz\/index.php?rest_route=\/wp\/v2\/posts"}],"about":[{"href":"https:\/\/www.invarena.cz\/index.php?rest_route=\/wp\/v2\/types\/post"}],"author":[{"embeddable":true,"href":"https:\/\/www.invarena.cz\/index.php?rest_route=\/wp\/v2\/users\/1"}],"replies":[{"embeddable":true,"href":"https:\/\/www.invarena.cz\/index.php?rest_route=%2Fwp%2Fv2%2Fcomments&post=43633"}],"version-history":[{"count":0,"href":"https:\/\/www.invarena.cz\/index.php?rest_route=\/wp\/v2\/posts\/43633\/revisions"}],"wp:featuredmedia":[{"embeddable":true,"href":"https:\/\/www.invarena.cz\/index.php?rest_route=\/wp\/v2\/media\/17814"}],"wp:attachment":[{"href":"https:\/\/www.invarena.cz\/index.php?rest_route=%2Fwp%2Fv2%2Fmedia&parent=43633"}],"wp:term":[{"taxonomy":"category","embeddable":true,"href":"https:\/\/www.invarena.cz\/index.php?rest_route=%2Fwp%2Fv2%2Fcategories&post=43633"},{"taxonomy":"post_tag","embeddable":true,"href":"https:\/\/www.invarena.cz\/index.php?rest_route=%2Fwp%2Fv2%2Ftags&post=43633"}],"curies":[{"name":"wp","href":"https:\/\/api.w.org\/{rel}","templated":true}]}}