{"id":43683,"date":"2023-11-15T06:34:15","date_gmt":"2023-11-15T05:34:15","guid":{"rendered":"https:\/\/www.invarena.cz\/?p=43683"},"modified":"2023-11-15T06:37:31","modified_gmt":"2023-11-15T05:37:31","slug":"t-mobile-rozdeli-1-500-000-korun-organizacimktere-bojuji-s-predsudecnym-nasilim","status":"publish","type":"post","link":"https:\/\/www.invarena.cz\/?p=43683","title":{"rendered":"T-Mobile rozd\u011bl\u00ed 1\u00a0500\u00a0000 korun organizac\u00edm,kter\u00e9 bojuj\u00ed s\u00a0p\u0159edsude\u010dn\u00fdm n\u00e1sil\u00edm"},"content":{"rendered":"\n<p><strong>Spole\u010dnost T-Mobile pokra\u010duje v&nbsp;aktivit\u00e1ch podporuj\u00edc\u00edch osoby vystaven\u00e9 nen\u00e1vistn\u00fdm projev\u016fm. Na za\u010d\u00e1tku roku otev\u0159e p\u0159ihla\u0161ov\u00e1n\u00ed do grantov\u00e9ho \u0159\u00edzen\u00ed, v n\u011bm\u017e rozd\u011bl\u00ed 1&nbsp;500&nbsp;000 korun organizac\u00edm, kter\u00e9 pom\u00e1haj\u00ed skupin\u00e1m ohro\u017een\u00fdm p\u0159edsude\u010dn\u00fdm n\u00e1sil\u00edm, \u0161\u00ed\u0159\u00ed osv\u011btu a zvy\u0161uj\u00ed motivaci ob\u011bt\u00ed trestn\u00e9 \u010diny hl\u00e1sit. Oper\u00e1tor tak\u00e9 podporuje pr\u00e1v\u011b prob\u00edhaj\u00edc\u00ed kampa\u0148 \u201eChyba v&nbsp;z\u00e1kon\u011b\u201c neziskov\u00e9 organizace In IUSTITIA, kter\u00e1 upozor\u0148uje na nedostate\u010dnou pr\u00e1vn\u00ed ochranu lid\u00ed vystaven\u00fdch p\u0159edsude\u010dn\u00e9mu n\u00e1sil\u00ed.<\/strong><\/p>\n\n\n\n<p>\u201e<em>Otev\u0159en\u00e1 grantov\u00e1 \u0159\u00edzen\u00ed maj\u00ed v&nbsp;T-Mobilu dlouhou tradici a v\u017edy se jimi sna\u017e\u00edme reflektovat aktu\u00e1ln\u00ed spole\u010densk\u00e1 t\u00e9mata. V&nbsp;minulosti jsme podporovali nap\u0159\u00edklad projekty zam\u011b\u0159en\u00e9 na medi\u00e1ln\u00ed gramotnost a boj s&nbsp;dezinformacemi nebo organizace \u0159e\u0161\u00edc\u00ed probl\u00e9m samoty a soci\u00e1ln\u00ed izolace, kter\u00fd se z\u00e1sadn\u011b zviditelnil v&nbsp;dob\u011b koronavirov\u00e9 pandemie. Nyn\u00ed jsme se rozhodli podpo\u0159it aktivity, kter\u00e9 pom\u00e1haj\u00ed ob\u011btem nen\u00e1vistn\u00fdch projev\u016f,\u201c <\/em>\u0159\u00edk\u00e1 <strong>Martin Orgon\u00edk, \u0159editel vn\u011bj\u0161\u00edch vztah\u016f a udr\u017eitelnosti T-Mobile<\/strong><em>.<\/em><\/p>\n\n\n\n<p>Grantov\u00e9 \u0159\u00edzen\u00ed se otev\u0159e na za\u010d\u00e1tku roku 2024, ale u\u017e na 14. prosince je pro z\u00e1jemce p\u0159ipraven webin\u00e1\u0159, kter\u00fd bl\u00ed\u017ee p\u0159edstav\u00ed zam\u011b\u0159en\u00ed a pr\u016fb\u011bh grantov\u00e9ho procesu. O finan\u010dn\u00ed podporu budou moci \u017e\u00e1dat nejen neziskov\u00e9 a p\u0159\u00edsp\u011bvkov\u00e9 organizace, ale i neform\u00e1ln\u00ed skupiny a vysok\u00e9 \u0161koly. Odborn\u00fdm garantem \u0159\u00edzen\u00ed je organizace In IUSTITIA a administr\u00e1torem Nadace VIA. V\u00edce informac\u00ed je k&nbsp;dispozici na <a href=\"http:\/\/www.t-mobile.cz\/udrzitelnost\">www.t-mobile.cz\/udrzitelnost<\/a>&nbsp;a soci\u00e1ln\u00edch s\u00edt\u00edch oper\u00e1tora.<\/p>\n\n\n\n<p><strong>Kl\u00e1ra Kalibov\u00e1, \u0159editelka In IUSTITIA,<\/strong> k&nbsp;pl\u00e1novan\u00e9mu \u0159\u00edzen\u00ed \u0159\u00edk\u00e1: <em>\u201eC\u00edlem je synergicky podpo\u0159it boj proti p\u0159edsude\u010dn\u00e9mu n\u00e1sil\u00ed a vyu\u017e\u00edt kompetenci lok\u00e1ln\u00edch a komunitn\u00edch organizac\u00ed. V\u011b\u0159\u00edme, \u017ee pr\u00e1v\u011b ony maj\u00ed p\u0159\u00edstup k&nbsp;lidem, kte\u0159\u00ed se s&nbsp;p\u0159edsude\u010dn\u00fdm n\u00e1sil\u00edm setk\u00e1vaj\u00ed a pot\u0159ebuj\u00ed b\u00fdt vhodn\u00fdm zp\u016fsobem informov\u00e1ni o sv\u00fdch pr\u00e1vech a mo\u017enostech ochrany. Jsme p\u0159esv\u011bd\u010deni, \u017ee se setk\u00e1me s&nbsp;kreativn\u00edmi a inovativn\u00edm p\u0159\u00edstupy k&nbsp;\u0159e\u0161en\u00ed probl\u00e9mu p\u0159edsude\u010dn\u00e9ho n\u00e1sil\u00ed. In IUSTITIA poskytne dr\u017eitel\u016fm grantu odbornou podporu v&nbsp;pr\u016fb\u011bhu realizace projekt\u016f.\u201c<\/em><\/p>\n\n\n\n<p>T-Mobile podporuje tak\u00e9 pr\u00e1v\u011b prob\u00edhaj\u00edc\u00ed osv\u011btovou kampa\u0148 \u201eChyba v&nbsp;z\u00e1kon\u011b\u201c, kter\u00e1 upozor\u0148uje na nedostate\u010dnou pr\u00e1vn\u00ed ochranu lid\u00ed ohro\u017een\u00fdch p\u0159edsude\u010dn\u00fdm n\u00e1sil\u00edm. C\u00edlem kampan\u011b organizace In IUSTITIA je pouk\u00e1zat na nerovn\u00fd p\u0159\u00edstup ke spravedlnosti, kter\u00fd za\u017e\u00edvaj\u00ed ob\u011bti p\u0159edsude\u010dn\u00e9ho n\u00e1sil\u00ed, a dos\u00e1hnout novelizace trestn\u00edho z\u00e1kon\u00edku. Oper\u00e1tor na kampa\u0148 upozor\u0148uje prost\u0159ednictv\u00edm videospot\u016f na vybran\u00fdch prodejn\u00e1ch po \u010cesk\u00e9 republice a na soci\u00e1ln\u00edch s\u00edt\u00edch. V\u00edce informac\u00ed na <a href=\"http:\/\/www.chybavzakone.cz\/\">www.chybavzakone.cz<\/a>.<\/p>\n","protected":false},"excerpt":{"rendered":"<div class=\"mh-excerpt\"><p>Spole\u010dnost T-Mobile pokra\u010duje v&nbsp;aktivit\u00e1ch podporuj\u00edc\u00edch osoby vystaven\u00e9 nen\u00e1vistn\u00fdm projev\u016fm. Na za\u010d\u00e1tku roku otev\u0159e p\u0159ihla\u0161ov\u00e1n\u00ed do grantov\u00e9ho \u0159\u00edzen\u00ed, v n\u011bm\u017e rozd\u011bl\u00ed 1&nbsp;500&nbsp;000 korun organizac\u00edm, kter\u00e9 pom\u00e1haj\u00ed <a class=\"mh-excerpt-more\" href=\"https:\/\/www.invarena.cz\/?p=43683\" title=\"T-Mobile rozd\u011bl\u00ed 1\u00a0500\u00a0000 korun organizac\u00edm,kter\u00e9 bojuj\u00ed s\u00a0p\u0159edsude\u010dn\u00fdm n\u00e1sil\u00edm\">[&#8230;]<\/a><\/p>\n<\/div>","protected":false},"author":1,"featured_media":43687,"comment_status":"open","ping_status":"closed","sticky":false,"template":"","format":"standard","meta":{"footnotes":""},"categories":[7],"tags":[],"class_list":["post-43683","post","type-post","status-publish","format-standard","has-post-thumbnail","hentry","category-spolecnost"],"_links":{"self":[{"href":"https:\/\/www.invarena.cz\/index.php?rest_route=\/wp\/v2\/posts\/43683","targetHints":{"allow":["GET"]}}],"collection":[{"href":"https:\/\/www.invarena.cz\/index.php?rest_route=\/wp\/v2\/posts"}],"about":[{"href":"https:\/\/www.invarena.cz\/index.php?rest_route=\/wp\/v2\/types\/post"}],"author":[{"embeddable":true,"href":"https:\/\/www.invarena.cz\/index.php?rest_route=\/wp\/v2\/users\/1"}],"replies":[{"embeddable":true,"href":"https:\/\/www.invarena.cz\/index.php?rest_route=%2Fwp%2Fv2%2Fcomments&post=43683"}],"version-history":[{"count":0,"href":"https:\/\/www.invarena.cz\/index.php?rest_route=\/wp\/v2\/posts\/43683\/revisions"}],"wp:featuredmedia":[{"embeddable":true,"href":"https:\/\/www.invarena.cz\/index.php?rest_route=\/wp\/v2\/media\/43687"}],"wp:attachment":[{"href":"https:\/\/www.invarena.cz\/index.php?rest_route=%2Fwp%2Fv2%2Fmedia&parent=43683"}],"wp:term":[{"taxonomy":"category","embeddable":true,"href":"https:\/\/www.invarena.cz\/index.php?rest_route=%2Fwp%2Fv2%2Fcategories&post=43683"},{"taxonomy":"post_tag","embeddable":true,"href":"https:\/\/www.invarena.cz\/index.php?rest_route=%2Fwp%2Fv2%2Ftags&post=43683"}],"curies":[{"name":"wp","href":"https:\/\/api.w.org\/{rel}","templated":true}]}}