{"id":4369,"date":"2013-05-02T09:58:10","date_gmt":"2013-05-02T07:58:10","guid":{"rendered":"http:\/\/www.invarena.cz\/?p=4369"},"modified":"2014-10-20T20:13:49","modified_gmt":"2014-10-20T18:13:49","slug":"s-holkami-chodime-nejezdime","status":"publish","type":"post","link":"https:\/\/www.invarena.cz\/?p=4369","title":{"rendered":"S holkami chod\u00edme, nejezd\u00edme"},"content":{"rendered":"<p><strong>Rozhovor MfD s Ladislavem Angelovi\u010dem (foto). N\u011bkter\u00e9 ot\u00e1zky se mo\u017en\u00e1 budou zd\u00e1t necitliv\u00e9 a n\u011bkter\u00e9 odpov\u011bdi &#8222;politicky nekorektn\u00ed&#8220;. Jen\u017ee takov\u00fd on je. Cel\u00fd \u017eivot na voz\u00edku, s drobnou vadou \u0159e\u010di, ale vesel\u00fd a upov\u00eddan\u00fd. P\u0159esn\u011b tak i moderuje koncerty kapely hendikepovan\u00fdch student\u016f The Tap Tap.<\/strong><br \/>\n<!--more--><br \/>\n<strong>&#8211; Vypr\u00e1v\u00edte si s kamar\u00e1dy vtipy o handicapovan\u00fdch?<\/strong><\/p>\n<p>Ob\u010das. V\u00edte, kdo je trup\u00edk?<\/p>\n<p><strong>&#8211; Nem\u00e1m tu\u0161en\u00ed.<\/strong><\/p>\n<p>\u010clov\u011bk, kter\u00fd m\u00e1 jen hlavu a trup. Tak tedy trup\u00edk je na plaveck\u00fdch z\u00e1vodech, jede, jede, plave, \u0161\u00edlen\u00e9 tempo, ale v p\u016flce baz\u00e9nu jde najednou ke dnu. Sko\u010d\u00ed pro n\u011bj, vylov\u00ed ho a tren\u00e9r mu nad\u00e1v\u00e1: &#8222;Co jsi d\u011blal, v\u017edy\u0165 jsi byl prvn\u00ed!&#8220; A on na to: &#8222;Tren\u00e9re, u\u017e jste n\u011bkdy dostal k\u0159e\u010d do u\u0161\u00ed?&#8220;<\/p>\n<p><strong>&#8211; M\u016f\u017eu se tomu v\u016fbec zasm\u00e1t?<\/strong><\/p>\n<p>Pro\u010d by ne. Tohle jsou vlastn\u011b takov\u00e9 profesn\u00ed vtipy, vy taky ur\u010dit\u011b zn\u00e1te n\u011bjak\u00e9 o novin\u00e1\u0159\u00edch. N\u00e1s to neur\u00e1\u017e\u00ed.<\/p>\n<p><strong>&#8211; Kdy\u017e jsem vysv\u011btloval fotografovi, v kolik hodin se s v\u00e1mi m\u00e1me setkat, \u0159ekl jsem mu, \u017ee p\u0159ijdete v \u0161est. A pak jsem se zarazil, jestli to nen\u00ed netaktn\u00ed.<\/strong><\/p>\n<p>Nen\u00ed. Kdy\u017e je n\u011bkdo nevidom\u00fd, taky mu \u0159eknu &#8222;no tak vid\u00ed\u0161&#8220;. Proto\u017ee na\u0161e kultura je ovlivn\u011bna \u0159eckou a ta byla koukac\u00ed. My norm\u00e1ln\u011b chod\u00edme. P\u0159ece nebudu \u0159\u00edkat &#8222;j\u00e1 tam pojedu&#8220;. To bych nev\u011bd\u011bl, jestli n\u00e1hodou nejedeme na v\u00fdlet do Krkono\u0161.<\/p>\n<p><strong>&#8211; A jsou v\u011bci, kter\u00e9 se v\u00e1s p\u0159ece jen dotknou?<\/strong><\/p>\n<p>Jedna v\u011bc mi p\u0159ijde hloup\u00e1 &#8211; fotbalov\u00fd pok\u0159ik Kdo nesk\u00e1\u010de, nen\u00ed \u010cech. Ten je vylo\u017een\u011b diskrimina\u010dn\u00ed. J\u00e1 jsem \u010cech a sk\u00e1kat nem\u016f\u017eu. Proto v kapele m\u00e1me sv\u016fj vlastn\u00ed pok\u0159ik, kter\u00fd chceme nab\u00eddnout i \u010desk\u00e9 reprezentaci. Hrrrr na n\u011b!<\/p>\n<p><strong>&#8211; Je\u0161t\u011b n\u011bco?<\/strong><\/p>\n<p>Na\u0161t\u011bst\u00ed nejsme v Rusku, kde handicapovan\u00e9ho vyk\u00e1zali z restaurace, aby ostatn\u00edm nekazil chu\u0165 k j\u00eddlu. Mn\u011b se zat\u00edm nestalo, \u017ee by m\u011b takhle n\u011bkdo osolil. Mo\u017en\u00e1 mali\u010dkosti &#8211; \u017ee m\u011b nepust\u00ed do v\u00fdtahu. Ale to si aspo\u0148 \u010dlov\u011bk uv\u011bdom\u00ed, \u017ee nen\u00ed pupek sv\u011bta.<\/p>\n<p><strong>&#8211; Na to byste n\u011bkdy mohl h\u0159e\u0161it, ne?<\/strong><\/p>\n<p>Jasn\u011b. P\u0159ijdete pozd\u011b a nep\u0159izn\u00e1te, \u017ee jste spal o patn\u00e1ct minut v\u00edc. Nikdo ne\u010dek\u00e1, \u017ee byste byl tak podl\u00fd. V\u0161ichni v\u00e1s omluv\u00ed, proto\u017ee si mysl\u00ed, \u017ee jste m\u011bl komplikace s dopravou.<\/p>\n<p><strong>&#8211; Tak\u017ee kdy\u017e v\u00e1s n\u011bkdo slovn\u011b nebo gestem usad\u00ed na zem&#8230;<\/strong><\/p>\n<p>&#8230; tak je to ta nejlep\u0161\u00ed terapie. Ned\u00e1vno se mi stalo, \u017ee se mi rozbil elektrick\u00fd voz\u00edk. Stra\u0161n\u011b moc jsem cht\u011bl do \u0161koly, proto\u017ee jsem m\u011bl refer\u00e1t. Vzal jsem si mechanick\u00fd, objednal taxi a n\u011bco m\u011b to samoz\u0159ejm\u011b st\u00e1lo. Cht\u011bl jsem ten refer\u00e1t za\u010d\u00edt slovy, \u017ee nejv\u011bt\u0161\u00ed \u00fasp\u011bch referuj\u00edc\u00edho je, \u017ee v\u016fbec dorazil. Jen\u017ee jsem p\u0159ijel do \u0161koly a zjistil jsem, \u017ee to v\u016fbec nikoho nezaj\u00edm\u00e1. \u017de si nikdo ani nev\u0161iml, \u017ee m\u00e1m jin\u00fd voz\u00edk. Mezi voz\u00ed\u010dk\u00e1\u0159i si toho ka\u017ed\u00fd v\u0161imne hned.<\/p>\n<p><strong>&#8211; V jak\u00fdch situac\u00edch si je\u0161t\u011b z toho, co se v\u00e1m stalo, um\u00edte ud\u011blat legraci?<\/strong><\/p>\n<p>Lidi ve front\u00e1ch bol\u00ed nohy, m\u011b ne. A mysl\u00edm i do budoucna. Kdy\u017e mi budou slou\u017eit ruce i hlava, budu stejn\u011b rychl\u00fd jako ve t\u0159iceti. Ale je tady jeden rozd\u00edl. Mn\u011b se nic nestalo.<\/p>\n<p><strong>&#8211; Vy jste se tak narodil, s d\u011btskou mozkovou obrnou.<\/strong><\/p>\n<p>Teoreticky jsem tedy p\u0159i\u0161el o mo\u017enost hr\u00e1t hokej, co\u017e bych moc cht\u011bl, ale prakticky vlastn\u011b ne. Jist\u011b\u017ee nejsem hloup\u00fd a v\u0161imnu si, \u017ee lidi kolem m\u011b se t\u0159eba rychleji oble\u010dou. Ale j\u00e1 to neza\u017eil, tak\u017ee jsem nic neztratil. Mezi mnou a t\u011bmi, kter\u00fdm se stal \u00faraz, je obrovsk\u00fd rozd\u00edl. A nen\u00ed jim co z\u00e1vid\u011bt. Oni si dob\u0159e pamatuj\u00ed, co v\u0161echno d\u0159\u00edv mohli.<\/p>\n<p><strong>&#8211; Tak\u017ee nem\u00e1te ani ty my\u0161lenky co by kdyby&#8230;?<\/strong><\/p>\n<p>M\u00e1lo. Kdy\u017e u\u017e, tak v konkr\u00e9tn\u00edch situac\u00edch. T\u0159eba si \u0159eknu: &#8222;Zdravej \u010dlov\u011bk by ten autobus dob\u011bhl.&#8220; Nebo kdy\u017e stoj\u00edm pod schody. Ale to jsou takov\u00e9 b\u011b\u017en\u00e9 provozn\u00ed z\u00e1le\u017eitosti.<\/p>\n<p><strong>&#8211; Kdybyste si m\u011bl zanad\u00e1vat na jednu jedinou v\u011bc, co by to bylo?<\/strong><\/p>\n<p>Doprava. Stoj\u00edm na zast\u00e1vce&#8230; Vid\u00edte, ne\u0159eknu, \u017ee sed\u00edm. Tak\u017ee stoj\u00edm na zast\u00e1vce a \u010dek\u00e1m na autobus, na ten sv\u016fj n\u00edzkopodla\u017en\u00ed. Mezit\u00edm projedou dv\u011b star\u00e9 karosy, do kter\u00fdch bych b\u00fdval nastoupil, kdybych mohl.<\/p>\n<p><strong>&#8211; Co\u017e je asi je\u0161t\u011b hor\u0161\u00ed v zim\u011b.<\/strong><\/p>\n<p>Mnohem hor\u0161\u00ed. P\u0159ed dv\u011bma lety hodn\u011b nasn\u011b\u017eilo a j\u00e1 se nemohl dostat z domu. Tady, jestli m\u016f\u017eu, bych m\u011bl p\u0159ece jen jednu v\u00fdtku k v\u011bt\u0161inov\u00e9 spole\u010dnosti.<\/p>\n<p><strong>&#8211; Jen do n\u00e1s.<\/strong><\/p>\n<p>Je to ta p\u0159edstava, \u017ee voz\u00ed\u010dk\u00e1\u0159, kdy\u017e nem\u016f\u017ee, z\u016fstane doma. Kam by chodil? Do pr\u00e1ce nemus\u00ed, nic nepot\u0159ebuje. Ale v kapele ani ve \u0161kole nem\u016f\u017eu \u0159\u00edct: &#8222;Oni neodhrabali sn\u00edh, pardon, t\u00fdden nem\u016f\u017eu na zkou\u0161ku.&#8220;<\/p>\n<p><strong>&#8211; Jak\u00e9 jste m\u011bl d\u011btstv\u00ed?<\/strong><\/p>\n<p>Pro\u017eil jsem ho \u010d\u00e1ste\u010dn\u011b v Litv\u00ednov\u011b, \u010d\u00e1ste\u010dn\u011b v Mezibo\u0159\u00ed, co\u017e je mal\u00e9 m\u011bsto u Litv\u00ednova. P\u0159es t\u00fdden u babi\u010dky, proto\u017ee m\u00e1ma musela chodit do pr\u00e1ce a k tomu se starala o t\u0159i bratry. O v\u00edkendu jsem byl doma a taky \u010dasto po l\u00e1zn\u00edch a po nemocnic\u00edch. Ty nemocnice si na\u0161t\u011bst\u00ed moc nepamatuju.<\/p>\n<p><strong>&#8211; Kdy jste si poprv\u00e9 uv\u011bdomil, \u017ee nejste \u00fapln\u011b jako d\u011bti kolem?<\/strong><\/p>\n<p>A\u017e v pubert\u011b jsem byl trochu l\u00edtostiv\u00fd. Jsem fanda do sportu, tak\u017ee bych zkou\u0161el ten hokej, kdy\u017e jsem z Litv\u00ednova. Mo\u017en\u00e1 ne\u00fasp\u011b\u0161n\u011b, ale aspo\u0148 bych to zkusil.<\/p>\n<p><strong>&#8211; M\u011bl jste n\u011bkdy vy nebo i maminka v\u00fd\u010ditky z toho, \u017ee se o v\u00e1s nestar\u00e1 v\u00edc a \u017ee \u017eivot tr\u00e1v\u00edte v \u00fastavech?<\/strong><\/p>\n<p>N\u011bkdo by mohl m\u00edt dojem, \u017ee jsem t\u00edm trp\u011bl. Jestli jo, tak o tom nev\u00edm. M\u00e1m\u011b nic nevy\u010d\u00edt\u00e1m, proto\u017ee nen\u00ed co. D\u011blala, co mohla. M\u00e1m t\u0159i bratry, chodila do pr\u00e1ce. M\u011b to naopak nau\u010dilo b\u00fdt samostatn\u00fd. A v \u00fastavech&#8230; To zn\u00ed dost depresivn\u011b. Nejd\u0159\u00edv jsem byl v l\u00e1zn\u00edch, kde byla i \u0161kola. Od p\u00e1t\u00e9 t\u0159\u00eddy m\u00e1ma usoudila, \u017ee by to cht\u011blo n\u011bco lep\u0161\u00edho, tak jsem \u0161el do Liberce. A pak na obchodn\u00ed \u0161kolu do Prahy, do Jedli\u010dkova \u00fastavu.<\/p>\n<p><strong>&#8211; A pak na filozofickou fakultu.<\/strong><\/p>\n<p>Prob\u00edh\u00e1 t\u0159et\u00ed pokus, dvakr\u00e1t u\u017e m\u011b vyhodili.<\/p>\n<p><strong>&#8211; Co\u017e sv\u011bd\u010d\u00ed o tom, \u017ee jste c\u00edlev\u011bdom\u00fd?<\/strong><\/p>\n<p>Sp\u00ed\u0161 \u017ee jsem l\u00edn\u00fd.<\/p>\n<p>&#8211; Kdy\u017e jste m\u011bl tu v\u00fdtku k v\u011bt\u0161inov\u00e9 populaci, pochv\u00e1lil byste n\u00e1s aspo\u0148 za n\u011bco?<\/p>\n<p>Vztah k posti\u017een\u00fdm se lep\u0161\u00ed. Ale je\u0161t\u011b na jednu v\u011bc by si lidi mohli d\u00e1t pozor. Kdy\u017e potkaj\u00ed dvojici, z n\u00ed\u017e jeden je na voz\u00edku a druh\u00fd zdrav\u00fd, maj\u00ed tendenci se bavit jen s t\u00edm stoj\u00edc\u00edm. To je trochu ur\u00e1\u017eej\u00edc\u00ed.<\/p>\n<p><strong>&#8211; I podm\u00ednky se lep\u0161\u00ed?<\/strong><\/p>\n<p>Praha je p\u0159es v\u0161echny vady celkem dobr\u00e1. Ale moc velk\u00e1. Kdy\u017e v\u00e1m na mal\u00e9m m\u011bst\u011b n\u011bco ujede, je to sice opruz, ale dojdete to. J\u00e1 \u0161el tady dvakr\u00e1t z Vyso\u010dan na \u010cern\u00fd most a u\u017e nikdy nechci.<\/p>\n<p><strong>&#8211; Ale zase jste rychlej\u0161\u00ed ne\u017e chodec.<\/strong><\/p>\n<p>Rozhodn\u011b jsem rychlej\u0161\u00ed, voz\u00edk jede a\u017e deset kilometr\u016f v hodin\u011b. Jsem takov\u00fd nespole\u010densk\u00fd a rad\u0161i chod\u00edm s\u00e1m ne\u017e s lidmi. M\u00e1m tendenci uj\u00ed\u017ed\u011bt.<\/p>\n<p><strong>&#8211; Star\u00e1te se o voz\u00edk?<\/strong><\/p>\n<p>Moc ne, nejsem \u00fapln\u011b vzorn\u00fd u\u017eivatel.<\/p>\n<p><strong>&#8211; Pravda, \u010dist\u00fd zrovna nen\u00ed.<\/strong><\/p>\n<p>Nen\u00ed. Nav\u00edc zodpov\u011bdn\u00fd \u010dlov\u011bk, kdy\u017e se mu na voz\u00edku n\u011bco nezd\u00e1, jde do servisu. J\u00e1 tam jdu, a\u017e kdy\u017e u\u017e to nejede.<\/p>\n<p><strong>&#8211; Jako \u017ee n\u011bkde uv\u00e1znete?<\/strong><\/p>\n<p>To se mi stalo n\u011bkolikr\u00e1t a hlavn\u011b v zim\u011b to nen\u00ed p\u0159\u00edjemn\u00e9. M\u016f\u017ee se porouchat motor nebo elektronika. Taky se m\u016f\u017eu vybourat, t\u0159eba kdy\u017e kv\u016fli n\u00e1led\u00ed sjedu z chodn\u00edku. Proto je n\u011bkdy lep\u0161\u00ed jezdit po silnic\u00edch. Jsou prota\u017een\u011bj\u0161\u00ed.<\/p>\n<p><strong>&#8211; Tady kouk\u00e1m, \u017ee m\u00e1te na voz\u00edku ozdobu. Florbalov\u00fd m\u00ed\u010dek.<\/strong><\/p>\n<p>Dva roky jsem hr\u00e1l, ale sportovn\u00ed ambice m\u011b p\u0159e\u0161ly. Uk\u00e1\u017eu v\u00e1m jinou funkci, koukejte.<\/p>\n<p><strong>&#8211; Nic nevid\u00edm.<\/strong><\/p>\n<p>V\u017edy\u0165 se nakl\u00e1p\u00edm! \u010clov\u011bk s voz\u00edkem by si toho v\u0161iml hned. Je to dobr\u00e9, kdy\u017e jedete z kopce nebo do kopce.<\/p>\n<p><strong>&#8211; Aha. Jakou nej\u0161\u00edlen\u011bj\u0161\u00ed v\u011bc jste kdy na voz\u00edku ud\u011blal?<\/strong><\/p>\n<p>Kdy\u017e v\u00e1m to \u0159eknu, p\u00e1nov\u00e9 z Dopravn\u00edho podniku nebudou m\u00edt radost. Ale dvakr\u00e1t jsem jel na elektrick\u00e9m voz\u00edku po eskal\u00e1torech do metra. Samoz\u0159ejm\u011b n\u011bkdo st\u00e1l za mnou, ale i tak je to nebezpe\u010dn\u00e9 a u\u017e bych to neud\u011blal. Te\u010f se chystaj\u00ed velk\u00e9 oslavy sta let Jedli\u010dkova \u00fastavu a n\u011bkte\u0159\u00ed z n\u00e1s budou sla\u0148ovat Kongresov\u00e9 centrum v Praze.<\/p>\n<p><strong>&#8211; Na voz\u00edku?<\/strong><\/p>\n<p>No trochu adrenalin&#8230; Ale je to naprosto bezpe\u010dn\u00e1 z\u00e1le\u017eitost. Urvat se lano m\u016f\u017ee se zdrav\u00fdm \u010dlov\u011bkem stejn\u011b jako s voz\u00ed\u010dk\u00e1\u0159em.<\/p>\n<p><strong>&#8211; Na t\u011bch oslav\u00e1ch vystoup\u00ed i kapela, v n\u00ed\u017e hrajete a jej\u00ed\u017e koncerty moderujete. The Tap Tap. Co ten n\u00e1zev znamen\u00e1?<\/strong><\/p>\n<p>Vznikli jsme v roce 1998 jako krou\u017eek u domova ml\u00e1de\u017ee TAP &#8211; Technicko administrativn\u00ed pr\u00e1ce. Na\u0161emu \u0161\u00e9fovi to p\u0159i\u0161lo rytmick\u00e9: The Tap Tap.<\/p>\n<p><strong>&#8211; Na ten anglick\u00fd ur\u010dit\u00fd \u010dlen THE jste docela h\u00e1kliv\u00ed, \u017ee?<\/strong><\/p>\n<p>Velmi. N\u011bkdy se \u017eensk\u00e9 poslucha\u010dky na koncertech rozn\u011b\u017en\u00ed a \u0159\u00edkaj\u00ed \u0164ap \u0165ap. I Honza Kraus, se kter\u00fdm jsem moderoval, je co se n\u00e1zvu kapely t\u00fd\u010de dost kreativn\u00ed. Ten se to nikdy nenau\u010d\u00ed.<\/p>\n<p><strong>&#8211; M\u016f\u017ee u v\u00e1s hr\u00e1t n\u011bkdo, kdo nem\u00e1 hudebn\u00ed sluch?<\/strong><\/p>\n<p>J\u00e1 jsem toho p\u0159\u00edkladem, nem\u00e1m ho ani trochu. Mn\u011b by mohli d\u00e1vat c\u00e9\u010dko cel\u00fd den a nic se nestane. Jsme p\u0159ev\u00e1\u017en\u011b rytmick\u00e1 kapela, j\u00e1 hraju na elektronick\u00e9ho buben\u00edka, kter\u00fd funguje podobn\u011b jako elektrick\u00e9 kl\u00e1vesy. Celkem n\u00e1s je asi dvacet, v\u011bt\u0161inou studenti nebo absolventi z Jedli\u010dkova \u00fastavu.<\/p>\n<p><strong>&#8211; Kdy\u017e koncertujete v cizin\u011b, berou v\u00e1s tam lidi jinak?<\/strong><\/p>\n<p>Byli jsme v Moskv\u011b, v Lond\u00fdn\u011b, v Madridu, pracuje se na Americe, kam bych se cht\u011bl pod\u00edvat ur\u010dit\u011b. Ned\u00e1vno tam byl kamar\u00e1d voz\u00ed\u010dk\u00e1\u0159, vr\u00e1til se a \u0159\u00edkal, \u017ee je to neuv\u011b\u0159iteln\u00e9. Nic tam nen\u00ed pro posti\u017een\u00e9 probl\u00e9m, co nejde, to se za\u0159\u00edd\u00ed. Div\u00e1ci koncert\u016f jsou v z\u00e1sad\u011b v\u0161ude stejn\u00ed. Je to fr\u00e1ze, nev\u00edm, jak to \u0159\u00edct jinak, ale v\u0161ude n\u00e1m \u0159\u00edkaj\u00ed, \u017ee jim p\u0159ed\u00e1v\u00e1me pozitivn\u00ed energii. A ta je mezin\u00e1rodn\u00ed.<\/p>\n<p><strong>&#8211; Tohle bude taky fr\u00e1ze, ale pro m\u011b byl v\u00e1\u0161 koncert prvn\u00ed v \u017eivot\u011b, na n\u011bm\u017e jsem se od za\u010d\u00e1tku do konce usm\u00edval.<\/strong><\/p>\n<p>Jak \u0159\u00edk\u00e1 n\u00e1\u0161 kapeln\u00edk: Firma v\u00e1m d\u011bkuje.<\/p>\n<p><strong>&#8211; Vy krom\u011b hran\u00ed ty koncerty i moderujete. Byl jste ukecan\u00fd v\u017edy?<\/strong><\/p>\n<p>Co m\u00e1 pam\u011b\u0165 sah\u00e1. Asi i proto, \u017ee jsem kus \u017eivota tr\u00e1vil s babi\u010dkou a ne s vrstevn\u00edky. Byl jsem takov\u00e9 to p\u0159echytral\u00e9 d\u00edt\u011b, kter\u00e9 by ud\u011blalo l\u00edp, kdyby ob\u010das ml\u010delo.<\/p>\n<p><strong>&#8211; Chcete se t\u00edm n\u011bkdy \u017eivit?<\/strong><\/p>\n<p>Co j\u00e1 v\u00edm, co bude. V\u017edy\u0165 m\u011b by nikdy nenapadlo, \u017ee budu hr\u00e1t v kapele. Bav\u00ed m\u011b to, ale o budoucnosti m\u00e1m jinou p\u0159edstavu. Cht\u011bl bych na st\u0159edn\u00ed \u0161kole u\u010dit ob\u010danskou nauku.<\/p>\n<p><strong>&#8211; Zdrav\u00e9 d\u011bti?<\/strong><\/p>\n<p>Jestli m\u016f\u017eu dal\u0161\u00ed fr\u00e1zi, byla by to v\u00fdzva. P\u0159ece jen m\u00e1m i drobnou vadu \u0159e\u010di. Ale jak \u0159\u00edk\u00e1 m\u016fj bratr: &#8222;Kdy\u017e ti nen\u00ed ide\u00e1ln\u011b rozum\u011bt, o to v\u00edc t\u011b lidi mus\u00ed poslouchat.&#8220;<\/p>\n<p><strong>&#8211; Byl jste n\u011bkdy zamilovan\u00fd?<\/strong><\/p>\n<p>Je\u017ei\u0161marja, co mysl\u00edte?<\/p>\n<p><strong>&#8211; \u017de ano.<\/strong><\/p>\n<p>Tak vid\u00edte.<\/p>\n<p><strong>&#8211; Je snaz\u0161\u00ed naj\u00edt si partnerku mezi posti\u017een\u00fdmi, nebo je to jedno?<\/strong><\/p>\n<p>Rozhodn\u011b je jednodu\u0161\u0161\u00ed sezn\u00e1mit se s d\u00edvkou, kter\u00e1 m\u00e1 taky handicap. Spoustu v\u011bc\u00ed jsem nemusel sv\u00e9 p\u0159\u00edtelkyni vysv\u011btlovat. V\u017edycky s \u00fasm\u011bvem \u0159\u00edkala: N\u011bjak\u00fd d\u00e9em\u00f3\u010dka &#8211; co\u017e je na\u0161e ozna\u010den\u00ed pro d\u011btskou mozkovou obrnu &#8211; nevydejch\u00e1v\u00e1m. Te\u010f je to takov\u00e9 citliv\u00e9 t\u00e9ma. Ned\u00e1vno zem\u0159ela.<\/p>\n<p><strong>&#8211; To je mi l\u00edto. Byli jste spolu dlouho?<\/strong><\/p>\n<p>Dva roky jsme spolu chodili, mimochodem hr\u00e1la jednu z hlavn\u00edch rol\u00ed v na\u0161em posledn\u00edm klipu Konec sv\u011bta &#8211; zru\u0161eno. Cht\u011bli jsme se sest\u011bhovat&#8230;<\/p>\n<p><strong>&#8211; Zase jsme u toho: chodili.<\/strong><\/p>\n<p>Na tom se to nejl\u00edp ukazuje. Tak si to zkuste \u0159\u00edct: Dva roky jsme spolu jezdili.<\/p>\n<p><strong>&#8211; Na\u0161lo by se v Jedli\u010dkov\u011b \u00fastavu v\u00edc zamilovan\u00fdch p\u00e1r\u016f?<\/strong><\/p>\n<p>Mysl\u00edm, \u017ee ano, ale nerad o tom mluv\u00edm, proto\u017ee nechci uv\u00e1d\u011bt lidi do stereotyp\u016f. Nejlep\u0161\u00ed p\u0159\u00edklad integrace je handicapovan\u00fd kluk, kter\u00fd si najde zdravou holku. A pak ji za\u010dne podv\u00e1d\u011bt!<\/p>\n<p><strong>&#8211; Na podv\u00e1d\u011bn\u00ed nen\u00ed nic hezk\u00e9ho, ale skoro se mi chce \u0159\u00edct: To je machr!<\/strong><\/p>\n<p>Zn\u00e1m takov\u00fd p\u0159\u00edklad. Vzhledem k t\u00e9 sle\u010dn\u011b to nen\u00ed nic hezk\u00e9ho, toho kluka bych nepochv\u00e1lil, ale na rozbit\u00ed stereotypu je to p\u0159ece hezk\u00e9, ne? Kdy\u017e u\u017e si handicapovan\u00fd najde holku, mus\u00ed b\u00fdt taky handicapovan\u00e1. A kdy\u017e n\u00e1hodou nen\u00ed handicapovan\u00e1, mus\u00ed cel\u00fd \u017eivot trnout, kdy ho opust\u00ed.<\/p>\n<p><strong>&#8211; Kdo m\u00e1 to seznamov\u00e1n\u00ed t\u011b\u017e\u0161\u00ed?<\/strong><\/p>\n<p>Mysl\u00edm, \u017ee handicapovan\u00e9 holky jsou na tom h\u016f\u0159. P\u0159ece jen kluci daj\u00ed na vzhled v\u00edc.<\/p>\n<p><strong>&#8211; Cht\u011bl byste m\u00edt d\u011bti?<\/strong><\/p>\n<p>Zdravotn\u011b mi v tom nic nebr\u00e1n\u00ed. V\u017edycky p\u0159i sv\u00e9 diagn\u00f3ze \u0159\u00edk\u00e1m: &#8222;I kdy\u017e nekoordinovan\u011b, funguje mi v\u0161echno.&#8220; M\u016fj handicap nen\u00ed d\u011bdi\u010dn\u00fd, tak\u017ee uvid\u00edme. Ale nemysl\u00edm si, \u017ee by se ka\u017ed\u00fd musel nutn\u011b rozmno\u017eovat.<\/p>\n<p><strong>&#8211; M\u00e1te n\u011bjak\u00fd sen?<\/strong><\/p>\n<p>Ani ne. Jsem spokojenej. Ka\u017edej nem\u016f\u017ee studovat vysokou \u0161kolu, ka\u017edej nehraje v kapele, ka\u017edej se s n\u00ed nedostane do sv\u011bta, ka\u017ed\u00fdmu se nepovede moderovat s Krausem. Mn\u011b se m\u016fj \u017eivot l\u00edb\u00ed.<\/p>\n<p>Mlad\u00e1 fronta DNES<\/p>\n","protected":false},"excerpt":{"rendered":"<div class=\"mh-excerpt\"><p>Rozhovor MfD s Ladislavem Angelovi\u010dem (foto). N\u011bkter\u00e9 ot\u00e1zky se mo\u017en\u00e1 budou zd\u00e1t necitliv\u00e9 a n\u011bkter\u00e9 odpov\u011bdi &#8222;politicky nekorektn\u00ed&#8220;. Jen\u017ee takov\u00fd on je. Cel\u00fd \u017eivot na <a class=\"mh-excerpt-more\" href=\"https:\/\/www.invarena.cz\/?p=4369\" title=\"S holkami chod\u00edme, nejezd\u00edme\">[&#8230;]<\/a><\/p>\n<\/div>","protected":false},"author":1,"featured_media":4380,"comment_status":"open","ping_status":"open","sticky":false,"template":"","format":"standard","meta":{"footnotes":""},"categories":[12],"tags":[],"class_list":["post-4369","post","type-post","status-publish","format-standard","has-post-thumbnail","hentry","category-rozhovory"],"_links":{"self":[{"href":"https:\/\/www.invarena.cz\/index.php?rest_route=\/wp\/v2\/posts\/4369","targetHints":{"allow":["GET"]}}],"collection":[{"href":"https:\/\/www.invarena.cz\/index.php?rest_route=\/wp\/v2\/posts"}],"about":[{"href":"https:\/\/www.invarena.cz\/index.php?rest_route=\/wp\/v2\/types\/post"}],"author":[{"embeddable":true,"href":"https:\/\/www.invarena.cz\/index.php?rest_route=\/wp\/v2\/users\/1"}],"replies":[{"embeddable":true,"href":"https:\/\/www.invarena.cz\/index.php?rest_route=%2Fwp%2Fv2%2Fcomments&post=4369"}],"version-history":[{"count":0,"href":"https:\/\/www.invarena.cz\/index.php?rest_route=\/wp\/v2\/posts\/4369\/revisions"}],"wp:featuredmedia":[{"embeddable":true,"href":"https:\/\/www.invarena.cz\/index.php?rest_route=\/wp\/v2\/media\/4380"}],"wp:attachment":[{"href":"https:\/\/www.invarena.cz\/index.php?rest_route=%2Fwp%2Fv2%2Fmedia&parent=4369"}],"wp:term":[{"taxonomy":"category","embeddable":true,"href":"https:\/\/www.invarena.cz\/index.php?rest_route=%2Fwp%2Fv2%2Fcategories&post=4369"},{"taxonomy":"post_tag","embeddable":true,"href":"https:\/\/www.invarena.cz\/index.php?rest_route=%2Fwp%2Fv2%2Ftags&post=4369"}],"curies":[{"name":"wp","href":"https:\/\/api.w.org\/{rel}","templated":true}]}}