{"id":4385,"date":"2013-05-02T13:05:43","date_gmt":"2013-05-02T11:05:43","guid":{"rendered":"http:\/\/www.invarena.cz\/?p=4385"},"modified":"2013-05-02T20:07:01","modified_gmt":"2013-05-02T18:07:01","slug":"hodina-naproste-tmy-pro-nekoho-horor-pro-nekoho-zabava","status":"publish","type":"post","link":"https:\/\/www.invarena.cz\/?p=4385","title":{"rendered":"Hodina tmy. Pro n\u011bkoho horor, pro jin\u00e9ho z\u00e1bava"},"content":{"rendered":"<p><strong>U\u017e se v\u00e1m n\u011bkdy stalo, \u017ee jste se museli pohybovat v naprost\u00e9 tm\u011b. Tm\u011b, kter\u00e9 se vyrovn\u00e1 snad jen ten nejtemn\u011bj\u0161\u00ed sklep nebo jin\u00e9 podzem\u00ed? M\u011bli jste strach? Pokud chcete za\u017e\u00edt, jak\u00e9 to je v temnot\u011b str\u00e1vit celou hodinu a je\u0161t\u011b se tam pohybovat, tak nav\u0161tivte Neviditelnou v\u00fdstavu.<\/strong><br \/>\n<!--more--><br \/>\nNeviditeln\u00e1 v\u00fdstava m\u00e1 lidem p\u0159ibl\u00ed\u017eit \u017eivot nevidom\u00fdch. Uk\u00e1zat jim, jak\u00e9 to je, kdy\u017e se \u010dlov\u011bk mus\u00ed cel\u00fd \u017eivot obej\u00edt bez toho, aby na v\u0161e vid\u011bl. Jak\u00fdmi zp\u016fsoby m\u016f\u017ee zrakov\u011b posti\u017een\u00fd zvl\u00e1dat v\u011bt\u0161inu situac\u00ed jako zdrav\u00fd \u010dlov\u011bk.<\/p>\n<p>Krom\u011b spousty informac\u00ed o zrakov\u011b posti\u017een\u00fdch lidech si ale odnesete i ten pocit, kdy se m\u00e1te celou hodinu pohybovat ve tm\u011b, v prost\u0159ed\u00ed, kter\u00e9 nezn\u00e1te a kdy se mus\u00edte spolehnout jen na pomoc pr\u016fvodce. Proto\u017ee i samotn\u00fd nevidom\u00fd se v nezn\u00e1m\u00e9m prost\u0159ed\u00ed mus\u00ed spolehnout t\u0159eba jen na ciz\u00edho \u010dlov\u011bka, mnohdy je t\u011b\u017ek\u00e9 m\u00edt k n\u011bkomu d\u016fv\u011bru.<\/p>\n<p><strong>Trocha historie<\/strong><\/p>\n<p>Mo\u017en\u00e1, \u017ee V\u00e1s napadne, jak v\u016fbec vznikla my\u0161lenka Neviditeln\u00e9 v\u00fdstavy.<\/p>\n<p>Stoj\u00ed za n\u00ed velmi ob\u011btav\u00e1 n\u011bmeck\u00e1 \u017eena. Jej\u00ed man\u017eel oslepl p\u0159i autonehod\u011b. Jejich man\u017eelsk\u00e9 pouto bylo natolik siln\u00e9, \u017ee \u017eena nechala zatemnit cel\u00fd byt, ve kter\u00e9m bydleli, Aby mohla l\u00e9pe ch\u00e1pat pocity sv\u00e9ho man\u017eela a aby alespo\u0148 doma spolu byli na t\u00e9 pomysln\u00e9 jedn\u00e9 lodi.<\/p>\n<p>Prvn\u00ed Neviditeln\u00e1 v\u00fdstava ale nevznikla v N\u011bmecku, n\u00fdbr\u017e v Budape\u0161ti. Cel\u00fd projekt k n\u00e1m tedy p\u0159i\u0161el z Ma\u010farska. K otev\u0159en\u00ed pra\u017esk\u00e9 Neviditeln\u00e9 v\u00fdstavy do\u0161lo v dubnu 2011 a za dva roky u\u017e branou do temnoty pro\u0161ly tis\u00edce lid\u00ed.<\/p>\n<p>Mo\u017en\u00e1 o\u010dek\u00e1v\u00e1te, \u017ee zde pop\u00ed\u0161i cel\u00fd pr\u016fb\u011bh v\u00fdstavy. Co v\u0161e tam m\u016f\u017eete vid\u011bt, nebo sp\u00ed\u0161e nevid\u011bt? J\u00e1 v\u0161ak \u017e\u00e1dn\u00e9 podrobnosti popisovat nebudu, p\u0159i\u0161li byste o p\u0159ekvapen\u00ed a trochu toho nap\u011bt\u00ed. V \u017e\u00e1dn\u00e9m p\u0159\u00edpad\u011b ale nemus\u00edte m\u00edt strach.<\/p>\n<p>Nep\u016fjdete ale do toho temn\u00e9ho sklepa, kde by V\u00e1s mohly p\u0159ekvapit n\u011bjak\u00e9 krkolomn\u00e9 schody. D\u016fv\u011b\u0159ujte sv\u00e9mu pr\u016fvodci a po hodin\u011b se dostanete zase ven. Tedy pokud V\u00e1s pr\u016fvodce n\u011bkde nezapomene :-)<\/p>\n<p>Abych zv\u00fd\u0161il Va\u0161i d\u016fv\u011bru k pr\u016fvodc\u016fm, tak V\u00e1m sd\u011bl\u00edm, \u017ee n\u011bkte\u0159\u00ed z nich jsou zcela nevidom\u00ed a ti zbyl\u00ed maj\u00ed alespo\u0148 n\u011bjakou zrakovou vadu. Pro n\u011b nen\u00ed \u017e\u00e1dn\u00fd probl\u00e9m se ve tm\u011b pohybovat. Zat\u00edmco vy, kte\u0159\u00ed vid\u00edte, kdy\u017e zajdete za dve\u0159e do tmy, tak jste najednou naprosto ztracen\u00ed a jste r\u00e1di, kdy\u017e jste u zdi, proto\u017ee u n\u00ed m\u00e1te alespo\u0148 n\u011bjak\u00fd p\u0159ehled o prostoru.<\/p>\n<p>Cel\u00e1 v\u00fdstava se skl\u00e1d\u00e1 ze dvou \u010d\u00e1st\u00ed. Z t\u00e9 temn\u00e9, kter\u00e1 trv\u00e1 zhruba hodinu. A viditeln\u00e9. To je m\u00edstnost, kde m\u016f\u017eete vid\u011bt nejr\u016fzn\u011bj\u0161\u00ed pom\u016fcky, kter\u00e9 usnad\u0148uj\u00ed nevidom\u00fdm \u017eivot.<\/p>\n<p>Naleznete zde zv\u011bt\u0161ovac\u00ed lupy pro lidi se zbytky zraku. Stole\u010dek, u kter\u00e9ho se dov\u00edte spoustu zaj\u00edmav\u00fdch informac\u00ed o Braillov\u011b p\u00edsmu, kter\u00fdm nevidom\u00fd lid\u00e9 p\u00ed\u0161\u00ed a \u010dtou. Pr\u016fvodce V\u00e1m jist\u011b neopomene uk\u00e1zat st\u016fl s pom\u016fckami do dom\u00e1cnosti a p\u0159\u00edpadn\u011b si u dal\u0161\u00edch stol\u016f s V\u00e1mi zahraje n\u011bkterou ze stoln\u00edch her. Pat\u0159\u00ed mezi n\u011b t\u0159eba karty, domino, nejr\u016fzn\u011bj\u0161\u00ed skl\u00e1da\u010dky a hlavolamy.<\/p>\n<p>Krom\u011b pom\u016fcek je pr\u00e1v\u011b tady prostor tak\u00e9 na Va\u0161e dotazy. Nemus\u00edte se b\u00e1t zeptat na v\u0161e, co by V\u00e1s zaj\u00edmalo. I na ty ot\u00e1zky, kter\u00e9 V\u00e1m t\u0159eba p\u0159ijdou netaktn\u00ed. Na v\u00fdstav\u011b nen\u00ed \u017e\u00e1dn\u00fd pr\u016fvodce, kter\u00fd by se kv\u016fli n\u011bjak\u00e9 ot\u00e1zce urazil.<\/p>\n<p>A na z\u00e1v\u011br jedna perli\u010dka. U\u017e jsem se zm\u00ednil, \u017ee na v\u00fdstav\u011b pracuj\u00ed p\u0159ev\u00e1\u017en\u011b nevidom\u00ed pr\u016fvodci. N\u011bkte\u0159\u00ed z nich si s sebou do zam\u011bstn\u00e1n\u00ed berou tak\u00e9 vodic\u00ed psy. Kdybyste tedy z n\u011bjak\u00e9ho d\u016fvodu zam\u00ed\u0159ili do \u0161atny pro zam\u011bstnance, tak se po otev\u0159en\u00ed dve\u0159\u00ed nelekn\u011bte. Naval\u00ed se na v\u00e1s toti\u017e minim\u00e1ln\u011b t\u0159i \u0161\u0165astn\u011b vypadaj\u00edc\u00ed hafani a za\u010dnou se do\u017eadovat hlazen\u00ed. Um\u00edte si p\u0159edstavit, \u017ee byste n\u011bco podobn\u00e9ho mohli za\u017e\u00edt ve sv\u00e9m zam\u011bstn\u00e1n\u00ed?<\/p>\n<p><strong>V\u00fdstavu m\u016f\u017eete nav\u0161t\u00edvit na adrese:<\/strong><br \/>\nNovom\u011bstsk\u00e1 radnice<br \/>\nKarlovo n\u00e1m. 1\/23 \u2013 vstup z Vodi\u010dkovy ulice<br \/>\n120 00 Praha 2<br \/>\nInformace o vstupn\u00e9m, otev\u00edrac\u00ed dob\u011b apod. naleznete na webu v\u00fdstavy:<br \/>\n<a href=\"http:\/\/neviditelna.cz\/\">Neviditeln\u00e1 v\u00fdstava<\/a><\/p>\n<p>Ji\u0159\u00ed Marek<br \/>\ninvArena<\/p>\n","protected":false},"excerpt":{"rendered":"<div class=\"mh-excerpt\"><p>U\u017e se v\u00e1m n\u011bkdy stalo, \u017ee jste se museli pohybovat v naprost\u00e9 tm\u011b. Tm\u011b, kter\u00e9 se vyrovn\u00e1 snad jen ten nejtemn\u011bj\u0161\u00ed sklep nebo jin\u00e9 podzem\u00ed? <a class=\"mh-excerpt-more\" href=\"https:\/\/www.invarena.cz\/?p=4385\" title=\"Hodina tmy. Pro n\u011bkoho horor, pro jin\u00e9ho z\u00e1bava\">[&#8230;]<\/a><\/p>\n<\/div>","protected":false},"author":3,"featured_media":783,"comment_status":"open","ping_status":"open","sticky":false,"template":"","format":"standard","meta":{"footnotes":""},"categories":[17],"tags":[],"class_list":["post-4385","post","type-post","status-publish","format-standard","has-post-thumbnail","hentry","category-kultura"],"_links":{"self":[{"href":"https:\/\/www.invarena.cz\/index.php?rest_route=\/wp\/v2\/posts\/4385","targetHints":{"allow":["GET"]}}],"collection":[{"href":"https:\/\/www.invarena.cz\/index.php?rest_route=\/wp\/v2\/posts"}],"about":[{"href":"https:\/\/www.invarena.cz\/index.php?rest_route=\/wp\/v2\/types\/post"}],"author":[{"embeddable":true,"href":"https:\/\/www.invarena.cz\/index.php?rest_route=\/wp\/v2\/users\/3"}],"replies":[{"embeddable":true,"href":"https:\/\/www.invarena.cz\/index.php?rest_route=%2Fwp%2Fv2%2Fcomments&post=4385"}],"version-history":[{"count":0,"href":"https:\/\/www.invarena.cz\/index.php?rest_route=\/wp\/v2\/posts\/4385\/revisions"}],"wp:featuredmedia":[{"embeddable":true,"href":"https:\/\/www.invarena.cz\/index.php?rest_route=\/wp\/v2\/media\/783"}],"wp:attachment":[{"href":"https:\/\/www.invarena.cz\/index.php?rest_route=%2Fwp%2Fv2%2Fmedia&parent=4385"}],"wp:term":[{"taxonomy":"category","embeddable":true,"href":"https:\/\/www.invarena.cz\/index.php?rest_route=%2Fwp%2Fv2%2Fcategories&post=4385"},{"taxonomy":"post_tag","embeddable":true,"href":"https:\/\/www.invarena.cz\/index.php?rest_route=%2Fwp%2Fv2%2Ftags&post=4385"}],"curies":[{"name":"wp","href":"https:\/\/api.w.org\/{rel}","templated":true}]}}