{"id":43886,"date":"2023-11-23T15:16:08","date_gmt":"2023-11-23T14:16:08","guid":{"rendered":"https:\/\/www.invarena.cz\/?p=43886"},"modified":"2023-11-23T15:16:09","modified_gmt":"2023-11-23T14:16:09","slug":"deti-s-epilepsii-kreslily-svou-oblibenou-hracku","status":"publish","type":"post","link":"https:\/\/www.invarena.cz\/?p=43886","title":{"rendered":"D\u011bti s\u00a0epilepsi\u00ed kreslily svou obl\u00edbenou hra\u010dku"},"content":{"rendered":"\n<p><strong>Panenku, ply\u0161ov\u00e9 zv\u00ed\u0159e, m\u00ed\u010d nebo stavebnici nakreslily d\u011bti s\u00a0epilepsi\u00ed pro v\u00fdtvarnou sout\u011b\u017e L\u00edb\u00ed se ti, mami? Leto\u0161n\u00edho 11. ro\u010dn\u00edku se z\u00fa\u010dastnilo p\u0159es 60 d\u011bt\u00ed. Prvn\u00ed m\u00edsto z\u00edskala t\u0159in\u00e1ctilet\u00e1 Magdal\u00e9na, kter\u00e1 ztv\u00e1rnila ko\u010dku M\u00edcu.<\/strong><\/p>\n\n\n\n<p>\u201e<em>Epilepsie s&nbsp;sebou st\u00e1le p\u0159in\u00e1\u0161\u00ed \u0159adu stigmat. Sna\u017e\u00edme se proto motivovat d\u011bti, aby se do sout\u011b\u017ee zapojily a uk\u00e1zaly, \u017ee jsou stejn\u011b \u0161ikovn\u00e9 jako jejich zdrav\u00ed vrstevn\u00edci,\u201c <\/em>\u0159\u00edk\u00e1 za organiz\u00e1tory Monika B\u00e1rtov\u00e1 ze spole\u010dnosti UCB, kter\u00e1 sout\u011b\u017e pod z\u00e1\u0161titou spolku EpiStop po\u0159\u00e1d\u00e1. \u201e<em>Leto\u0161n\u00edm motivem byla obl\u00edben\u00e1 hra\u010dka. D\u011bti mohly nakreslit cokoli, s \u010d\u00edm si r\u00e1dy hraj\u00ed. A\u0165 u\u017e je to panenka, m\u00ed\u010d, nebo t\u0159eba obl\u00edben\u00e1 postavi\u010dka z po\u010d\u00edta\u010dov\u00e9 hry,\u201c <\/em>dopl\u0148uje.<\/p>\n\n\n\n<p>V\u00edt\u011bzkou leto\u0161n\u00edho 11. ro\u010dn\u00edku se stala t\u0159in\u00e1ctilet\u00e1 Magdal\u00e9na, kter\u00e1 nakreslila svou obl\u00edbenou ko\u010dku M\u00edcu. Druh\u00e9 m\u00edsto z\u00edskala patn\u00e1ctilet\u00e1 Vendula s&nbsp;obr\u00e1zkem loutky, t\u0159et\u00ed byla dev\u00edtilet\u00e1 Karol\u00edna, je\u017e ztv\u00e1rnila stavebnici s motivem Harryho Pottera. Za sv\u00e9 obr\u00e1zky z\u00edskali v\u0161ichni t\u0159i profesion\u00e1ln\u00ed v\u00fdtvarn\u00e9 kuf\u0159\u00edky, ostatn\u00ed \u00fa\u010dastn\u00edci pak obdr\u017eeli v\u00fdtvarn\u00e9 pot\u0159eby.<\/p>\n\n\n\n<p>Podrobnosti o sout\u011b\u017ei jsou dostupn\u00e9 na <a href=\"http:\/\/www.libisetimami.cz\/\">www.libisetimami.cz<\/a>.<\/p>\n\n\n\n<p>Epilepsie je jednou z&nbsp;nej\u010dast\u011bj\u0161\u00edch chronick\u00fdch d\u011btsk\u00fdch nemoc\u00ed. V&nbsp;\u010cesk\u00e9 republice se s&nbsp;n\u00ed pot\u00fdk\u00e1 p\u0159ibli\u017en\u011b 20&nbsp;000 d\u011bt\u00ed.<\/p>\n","protected":false},"excerpt":{"rendered":"<div class=\"mh-excerpt\"><p>Panenku, ply\u0161ov\u00e9 zv\u00ed\u0159e, m\u00ed\u010d nebo stavebnici nakreslily d\u011bti s\u00a0epilepsi\u00ed pro v\u00fdtvarnou sout\u011b\u017e L\u00edb\u00ed se ti, mami? Leto\u0161n\u00edho 11. ro\u010dn\u00edku se z\u00fa\u010dastnilo p\u0159es 60 d\u011bt\u00ed. Prvn\u00ed <a class=\"mh-excerpt-more\" href=\"https:\/\/www.invarena.cz\/?p=43886\" title=\"D\u011bti s\u00a0epilepsi\u00ed kreslily svou obl\u00edbenou hra\u010dku\">[&#8230;]<\/a><\/p>\n<\/div>","protected":false},"author":1,"featured_media":43887,"comment_status":"open","ping_status":"closed","sticky":false,"template":"","format":"standard","meta":{"footnotes":""},"categories":[7],"tags":[],"class_list":["post-43886","post","type-post","status-publish","format-standard","has-post-thumbnail","hentry","category-spolecnost"],"_links":{"self":[{"href":"https:\/\/www.invarena.cz\/index.php?rest_route=\/wp\/v2\/posts\/43886","targetHints":{"allow":["GET"]}}],"collection":[{"href":"https:\/\/www.invarena.cz\/index.php?rest_route=\/wp\/v2\/posts"}],"about":[{"href":"https:\/\/www.invarena.cz\/index.php?rest_route=\/wp\/v2\/types\/post"}],"author":[{"embeddable":true,"href":"https:\/\/www.invarena.cz\/index.php?rest_route=\/wp\/v2\/users\/1"}],"replies":[{"embeddable":true,"href":"https:\/\/www.invarena.cz\/index.php?rest_route=%2Fwp%2Fv2%2Fcomments&post=43886"}],"version-history":[{"count":0,"href":"https:\/\/www.invarena.cz\/index.php?rest_route=\/wp\/v2\/posts\/43886\/revisions"}],"wp:featuredmedia":[{"embeddable":true,"href":"https:\/\/www.invarena.cz\/index.php?rest_route=\/wp\/v2\/media\/43887"}],"wp:attachment":[{"href":"https:\/\/www.invarena.cz\/index.php?rest_route=%2Fwp%2Fv2%2Fmedia&parent=43886"}],"wp:term":[{"taxonomy":"category","embeddable":true,"href":"https:\/\/www.invarena.cz\/index.php?rest_route=%2Fwp%2Fv2%2Fcategories&post=43886"},{"taxonomy":"post_tag","embeddable":true,"href":"https:\/\/www.invarena.cz\/index.php?rest_route=%2Fwp%2Fv2%2Ftags&post=43886"}],"curies":[{"name":"wp","href":"https:\/\/api.w.org\/{rel}","templated":true}]}}