{"id":43889,"date":"2023-11-23T16:49:53","date_gmt":"2023-11-23T15:49:53","guid":{"rendered":"https:\/\/www.invarena.cz\/?p=43889"},"modified":"2023-11-23T16:49:54","modified_gmt":"2023-11-23T15:49:54","slug":"cssz-informuje-zda-vznika-narok-na-osetrovne-v-pripade-stavky","status":"publish","type":"post","link":"https:\/\/www.invarena.cz\/?p=43889","title":{"rendered":"\u010cSSZ informuje, zda vznik\u00e1 n\u00e1rok na o\u0161et\u0159ovn\u00e9 v\u00a0p\u0159\u00edpad\u011b st\u00e1vky"},"content":{"rendered":"\n<p><strong>V&nbsp;souvislosti se st\u00e1vkou avizovanou na den 27. 11. 2023, u kter\u00e9 je ohl\u00e1\u0161eno jednodenn\u00ed p\u0159eru\u0161en\u00ed pr\u00e1ce \u0161kolsk\u00fdch a d\u011btsk\u00fdch za\u0159\u00edzen\u00ed, rekapitulujeme pro rodi\u010de d\u011bt\u00ed podm\u00ednky n\u00e1roku na o\u0161et\u0159ovn\u00e9.<\/strong><\/p>\n\n\n\n<p>N\u00e1rok na o\u0161et\u0159ovn\u00e9 se \u0159\u00edd\u00ed z\u00e1konem \u010d. 187\/2006 Sb., o nemocensk\u00e9m poji\u0161t\u011bn\u00ed, ve zn\u011bn\u00ed pozd\u011bj\u0161\u00edch p\u0159edpis\u016f (ZNP). Jednotliv\u00e9 situace vyjmenov\u00e1v\u00e1 \u00a7 39 tohoto z\u00e1kona. Krom\u011b p\u0159\u00edpad\u016f o\u0161et\u0159ov\u00e1n\u00ed (p\u00e9\u010de) nav\u00e1zan\u00fdch na zdravotn\u00ed stav je d\u00e1n n\u00e1rok na tuto d\u00e1vku i v&nbsp;p\u0159\u00edpad\u011b nenad\u00e1l\u00e9ho uzav\u0159en\u00ed \u0161kolsk\u00e9ho\/d\u011btsk\u00e9ho za\u0159\u00edzen\u00ed, ov\u0161em za striktn\u011b dan\u00fdch podm\u00ednek.<\/p>\n\n\n\n<p><strong>O jakou podm\u00ednku se konkr\u00e9tn\u011b jedn\u00e1?<\/strong><\/p>\n\n\n\n<p>O\u0161et\u0159ovn\u00e9 n\u00e1le\u017e\u00ed pouze zam\u011bstnanci, kter\u00fd nem\u016f\u017ee vykon\u00e1vat v&nbsp;zam\u011bstn\u00e1n\u00ed pr\u00e1ci z d\u016fvodu p\u00e9\u010de<br \/>o d\u00edt\u011b mlad\u0161\u00ed 10 let, proto\u017ee \u0161kolsk\u00e9 za\u0159\u00edzen\u00ed nebo zvl\u00e1\u0161tn\u00ed d\u011btsk\u00e9 za\u0159\u00edzen\u00ed, pop\u0159\u00edpad\u011b jin\u00e9 obdobn\u00e9 za\u0159\u00edzen\u00ed pro d\u011bti, v jeho\u017e denn\u00ed nebo t\u00fddenn\u00ed p\u00e9\u010di d\u00edt\u011b jinak je, nebo \u0161kola, jej\u00edm\u017e je \u017e\u00e1kem, jsou uzav\u0159eny z na\u0159\u00edzen\u00ed p\u0159\u00edslu\u0161n\u00e9ho org\u00e1nu z d\u016fvodu hav\u00e1rie, mimo\u0159\u00e1dn\u00e9ho opat\u0159en\u00ed p\u0159i epidemii nebo jin\u00e9 nep\u0159edv\u00eddan\u00e9 ud\u00e1losti (\u00a7 39 odst. 1 p\u00edsm. b) bod 1 ZNP).<\/p>\n\n\n\n<p><strong>St\u00e1vka nen\u00ed nep\u0159edv\u00eddanou ud\u00e1lost\u00ed<\/strong><\/p>\n\n\n\n<p>V&nbsp;p\u0159\u00edpad\u011b st\u00e1vky v\u0161ak nejde o d\u016fvody, jak\u00fdmi jsou na\u0159\u00edzen\u00ed p\u0159\u00edslu\u0161n\u00e9ho org\u00e1nu p\u0159i hav\u00e1rii nebo mimo\u0159\u00e1dn\u00e9m opat\u0159en\u00ed p\u0159i epidemii. Sou\u010dasn\u011b st\u00e1vka nen\u00ed pova\u017eov\u00e1na za nep\u0159edv\u00eddanou ud\u00e1lost (aktu\u00e1ln\u00ed st\u00e1vka je vyhl\u00e1\u0161ena s&nbsp;p\u0159edstihem dvou t\u00fddn\u016f).<\/p>\n\n\n\n<p><strong>O\u0161et\u0159ovn\u00e9 z&nbsp;d\u016fvodu p\u00e9\u010de o d\u00edt\u011b mlad\u0161\u00ed 10 let, jeho\u017e \u0161kola, \u0161kolka apod. byla uzav\u0159ena z&nbsp;d\u016fvodu st\u00e1vky, tedy nen\u00e1le\u017e\u00ed.<\/strong><\/p>\n\n\n\n<p>Stejn\u011b tak <strong>nem\u00e1<\/strong> <strong>zam\u011bstnanec <\/strong>(rodi\u010d) <strong>n\u00e1rok na pracovn\u00ed volno z&nbsp;d\u016fvodu p\u00e9\u010de o d\u00edt\u011b podle z\u00e1kon\u00edku pr\u00e1ce (\u00a7 191)<\/strong>, kter\u00e9 je nav\u00e1z\u00e1no na p\u0159\u00edpady, kdy se poskytuje o\u0161et\u0159ovn\u00e9. <strong>Zam\u011bstnavatel v\u0161ak m\u016f\u017ee omluvit nep\u0159\u00edtomnost zam\u011bstnance v pr\u00e1ci i z jin\u00fdch d\u016fvod\u016f<\/strong>, ne\u017e stanov\u00ed pr\u00e1vn\u00ed p\u0159edpisy, a\u0165 ji\u017e na z\u00e1klad\u011b \u017e\u00e1dosti zam\u011bstnance, nebo podle kolektivn\u00ed smlouvy, nebo vnit\u0159n\u00edho p\u0159edpisu zam\u011bstnavatele.<\/p>\n\n\n\n<p><em>Odd\u011blen\u00ed komunikace \u010cSSZ<\/em><\/p>\n","protected":false},"excerpt":{"rendered":"<div class=\"mh-excerpt\"><p>V&nbsp;souvislosti se st\u00e1vkou avizovanou na den 27. 11. 2023, u kter\u00e9 je ohl\u00e1\u0161eno jednodenn\u00ed p\u0159eru\u0161en\u00ed pr\u00e1ce \u0161kolsk\u00fdch a d\u011btsk\u00fdch za\u0159\u00edzen\u00ed, rekapitulujeme pro rodi\u010de d\u011bt\u00ed podm\u00ednky <a class=\"mh-excerpt-more\" href=\"https:\/\/www.invarena.cz\/?p=43889\" title=\"\u010cSSZ informuje, zda vznik\u00e1 n\u00e1rok na o\u0161et\u0159ovn\u00e9 v\u00a0p\u0159\u00edpad\u011b st\u00e1vky\">[&#8230;]<\/a><\/p>\n<\/div>","protected":false},"author":1,"featured_media":43806,"comment_status":"open","ping_status":"closed","sticky":false,"template":"","format":"standard","meta":{"footnotes":""},"categories":[1],"tags":[],"class_list":["post-43889","post","type-post","status-publish","format-standard","has-post-thumbnail","hentry","category-nezarazene"],"_links":{"self":[{"href":"https:\/\/www.invarena.cz\/index.php?rest_route=\/wp\/v2\/posts\/43889","targetHints":{"allow":["GET"]}}],"collection":[{"href":"https:\/\/www.invarena.cz\/index.php?rest_route=\/wp\/v2\/posts"}],"about":[{"href":"https:\/\/www.invarena.cz\/index.php?rest_route=\/wp\/v2\/types\/post"}],"author":[{"embeddable":true,"href":"https:\/\/www.invarena.cz\/index.php?rest_route=\/wp\/v2\/users\/1"}],"replies":[{"embeddable":true,"href":"https:\/\/www.invarena.cz\/index.php?rest_route=%2Fwp%2Fv2%2Fcomments&post=43889"}],"version-history":[{"count":0,"href":"https:\/\/www.invarena.cz\/index.php?rest_route=\/wp\/v2\/posts\/43889\/revisions"}],"wp:featuredmedia":[{"embeddable":true,"href":"https:\/\/www.invarena.cz\/index.php?rest_route=\/wp\/v2\/media\/43806"}],"wp:attachment":[{"href":"https:\/\/www.invarena.cz\/index.php?rest_route=%2Fwp%2Fv2%2Fmedia&parent=43889"}],"wp:term":[{"taxonomy":"category","embeddable":true,"href":"https:\/\/www.invarena.cz\/index.php?rest_route=%2Fwp%2Fv2%2Fcategories&post=43889"},{"taxonomy":"post_tag","embeddable":true,"href":"https:\/\/www.invarena.cz\/index.php?rest_route=%2Fwp%2Fv2%2Ftags&post=43889"}],"curies":[{"name":"wp","href":"https:\/\/api.w.org\/{rel}","templated":true}]}}