{"id":43901,"date":"2023-11-24T13:07:06","date_gmt":"2023-11-24T12:07:06","guid":{"rendered":"https:\/\/www.invarena.cz\/?p=43901"},"modified":"2023-11-24T13:07:06","modified_gmt":"2023-11-24T12:07:06","slug":"myty-o-sedem-zakalu","status":"publish","type":"post","link":"https:\/\/www.invarena.cz\/?p=43901","title":{"rendered":"M\u00fdty o \u0161ed\u00e9m z\u00e1kalu"},"content":{"rendered":"\n<p><strong> V poradn\u011b \u010cRo Dvojka&nbsp;s<\/strong>i pov\u00eddali o \u0161ed\u00e9m z\u00e1kalu a tak\u00e9 o m\u00fdtech okolo tohoto onemocn\u011bn\u00ed, hostem je pan\u00ed Dr. Andrea Janekov\u00e1, odborn\u00e1 o\u010dn\u00ed l\u00e9ka\u0159ka v o\u010dn\u00edm centru Praha.<\/p>\n\n\n\n<p><br \/>&#8212;&#8212;&#8212;&#8212;&#8212;&#8212;&#8211;<br \/>Katarakta, slovo skoro jako abraka dabra, zvukov\u011b velmi v\u00fdrazn\u00e9 slovo spojeno se zna\u010dn\u011b problematick\u00fdm a nep\u0159\u00edjemn\u00fdm onemocn\u011bn\u00edm, kter\u00e9mu \u0159\u00edk\u00e1me \u0161ed\u00fd z\u00e1kal.<br \/>A je\u0161t\u011b dod\u00e1me, \u017ee nej\u010dast\u011bji se objevuje ve v\u011bku 65\u201375 let a komplikuje \u017eivot. Na\u0161\u00edm hostem ve studiu odborn\u00e1 o\u010dn\u00ed l\u00e9ka\u0159ka v o\u010dn\u00edm centru Praha retin\u00e1ln\u00ed chirurg, pan\u00ed Dr. Andrea Janekov\u00e1<br \/>&#8212;&#8212;&#8212;&#8212;&#8212;&#8212;&#8211;<br \/>Pan\u00ed doktorko, my jsme p\u0159ed chv\u00edl\u00ed p\u0159ed poradnou zm\u00ednili, jakou skupinu hlavn\u011b tr\u00e1p\u00ed \u0161ed\u00fd z\u00e1kal, polovinu lid\u00ed nad 65 let a dokonce pr\u00fd skoro 3\/4 lid\u00ed nad 75. M\u016f\u017eete to potvrdit? Jsou to spr\u00e1vn\u00e9 informace?<br \/><br \/>Dr. Andrea janekov\u00e1<br \/>&#8212;&#8212;&#8212;&#8212;&#8212;&#8212;&#8211;<br \/>P\u0159esn\u011b tak, informace m\u00e1te spr\u00e1vn\u00e9. On ten \u0161ed\u00fd z\u00e1kal je onemocn\u011bn\u00ed spojen\u00e9 s v\u011bkem, tedy v\u00fdskyt je vy\u0161\u0161\u00ed v t\u011bch vy\u0161\u0161\u00edch v\u011bkov\u00fdch skupin\u00e1ch, hlavn\u011b nad 60\u201370 let, ale t\u00fdk\u00e1 se i mlad\u0161\u00edch pacient\u016f. To nesm\u00edme opomenout.<br \/><br \/>&#8212;&#8212;&#8212;&#8212;&#8212;&#8212;&#8211;<br \/>Pan\u00ed doktorko, mo\u017en\u00e1 ud\u011blejme si v tom po\u0159\u00e1dek na za\u010d\u00e1tek. Jak\u00fd je rozd\u00edl mezi \u0161ed\u00fdm a zelen\u00fdm z\u00e1kalem?<br \/><br \/>Dr. Andrea janekov\u00e1<br \/>&#8212;&#8212;&#8212;&#8212;&#8212;&#8212;&#8211;<br \/>Ano, tyto dv\u011b jednotky se \u010dasto pletou, tak\u00e9 pacienti, \u010dasto maj\u00ed spojen\u00e9, \u017ee jeden z\u00e1kal se d\u00e1 vyl\u00e9\u010dit, druh\u00fd ne. \u0160ed\u00fd z\u00e1kal je zakalov\u00e1n\u00ed lidsk\u00e9 \u010do\u010dky b\u011bhem \u017eivota. Ta \u010do\u010dka se vlastn\u011b st\u00e1v\u00e1 m\u00e9n\u011b pr\u016fhlednou, zakaluje se, zv\u011bt\u0161uje sv\u016fj objem a pacient vid\u00ed zaml\u017een\u011b. V\u00fdhodou toho \u0161ed\u00e9ho z\u00e1kalu, kdy\u017e u\u017e tedy vznikne, je to, \u017ee se d\u00e1 velmi jednodu\u0161e odstranit operac\u00ed, kde\u017eto zelen\u00fd z\u00e1kal je z\u00e1kal, kter\u00fd je spojen\u00fd s vy\u0161\u0161\u00edm nitroo\u010dn\u00edm tlakem a v\u011bt\u0161inou nen\u00ed vyl\u00e9\u010diteln\u00fd, ale my l\u00e9\u010d\u00edme pouze tu p\u0159\u00ed\u010dinu, ten vy\u0161\u0161\u00ed nitroo\u010dn\u00ed tlak t\u00edm, \u017ee ho r\u016fzn\u00fdmi l\u00e9ky, kapkami, p\u0159\u00edpadn\u011b z\u00e1kroky se sna\u017e\u00edme sn\u00ed\u017eit.<br \/><br \/>Ji\u0159\u00ed Holoubek, moder\u00e1tor<br \/>&#8212;&#8212;&#8212;&#8212;&#8212;&#8212;&#8211;<br \/>My jsme na\u0161i dne\u0161n\u00ed poradnu pojmenovali m\u00fdty o \u0161ed\u00e9m z\u00e1kalu a t\u011bch m\u00fdt\u016f je opravdu cel\u00e1 \u0159ada. My jsme si k tomu ud\u011blali takov\u00fd drobn\u00fd seznam a jedna z polo\u017eek je, \u017ee ten \u0161ed\u00fd z\u00e1kal mus\u00ed uzr\u00e1t, co\u017e mo\u017en\u00e1 sly\u0161el leckdo z n\u00e1s. Co to znamen\u00e1? A je to pravda?<br \/><br \/>Dr. Andrea janekov\u00e1<br \/>&#8212;&#8212;&#8212;&#8212;&#8212;&#8212;&#8211;<br \/>Tak toto je spojen\u00e9 s technikou operace, kdysi opravdu toto platilo, \u017ee \u0161ed\u00fd z\u00e1kal, ta \u010do\u010dka, bylo vhodn\u00e9, aby byla uzr\u00e1l\u00e1, aby byla tvrd\u00e1 a v jednom kuse, proto\u017ee ta opera\u010dn\u00ed technika byla jin\u00e1, ta \u010do\u010dka se p\u0159imrazovala speci\u00e1ln\u00ed sondou a d\u00edky tomu jsme ji z oka dostali ven, ale dne\u0161n\u00ed chirurgie t\u00e9 katarakty nebo \u0161ed\u00e9ho z\u00e1kalu u\u017e je miniinvazivn\u00ed, tedy do oka vstupujeme pouze dvou milimetrov\u00fdm \u0159ezem a naopak nen\u00ed \u00fapln\u011b \u017e\u00e1douc\u00ed, aby ta \u010do\u010dka byla uzr\u00e1l\u00e1, proto\u017ee odstran\u011bn\u00ed t\u00e9 uzr\u00e1l\u00e9 \u010do\u010dky drcen\u00edm, vy\u017eaduje v\u00edce energie, co\u017e nen\u00ed zase \u00fapln\u011b prosp\u011b\u0161n\u00e9 pro oko, tedy \u0161ed\u00fd z\u00e1kal. Dneska u\u017e opravdu bychom nem\u011bli nechat uzr\u00e1t, ale podstoupit operaci v moment\u011b, kdy n\u00e1m n\u011bjak\u00fdm zp\u016fsobem zhor\u0161uje vid\u011bn\u00ed.<br \/><br \/>Ji\u0159\u00ed Holoubek, moder\u00e1tor<br \/>&#8212;&#8212;&#8212;&#8212;&#8212;&#8212;&#8211;<br \/>Tady m\u016f\u017eeme \u0159\u00edct, \u017ee nejde o m\u00fdtus, jenom se to p\u0159e\u017eilo.<br \/><br \/>\u0160\u00e1rka Volemanov\u00e1, moder\u00e1torka<br \/>&#8212;&#8212;&#8212;&#8212;&#8212;&#8212;&#8211;<br \/>Pan\u00ed doktorko, vy jste hovo\u0159ila o tom, \u017ee z hlediska chirurgick\u00e9ho z\u00e1kroku jde o miniinvazivn\u00ed z\u00e1krok. M\u016f\u017eete ho n\u011bjak popsat? Proto\u017ee ur\u010dit\u011b pro spoustu z n\u00e1s je to takov\u00e9, \u0159ekn\u011bme, velmi znerv\u00f3z\u0148uj\u00edc\u00ed, \u017ee n\u00e1m n\u011bkdo bude sahat do oka, co n\u00e1s \u010dek\u00e1, kdy\u017e se rozhodneme a jsme indikov\u00e1ni k tomuto chirurgick\u00e9mu z\u00e1kroku?<br \/><br \/>Dr. Andrea janekov\u00e1<br \/>&#8212;&#8212;&#8212;&#8212;&#8212;&#8212;&#8211;<br \/>Tak \u010dek\u00e1 n\u00e1s samotn\u00e1 p\u0159edopera\u010dn\u00ed p\u0159\u00edprava, b\u011bhem kter\u00e9 se aplikuj\u00ed kapky na znecitliv\u011bn\u00ed antibiotika a kapi\u010dky na roz\u0161\u00ed\u0159en\u00ed zorni\u010dky, abychom k t\u00e9 \u010do\u010dce m\u011bli dobr\u00fd p\u0159\u00edstup. Tato p\u0159\u00edprava m\u016f\u017ee trvat klidn\u011b i hodinu, tedy pacient sed\u00ed p\u0159ed samotnou operac\u00ed asi hodinku a se sest\u0159i\u010dkami, kter\u00e9 mu kapou r\u016fzn\u00e9 typy kapek do o\u010d\u00ed. Samotn\u00e1 operace trv\u00e1 asi 10\u201315 minut, p\u0159i\u010dem\u017e pacienti se n\u011bkdy boj\u00ed, \u017ee to bude bolet, ale t\u00edm, \u017ee z\u00e1krok prob\u00edh\u00e1 v lok\u00e1ln\u00ed anestezii, je nutn\u00e1 spolupr\u00e1ce pacienta, my si nem\u016f\u017eeme dovolit, aby to pacienta bolelo. Jsou tedy aplikov\u00e1ny kapky na znecitliv\u011bn\u00ed a n\u011bkdy i kapky p\u0159\u00edmo do toho oka, pacient opravdu krom\u011b n\u011bjak\u00e9ho lehk\u00e9ho tlaku nebo \u0161t\u00edpnut\u00ed nec\u00edt\u00ed \u017e\u00e1dnou bolest b\u011bhem samotn\u00e9 operace.<br \/><br \/>mluv\u010d\u00ed 3,<br \/>&#8212;&#8212;&#8212;&#8212;&#8212;&#8212;&#8211;<br \/>Dobr\u00e9 dopoledne, tady je Peter z Prahy, pros\u00edm, j\u00e1 m\u00e1m takov\u00fdhle dotaz. Jsem indikov\u00e1n na operaci o\u010dn\u00edho z\u00e1kalu na za\u010d\u00e1tek prosince, ov\u0161em te\u010f dlouhodob\u011b pob\u00edr\u00e1m antibiotika, proto\u017ee m\u00e1m z\u00e1n\u011bt kost\u00ed, jak\u00fdm zp\u016fsobem to ovlivn\u00ed p\u0159\u00edpadn\u011b ta operace, moje l\u00e9\u010den\u00ed nebo to l\u00e9\u010den\u00ed antibiotikama, tu operaci nebo mo\u017enost operace?<\/p>\n\n\n\n<p><br \/>Dr. Andrea janekov\u00e1<br \/>&#8212;&#8212;&#8212;&#8212;&#8212;&#8212;&#8211;<br \/>Tak proveden\u00ed operace nedoporu\u010dujeme v n\u011bjak\u00e9m akutn\u00edm infek\u010dn\u00edm onemocn\u011bn\u00ed, ale pokud se jedn\u00e1 o u\u017e\u00edv\u00e1n\u00ed l\u00e9\u010dby z n\u011bjak\u00e9ho dlouhodob\u00e9ho hlediska, t\u0159eba recidivuj\u00edc\u00ed infekce mo\u010dov\u00fdch cest, nev\u00edme, o co se konkr\u00e9tn\u011b jedn\u00e1 v\u00a0p\u0159\u00edpad\u011b na\u0161eho pacienta. Ale pokud to nen\u00ed akutn\u00ed hore\u010dnat\u00e9 infek\u010dn\u00ed onemocn\u011bn\u00ed, tak pacient tu operaci podstoupit m\u016f\u017ee.<br \/><br \/>Ji\u0159\u00ed Holoubek, moder\u00e1tor<br \/>&#8212;&#8212;&#8212;&#8212;&#8212;&#8212;&#8211;<br \/>M\u00e1me email od na\u0161\u00ed poslucha\u010dky Vlasty. Pr\u00e1v\u011b nyn\u00ed se rozhoduji, kde podstoupit operaci \u0161ed\u00e9ho z\u00e1kalu. R\u00e1da bych \u0159\u00eddila bez br\u00fdl\u00ed, proto\u017ee jsem \u0159idi\u010dka. Jakou \u010do\u010dku bych m\u011bla po\u017eadovat? Jestli je maj\u00ed v\u0161echna pracovi\u0161t\u011b? Jeden dotaz je t\u0159eba operaci prov\u00e9st na obou o\u010d\u00edch v kr\u00e1tk\u00e9 dob\u011b za sebou nebo s n\u011bjak\u00fdm del\u0161\u00edm \u010dasov\u00fdm odstupem? A ten posledn\u00ed dotaz, jak\u00e1 jsou po operaci omezen\u00ed souvisej\u00edc\u00ed s prac\u00ed. Tak\u017ee kdy\u017e to vezmeme postupn\u011b, jakou \u010do\u010dku po\u017eadovat? D\u00e1 se na to n\u011bjak odpov\u011bd\u011bt?<br \/><br \/>Dr. Andrea janekov\u00e1<br \/>&#8212;&#8212;&#8212;&#8212;&#8212;&#8212;&#8211;<br \/>Ona ta volba t\u011bch nitroo\u010dn\u00edch \u010do\u010dek je \u0161irok\u00e1. Obecn\u011b bychom je mohli rozd\u011blit na \u010do\u010dky, kter\u00e9 upravuj\u00ed vid\u011bn\u00ed na jednu vzd\u00e1lenost, tedy bu\u010f na d\u00e1lku, nebo na bl\u00edzko, a na druhou vzd\u00e1lenost nos\u00ed pacient br\u00fdle. Ale jsou tak\u00e9 mo\u017enosti tzv. multifok\u00e1ln\u00edch \u010do\u010dek neboli edov \u010do\u010dek, kter\u00e9 umo\u017e\u0148uj\u00ed vid\u011bn\u00ed sou\u010dasn\u011b na v\u00edce vzd\u00e1lenost\u00ed bez br\u00fdl\u00ed.<br \/><br \/>\u0160\u00e1rka Volemanov\u00e1, moder\u00e1torka<br \/>&#8212;&#8212;&#8212;&#8212;&#8212;&#8212;&#8211;<br \/>D\u011bkujeme. Ta druh\u00e1 ot\u00e1zka, p\u00ed\u0161e na\u0161e poslucha\u010dka, \u017ee m\u00e1\u00a0<strong>posti\u017een\u00e9<\/strong>\u00a0ob\u011b o\u010di, jestli je t\u0159eba p\u0159i operaci prov\u00e9st v kr\u00e1tk\u00e9 dob\u011b vlastn\u011b ob\u011b o\u010di za sebou. Mo\u017en\u00e1 taky vysv\u011btlen\u00ed, pro\u010d se ned\u011blaj\u00ed ob\u011b najednou.<br \/><br \/>Dr. Andrea janekov\u00e1<br \/>&#8212;&#8212;&#8212;&#8212;&#8212;&#8212;&#8211;<br \/>Ob\u011b o\u010di najednou se operuj\u00ed a my na na\u0161em pracovi\u0161ti takto operujeme t\u00e9m\u011b\u0159 \u010dtvrtinu pacient\u016f, velice \u017e\u00e1douc\u00ed je to v p\u0159\u00edpad\u011b hlavn\u011b vysok\u00fdch dioptri\u00ed, kde pacient nem\u00e1 v tom mezidob\u00ed mezi prvn\u00edm a druh\u00fdm okem rozd\u00edln\u00fd po\u010det dioptri\u00ed na obou o\u010d\u00edch. Tak\u00e9 je to v\u00fdhodn\u00e9 v p\u0159\u00edpad\u011b del\u0161\u00ed dojezdov\u00e9 vzd\u00e1lenosti nebo u h\u016f\u0159e mobiln\u00edch pacient\u016f. Ta oboustrann\u00e1 operace, pokud jsou\u00a0<strong>posti\u017een\u00e9<\/strong>\u00a0ob\u011b o\u010di, tak ur\u010dit\u011b bych doporu\u010dovala n\u011bjakou krat\u0161\u00ed vzd\u00e1lenost mezi operac\u00ed, stejn\u011b k tomu dojde a je v\u00fdhodn\u00e9, i pokud po operaci budeme pot\u0159eba n\u011bjak\u00e9 br\u00fdle, tak \u010dek\u00e1me vlastn\u011b na operaci druh\u00e9ho oka, abychom si pak mohli nechat zhotovit ty nov\u00e9 br\u00fdle a mohli je pou\u017e\u00edvat na \u010dten\u00ed nebo na d\u00e1lku.<br \/><br \/>Ji\u0159\u00ed Holoubek, moder\u00e1tor<br \/>&#8212;&#8212;&#8212;&#8212;&#8212;&#8212;&#8211;<br \/>A posledn\u00ed bod z tohoto dotazu. Omezen\u00ed po operaci. A v z\u00e1sad\u011b jde o pr\u00e1ci, kdy je mo\u017eno, t\u0159eba vr\u00e1tit se do pr\u00e1ce nebo dokonce pracovat na zahrad\u011b.<br \/><br \/>Dr. Andrea janekov\u00e1<br \/>&#8212;&#8212;&#8212;&#8212;&#8212;&#8212;&#8211;<br \/>Tak to hlavn\u00ed omezen\u00ed je z rizika infekce, tedy nedoporu\u010dujeme se koupat v baz\u00e9nu, chodit do sauny, a to p\u0159ibli\u017en\u011b jeden m\u011bs\u00edc po operaci. N\u011bjak\u00e1 leh\u010d\u00ed aktivita t\u00fdden po operaci je v po\u0159\u00e1dku. V p\u0159\u00edpad\u011b kancel\u00e1\u0159sk\u00e9 pr\u00e1ce pacienti mohou pracovat v podstat\u011b druh\u00fd den.<br \/><br \/>mluv\u010d\u00ed 4,<br \/>&#8212;&#8212;&#8212;&#8212;&#8212;&#8212;&#8211;<br \/>Dobr\u00fd den, jsem po operaci \u0161ed\u00e9ho z\u00e1kalu na obou o\u010d\u00edch, lev\u00e9 oko je \u00fapln\u011b bez pot\u00ed\u017e\u00ed, byla jsem v dubnu na t\u011bch operac\u00edch a prav\u00e9 oko, kter\u00e9 m\u00e1m na \u010dten\u00ed, m\u00e1m tam 2,5 dioptrie, tak ve\u010der je jako takov\u00e9 unaven\u00e9, bol\u00ed m\u011b za n\u00edm a je za\u010dervenal\u00e9. Jestli je to norm\u00e1ln\u00ed, nebo ne.<br \/><br \/>Dr. Andrea janekov\u00e1<br \/>&#8212;&#8212;&#8212;&#8212;&#8212;&#8212;&#8211;<br \/>Tak prim\u00e1rn\u011b t\u011b\u017ek\u00e9 vy\u0161et\u0159ovat po r\u00e1diu. Ale pokud je v\u0161echno z b\u011b\u017en\u00e9 prohl\u00eddky v po\u0159\u00e1dku, tak bych ur\u010dit\u011b doporu\u010dila u\u017e\u00edv\u00e1n\u00ed n\u011bjak\u00fdch um\u011bl\u00fdch slz. Jsou to kapky, kter\u00e9 oko zvlh\u010duj\u00ed a mohou v tom poopera\u010dn\u00edm obdob\u00ed, i kdy\u017e u\u017e to je del\u0161\u00ed dobu po operaci, napomoci pr\u00e1v\u011b t\u011bm projev\u016fm za\u010derven\u00e1n\u00ed a nebo pocit\u016f tlaku v oku. Samoz\u0159ejm\u011b v\u0161echna vy\u0161et\u0159en\u00ed z b\u011b\u017en\u00e9 prohl\u00eddky mus\u00ed b\u00fdt v po\u0159\u00e1dku, jinak bysme l\u00e9\u010dili tu p\u0159\u00ed\u010dinu.<br \/><br \/>Ji\u0159\u00ed Holoubek, moder\u00e1tor<br \/>&#8212;&#8212;&#8212;&#8212;&#8212;&#8212;&#8211;<br \/>kdy\u017e jsme mluvili o t\u011bch operac\u00edch, pan\u00ed doktorko, dal\u0161\u00ed m\u00fdtus, kter\u00fd jsme si poznamenali, je, \u017ee \u0161ed\u00fd z\u00e1kal lze l\u00e9\u010dit i jinak, t\u0159eba kapkami, vitaminy atp. je to v\u016fbec mo\u017en\u00e9? Nebo je to nesmysl?<br \/><br \/>Dr. Andrea janekov\u00e1<br \/>&#8212;&#8212;&#8212;&#8212;&#8212;&#8212;&#8211;<br \/>Mo\u017en\u00e9 to nen\u00ed. Pouze jedin\u00e1 l\u00e9\u010dba \u0161ed\u00e9ho z\u00e1kalu je operac\u00ed, \u017e\u00e1dn\u00e9 kapi\u010dky, \u00faprava \u017eivotn\u00edho stylu nebo vitaminy nejsou prosp\u011b\u0161n\u00e9 v t\u00e9 l\u00e9\u010db\u011b, opravdu je to v\u011bkem podm\u00edn\u011bn\u00e9.<br \/><br \/>\u0160\u00e1rka Volemanov\u00e1, moder\u00e1torka<br \/>&#8212;&#8212;&#8212;&#8212;&#8212;&#8212;&#8211;<br \/>V\u011bkem podm\u00edn\u011bn\u00e9, to znamen\u00e1, je to odpov\u011b\u010f i na ot\u00e1zku na\u0161\u00ed poslucha\u010dky v esemesce, jestli existuje n\u011bjak\u00e1 prevence?<br \/><br \/>Dr. Andrea janekov\u00e1<br \/>&#8212;&#8212;&#8212;&#8212;&#8212;&#8212;&#8211;<br \/>P\u0159esn\u011b tak. N\u011bkter\u00e9 z\u00e1kaly samoz\u0159ejm\u011b se t\u00fdkaj\u00ed i d\u011bt\u00ed a mlad\u0161\u00edch dosp\u011bl\u00fdch, ale v\u011bt\u0161ina t\u011bch z\u00e1kal\u016f je v\u011bkem podm\u00edn\u011bn\u00fdch. Jeden z faktor\u016f, kter\u00fd mohou p\u0159isp\u00edvat ke vzniku \u0161ed\u00e9ho z\u00e1kalu, je kou\u0159en\u00ed, jako\u017eto ten m\u00e1 vliv na v\u00edce org\u00e1n\u016f v na\u0161em t\u011ble.<br \/><br \/>mluv\u010d\u00ed 5,<br \/>&#8212;&#8212;&#8212;&#8212;&#8212;&#8212;&#8211;<br \/>Dobr\u00fd den. te\u010f je mi 85, tak kolem t\u00fd sedmdes\u00e1tky jsem byl na operaci obou dvou o\u010d\u00ed, \u0161ed\u00e9ho z\u00e1kalu, vid\u011bl jsem senza\u010dn\u011b barvy, v\u0161ecko bez br\u00fdl\u00ed, ale v posledn\u00edch dvou letech se mi to zhor\u0161uje. A jestli lze znovu operovat, anebo u\u017e to korigovat pouze br\u00fdlemi?<br \/><br \/>Dr. Andrea janekov\u00e1<br \/>&#8212;&#8212;&#8212;&#8212;&#8212;&#8212;&#8211;<br \/>To je v\u00fdborn\u00fd dotaz. J\u00e1 bych zde zm\u00ednila to, \u017ee n\u011bkdy se \u0159\u00edk\u00e1, \u017ee se \u0161ed\u00fd z\u00e1kal m\u016f\u017ee vr\u00e1tit. Nev\u00edme, zda to je p\u0159\u00edpad na\u0161eho poslucha\u010de, ale ta \u010do\u010dka um\u011bl\u00e1 se vkl\u00e1d\u00e1 do pouzdra \u010do\u010dky p\u016fvodn\u00ed, t\u00edm, \u017ee to p\u016fvodn\u00ed pouzdro je biologick\u00fd materi\u00e1l, tak zde se mno\u017e\u00ed bu\u0148ky a proliferuj\u00ed, a to pouzdro se \u010dasem m\u016f\u017ee zakalit, tedy fale\u0161n\u011b se m\u016f\u017eeme domn\u00edvat, \u017ee ten \u0161ed\u00fd z\u00e1kal op\u011bt vznikl. Ano, tento tzv. druhotn\u00fd \u0161ed\u00fd z\u00e1kal, vyskytuje se asi v 15:20 procentech, u pacient\u016f po operaci \u0161ed\u00e9ho z\u00e1kalu se l\u00e9\u010d\u00ed jednoduchou laserovou metodou, kdy se to zadn\u00ed pouzd\u00fdrko vy\u010dist\u00ed laserem a znovu se tento probl\u00e9m ji\u017e neopakuje. Co se t\u00fd\u010de na\u0161eho poslucha\u010de, dioptrie po operaci \u0161ed\u00e9ho z\u00e1kalu u\u017e jsou v\u00edcem\u00e9n\u011b st\u00e1le a u\u017e by se v\u011bkem a \u010dasem nem\u011bly m\u011bnit. Vzhledem k v\u011bku bych vylou\u010dila sp\u00ed\u0161e dal\u0161\u00ed onemocn\u011bn\u00ed, nap\u0159\u00edklad onemocn\u011bn\u00ed s\u00edtnice \u010di jin\u00e9 o\u010dn\u00ed struktury.<br \/><br \/>\u0160\u00e1rka Volemanov\u00e1, moder\u00e1torka<br \/>&#8212;&#8212;&#8212;&#8212;&#8212;&#8212;&#8211;<br \/>\u010cili dovy\u0161et\u0159it. To je rada asi pro na\u0161eho poslucha\u010de. Je\u0161t\u011b jeden aktu\u00e1ln\u00ed dotaz. Dobr\u00fd den, cht\u011bla bych se zeptat. Jsem druh\u00fd den po operaci \u0161ed\u00e9ho z\u00e1kalu na prav\u00e9m oku vid\u00edm jasn\u011bji, ale po\u0159\u00e1d jakoby rozmazan\u011b, je to b\u011b\u017en\u00e9?<br \/><br \/>Dr. Andrea janekov\u00e1<br \/>&#8212;&#8212;&#8212;&#8212;&#8212;&#8212;&#8211;<br \/>Ten n\u00e1vrat zrakov\u00fdch funkc\u00ed po operaci je velmi rozd\u00edln\u00fd u jednotliv\u00fdch pacient\u016f, n\u011bkte\u0159\u00ed pacienti vid\u00ed u\u017e na druh\u00fd den naprosto perfektn\u011b, u n\u011bkter\u00fdch to trv\u00e1 nap\u0159\u00edklad i t\u00fdden nebo d\u00e9le. Jde tak\u00e9 o to, co u\u017e jsme zm\u00ednili, ta \u010do\u010dka, pokud n\u011bkdo \u0161el na operaci s opravdu u\u017e maturovanou vyzr\u00e1lou \u010do\u010dkou, tak i to poopera\u010dn\u00ed hojen\u00ed bude del\u0161\u00ed, ale obecn\u011b b\u011bhem n\u011bkolika dn\u016f by se to vid\u011bn\u00ed m\u011blo rozjasnit po t\u00e9 operaci.<br \/><br \/>Ji\u0159\u00ed Holoubek, moder\u00e1tor<br \/>&#8212;&#8212;&#8212;&#8212;&#8212;&#8212;&#8211;<br \/>U\u017e jenom velmi stru\u010dn\u011b, pan\u00ed doktorko, vy jste \u0159\u00edkala, \u017ee n\u011bjak\u00fd \u010das po operaci nedoporu\u010dujete ty baz\u00e9ny, sauny a podobn\u011b? Tady se pt\u00e1 n\u011bkdo, za jak dlouho tedy m\u016f\u017ee do posilovny a pr\u00e1v\u011b do baz\u00e9nu nebo chozen\u00ed do sauny? Sta\u010d\u00ed \u0159\u00edct t\u00fdden, dva, m\u011bs\u00edc?<br \/><br \/>Dr. Andrea janekov\u00e1<br \/><br \/>&#8212;&#8212;&#8212;&#8212;&#8212;&#8212;&#8211;<br \/>Ten baz\u00e9n, ve\u0159ejn\u00e9 baz\u00e9ny, sauny bych eliminovala ty 3\u20134 t\u00fddny po operaci.<br \/><br \/>Ji\u0159\u00ed Holoubek, moder\u00e1tor<br \/>&#8212;&#8212;&#8212;&#8212;&#8212;&#8212;&#8211;<br \/>A dodatek. Napsal n\u00e1m Maty\u00e1\u0161 dev\u011btadvacetilet\u00fd a je tady PS. D\u011bkuji za operaci pan\u00ed doktorce, jej\u00ed operac\u00ed se mi v\u00fdrazn\u011b zlep\u0161il \u017eivot.<br \/><br \/>Dr. Andrea janekov\u00e1<br \/>&#8212;&#8212;&#8212;&#8212;&#8212;&#8212;&#8211;<br \/>To je moc hezk\u00e9, d\u011bkuji. A p\u00e1na si asi pamatuji. Operovala jsem ho minul\u00fd m\u011bs\u00edc.<br \/><br \/>\u0160\u00e1rka Volemanov\u00e1, moder\u00e1torka<br \/>&#8212;&#8212;&#8212;&#8212;&#8212;&#8212;&#8211;<br \/>Tak to byla pochvala na z\u00e1v\u011br na\u0161\u00ed dne\u0161n\u00ed poradny, cel\u00e1 byla moc fajn. Pan\u00ed doktorko, d\u011bkujeme za n\u00e1v\u0161t\u011bvu u n\u00e1s ve studiu a p\u0159ij\u010fte zas.<br \/><br \/><\/p>\n","protected":false},"excerpt":{"rendered":"<div class=\"mh-excerpt\"><p>V poradn\u011b \u010cRo Dvojka&nbsp;si pov\u00eddali o \u0161ed\u00e9m z\u00e1kalu a tak\u00e9 o m\u00fdtech okolo tohoto onemocn\u011bn\u00ed, hostem je pan\u00ed Dr. Andrea Janekov\u00e1, odborn\u00e1 o\u010dn\u00ed l\u00e9ka\u0159ka v <a class=\"mh-excerpt-more\" href=\"https:\/\/www.invarena.cz\/?p=43901\" title=\"M\u00fdty o \u0161ed\u00e9m z\u00e1kalu\">[&#8230;]<\/a><\/p>\n<\/div>","protected":false},"author":1,"featured_media":14174,"comment_status":"open","ping_status":"closed","sticky":false,"template":"","format":"standard","meta":{"footnotes":""},"categories":[11],"tags":[],"class_list":["post-43901","post","type-post","status-publish","format-standard","has-post-thumbnail","hentry","category-zdravi"],"_links":{"self":[{"href":"https:\/\/www.invarena.cz\/index.php?rest_route=\/wp\/v2\/posts\/43901","targetHints":{"allow":["GET"]}}],"collection":[{"href":"https:\/\/www.invarena.cz\/index.php?rest_route=\/wp\/v2\/posts"}],"about":[{"href":"https:\/\/www.invarena.cz\/index.php?rest_route=\/wp\/v2\/types\/post"}],"author":[{"embeddable":true,"href":"https:\/\/www.invarena.cz\/index.php?rest_route=\/wp\/v2\/users\/1"}],"replies":[{"embeddable":true,"href":"https:\/\/www.invarena.cz\/index.php?rest_route=%2Fwp%2Fv2%2Fcomments&post=43901"}],"version-history":[{"count":0,"href":"https:\/\/www.invarena.cz\/index.php?rest_route=\/wp\/v2\/posts\/43901\/revisions"}],"wp:featuredmedia":[{"embeddable":true,"href":"https:\/\/www.invarena.cz\/index.php?rest_route=\/wp\/v2\/media\/14174"}],"wp:attachment":[{"href":"https:\/\/www.invarena.cz\/index.php?rest_route=%2Fwp%2Fv2%2Fmedia&parent=43901"}],"wp:term":[{"taxonomy":"category","embeddable":true,"href":"https:\/\/www.invarena.cz\/index.php?rest_route=%2Fwp%2Fv2%2Fcategories&post=43901"},{"taxonomy":"post_tag","embeddable":true,"href":"https:\/\/www.invarena.cz\/index.php?rest_route=%2Fwp%2Fv2%2Ftags&post=43901"}],"curies":[{"name":"wp","href":"https:\/\/api.w.org\/{rel}","templated":true}]}}