{"id":43949,"date":"2023-11-28T05:05:43","date_gmt":"2023-11-28T04:05:43","guid":{"rendered":"https:\/\/www.invarena.cz\/?p=43949"},"modified":"2023-11-28T05:06:45","modified_gmt":"2023-11-28T04:06:45","slug":"muzikalovy-vecer-pro-vozickare","status":"publish","type":"post","link":"https:\/\/www.invarena.cz\/?p=43949","title":{"rendered":"Muzik\u00e1lov\u00fd ve\u010der pro\u00a0voz\u00ed\u010dk\u00e1\u0159e\u00a0\u00a0"},"content":{"rendered":"\n<p>Here\u010dka M\u00ed\u0161a Tome\u0161ov\u00e1 uspo\u0159\u00e1dala muzik\u00e1lov\u00fd ve\u010der pro\u00a0<strong>voz\u00ed\u010dk\u00e1\u0159e<\/strong>, p\u0159i\u0161la na n\u011bj zazp\u00edvat tak\u00e9 Ani\u010dka Slov\u00e1\u010dkov\u00e1. Hity z muzik\u00e1lu Hamlet Atlantida, Srdcov\u00fd kr\u00e1l nebo Vlasy se rozezn\u011bly divadlem Kalich, aby pom\u00e1haly. Here\u010dka Michaela Tome\u0161ov\u00e1 uspo\u0159\u00e1dala u\u017e dev\u00e1t\u00fd ro\u010dn\u00edk charitativn\u00edho koncertu Pro polovinu nebe, kter\u00fd se ka\u017edoro\u010dn\u011b kon\u00e1 p\u0159i p\u0159\u00edle\u017eitosti dne\u00a0<strong>zdravotn\u011b<\/strong>\u00a0<strong>posti\u017een\u00fdch<\/strong>.<br \/><br \/>CNN Prima News<\/p>\n\n\n\n<p>Michaela Tome\u0161ov\u00e1 <br \/>&#8212;&#8212;&#8212;&#8212;&#8212;&#8212;&#8211;<br \/>Ty p\u0159\u00edpravy jsou v\u017edycky velmi n\u00e1ro\u010dn\u00e9, proto\u017ee j\u00e1 m\u00e1m \u00fa\u017easn\u00fd t\u00fdm lid\u00ed, holek, kter\u00fd mi pom\u00e1haj\u00ed, ale spoustu v\u011bc\u00ed si \u010dlov\u011bk chce ud\u011blat s\u00e1m a j\u00e1 jsem takov\u00e1 jako hrd\u00e1 \u017eena, tak\u017ee jako jsem takov\u00e1 holka pro v\u0161echno, \u017ee za\u0159izuju prost\u011b ve\u0161ker\u00fd catering. Za\u0159\u00edzen\u00ed zp\u011bv\u00e1ky i \u017eidle.<br \/><br \/>, redaktorka<br \/>&#8212;&#8212;&#8212;&#8212;&#8212;&#8212;&#8211;<br \/>Cel\u00fd v\u00fdt\u011b\u017eek z ve\u010dera letos poputuje mal\u00e9mu chlapci, kter\u00fd je upoutan\u00fd na&nbsp;<strong>invalidn\u00ed<\/strong>&nbsp;voz\u00edk, a z\u00e1rove\u0148 na pomoc&nbsp;<strong>voz\u00ed\u010dk\u00e1\u0159\u016fm<\/strong>, kte\u0159\u00ed se st\u00e1vaj\u00ed ob\u011b\u0165mi krimin\u00e1ln\u00edch \u010din\u016f.<br \/><br \/>Michaela Tome\u0161ov\u00e1 <br \/>&#8212;&#8212;&#8212;&#8212;&#8212;&#8212;&#8211;<br \/>J\u00e1 m\u00e1m br\u00e1chu na&nbsp;<strong>invalidn\u00edm<\/strong>&nbsp;voz\u00edku, proto vlastn\u011b v\u017edycky pom\u00e1h\u00e1m prim\u00e1rn\u011b&nbsp;<strong>voz\u00ed\u010dk\u00e1\u0159\u016fm<\/strong>&nbsp;a br\u00e1chu jednou v metru okradli o telefon. Velmi jednodu\u0161e. Prost\u011b mu \u0159ekli, dej n\u00e1m telefon nebo t\u011b shod\u00edme z toho vozejku a on jim ho prost\u011b musel d\u00e1t, proto\u017ee tam byl s\u00e1m. Tak\u017ee jak se vlastn\u011b ty lidi m\u016f\u017eou br\u00e1nit, v\u010detn\u011b t\u0159eba \u00fatoku t\u0159eba na internetu a podobn\u011b.<br \/><br \/>mluv\u010d\u00ed 2,<br \/>&#8212;&#8212;&#8212;&#8212;&#8212;&#8212;&#8211;<br \/>Dneska vystupovala s Milanem Peroutkou, zp\u00edvali jste p\u00edsni\u010dku z Pom\u00e1dy? J\u00e1 jsem v\u00e1s cht\u011bla s Milanem na rozhovor dohromady, ale Milan mezit\u00edm odfr\u010del na leti\u0161t\u011b, proto\u017ee odl\u00edt\u00e1 do Nep\u00e1lu. Tak aspo\u0148 tebe se pt\u00e1m, jak sis to u\u017eila?<br \/><br \/>Michaela Tome\u0161ov\u00e1 <br \/>&#8212;&#8212;&#8212;&#8212;&#8212;&#8212;&#8211;<br \/>J\u00e1 jsem si to u\u017eila moc, bylo to rychl\u00fd, Milan p\u0159ifr\u010del a najednou zase odfr\u010del n\u011bkam pry\u010d. Jsme si to spolu nezkusili, ale v z\u00e1v\u011bru takov\u00fd vystoupen\u00ed b\u00fdv\u00e1 nejlep\u0161\u00ed.<br \/><br \/>mluv\u010d\u00ed 2,<br \/>&#8212;&#8212;&#8212;&#8212;&#8212;&#8212;&#8211;<br \/>Jak se jinak te\u010fka m\u00e1\u0161? Jak se ti da\u0159\u00ed?<br \/><br \/>Michaela Tome\u0161ov\u00e1 <br \/>&#8212;&#8212;&#8212;&#8212;&#8212;&#8212;&#8211;<br \/>M\u00e1m se dob\u0159e. Ka\u017ed\u00fd den, je to takov\u00fd jako jina\u010d\u00ed, ale, ale sna\u017e\u00edm se to prost\u011b br\u00e1t tak, jak to je a m\u00e1m te\u010fka p\u0159ed sebou spoustu pr\u00e1ce, ta adventn\u00ed doba je pro m\u011b opravdu kouzeln\u00e1 a sna\u017e\u00edm si vychutnat, co nejv\u00edc to jde a tenhle rok, a\u010dkoliv tam opravdu m\u00e1m t\u011bch koncert\u016f spoustu a jsem za to hrozn\u011b vd\u011b\u010dn\u00e1, \u017ee to tak dopadlo a t\u011b\u0161\u00edm se na ka\u017edou zast\u00e1vku, kter\u00e1 m\u011b s kapelou, s t\u00e1tou, s br\u00e1chou, s orchestrma \u010dek\u00e1, tak i tak jsme si tam dok\u00e1zali ud\u011blat doma \u010das.<br \/><br \/><\/p>\n","protected":false},"excerpt":{"rendered":"<div class=\"mh-excerpt\"><p>Here\u010dka M\u00ed\u0161a Tome\u0161ov\u00e1 uspo\u0159\u00e1dala muzik\u00e1lov\u00fd ve\u010der pro\u00a0voz\u00ed\u010dk\u00e1\u0159e, p\u0159i\u0161la na n\u011bj zazp\u00edvat tak\u00e9 Ani\u010dka Slov\u00e1\u010dkov\u00e1. Hity z muzik\u00e1lu Hamlet Atlantida, Srdcov\u00fd kr\u00e1l nebo Vlasy se rozezn\u011bly <a class=\"mh-excerpt-more\" href=\"https:\/\/www.invarena.cz\/?p=43949\" title=\"Muzik\u00e1lov\u00fd ve\u010der pro\u00a0voz\u00ed\u010dk\u00e1\u0159e\u00a0\u00a0\">[&#8230;]<\/a><\/p>\n<\/div>","protected":false},"author":1,"featured_media":43952,"comment_status":"open","ping_status":"closed","sticky":false,"template":"","format":"standard","meta":{"footnotes":""},"categories":[17],"tags":[],"class_list":["post-43949","post","type-post","status-publish","format-standard","has-post-thumbnail","hentry","category-kultura"],"_links":{"self":[{"href":"https:\/\/www.invarena.cz\/index.php?rest_route=\/wp\/v2\/posts\/43949","targetHints":{"allow":["GET"]}}],"collection":[{"href":"https:\/\/www.invarena.cz\/index.php?rest_route=\/wp\/v2\/posts"}],"about":[{"href":"https:\/\/www.invarena.cz\/index.php?rest_route=\/wp\/v2\/types\/post"}],"author":[{"embeddable":true,"href":"https:\/\/www.invarena.cz\/index.php?rest_route=\/wp\/v2\/users\/1"}],"replies":[{"embeddable":true,"href":"https:\/\/www.invarena.cz\/index.php?rest_route=%2Fwp%2Fv2%2Fcomments&post=43949"}],"version-history":[{"count":0,"href":"https:\/\/www.invarena.cz\/index.php?rest_route=\/wp\/v2\/posts\/43949\/revisions"}],"wp:featuredmedia":[{"embeddable":true,"href":"https:\/\/www.invarena.cz\/index.php?rest_route=\/wp\/v2\/media\/43952"}],"wp:attachment":[{"href":"https:\/\/www.invarena.cz\/index.php?rest_route=%2Fwp%2Fv2%2Fmedia&parent=43949"}],"wp:term":[{"taxonomy":"category","embeddable":true,"href":"https:\/\/www.invarena.cz\/index.php?rest_route=%2Fwp%2Fv2%2Fcategories&post=43949"},{"taxonomy":"post_tag","embeddable":true,"href":"https:\/\/www.invarena.cz\/index.php?rest_route=%2Fwp%2Fv2%2Ftags&post=43949"}],"curies":[{"name":"wp","href":"https:\/\/api.w.org\/{rel}","templated":true}]}}