{"id":43994,"date":"2023-11-29T06:29:17","date_gmt":"2023-11-29T05:29:17","guid":{"rendered":"https:\/\/www.invarena.cz\/?p=43994"},"modified":"2023-11-29T06:29:23","modified_gmt":"2023-11-29T05:29:23","slug":"vysokoskolaci-z-chudsich-rodin-by-mohli-dostavat-vyssi-socialni-stipendia","status":"publish","type":"post","link":"https:\/\/www.invarena.cz\/?p=43994","title":{"rendered":"Vysoko\u0161kol\u00e1ci z chud\u0161\u00edch rodin by mohli dost\u00e1vat vy\u0161\u0161\u00ed soci\u00e1ln\u00ed stipendia\u00a0\u00a0"},"content":{"rendered":"\n<p>Vysoko\u0161kol\u00e1ci z chud\u0161\u00edch rodin by mohli dost\u00e1vat vy\u0161\u0161\u00ed soci\u00e1ln\u00ed stipendia. Na podporu by taky mohlo dos\u00e1hnout v\u00edc \u017eadatel\u016f. P\u0159id\u011blov\u00e1n\u00ed soci\u00e1ln\u00edch stipendi\u00ed toti\u017e nejsp\u00ed\u0161 bude m\u00edt na starosti m\u00edsto Ministerstva \u0161kolstv\u00ed resort pr\u00e1ce a soci\u00e1ln\u00edch v\u011bc\u00ed.<br \/><br \/><strong>Radio\u017eurn\u00e1l\u00a0<\/strong><br \/>&#8212;&#8212;&#8212;&#8212;&#8212;&#8212;&#8211;<br \/>Dohodu potvrdil\u00a0<strong>ministr<\/strong>\u00a0<strong>pr\u00e1ce<\/strong>\u00a0Marian Jure\u010dka z KDU-\u010cSL. Rezort podle n\u011bj zm\u011bny zahrne do reformy soci\u00e1ln\u00edch d\u00e1vek.<br \/><br \/>Marian Jure\u010dka,\u00a0<strong>ministr<\/strong>\u00a0<strong>pr\u00e1ce<\/strong>\u00a0a soci\u00e1ln\u00edch v\u011bc\u00ed, vicepremi\u00e9r \/KDU-\u010cSL\/<br \/>&#8212;&#8212;&#8212;&#8212;&#8212;&#8212;&#8211;<br \/>Mn\u011b to p\u0159ijde nelogick\u00e9, \u017ee to m\u00e1 M\u0160MT, oni na toto nejsou za\u0159\u00edzen\u00ed, my jsme p\u0159ipraveni toto si p\u0159evz\u00edt, analyzovat to a t\u0159eba i s lep\u0161\u00edmi parametry.<br \/><br \/>redaktorka<br \/>&#8212;&#8212;&#8212;&#8212;&#8212;&#8212;&#8211;<br \/>Aktu\u00e1ln\u011b soci\u00e1ln\u00ed stipendium ve v\u00fd\u0161i 4 300 K\u010d pob\u00edraj\u00ed asi \u010dty\u0159i stovky z 300 000 student\u016f. O roz\u0161\u00ed\u0159en\u00ed podpory soci\u00e1ln\u011b znev\u00fdhodn\u011bn\u00fdch student\u016f dlouhodob\u011b usiluje Studentsk\u00e1 komora Rady vysok\u00fdch \u0161kol. Pokra\u010duje jej\u00ed p\u0159edseda Michal Farn\u00edk.<br \/><br \/>Michal Farn\u00edk, p\u0159edseda, Studentsk\u00e1 komora Rady vysok\u00fdch \u0161kol<br \/>&#8212;&#8212;&#8212;&#8212;&#8212;&#8212;&#8211;<br \/>Z\u00e1rove\u0148 jsme se dohodli s Ministerstvem \u0161kolstv\u00ed na n\u011bjak\u00e9m, \u0159ekn\u011bme, ak\u010dn\u00edm pl\u00e1nu, kter\u00fd posune d\u00e1l p\u0159\u00edpravu bez\u00faro\u010dn\u00fdch studentsk\u00fdch p\u016fj\u010dek.<br \/><br \/>Kate\u0159ina Be\u010dkov\u00e1, redaktorka<br \/>&#8212;&#8212;&#8212;&#8212;&#8212;&#8212;&#8211;<br \/>Ministerstvo pr\u00e1ce a soci\u00e1ln\u00edch v\u011bc\u00ed by m\u011blo m\u00edt p\u0159id\u011blov\u00e1n\u00ed soci\u00e1ln\u00edch stipendi\u00ed na starosti od roku 2025. <\/p>\n\n\n\n<p> Radio\u017eurn\u00e1l.<\/p>\n","protected":false},"excerpt":{"rendered":"<div class=\"mh-excerpt\"><p>Vysoko\u0161kol\u00e1ci z chud\u0161\u00edch rodin by mohli dost\u00e1vat vy\u0161\u0161\u00ed soci\u00e1ln\u00ed stipendia. Na podporu by taky mohlo dos\u00e1hnout v\u00edc \u017eadatel\u016f. P\u0159id\u011blov\u00e1n\u00ed soci\u00e1ln\u00edch stipendi\u00ed toti\u017e nejsp\u00ed\u0161 bude m\u00edt <a class=\"mh-excerpt-more\" href=\"https:\/\/www.invarena.cz\/?p=43994\" title=\"Vysoko\u0161kol\u00e1ci z chud\u0161\u00edch rodin by mohli dost\u00e1vat vy\u0161\u0161\u00ed soci\u00e1ln\u00ed stipendia\u00a0\u00a0\">[&#8230;]<\/a><\/p>\n<\/div>","protected":false},"author":1,"featured_media":24438,"comment_status":"open","ping_status":"closed","sticky":false,"template":"","format":"standard","meta":{"footnotes":""},"categories":[9],"tags":[],"class_list":["post-43994","post","type-post","status-publish","format-standard","has-post-thumbnail","hentry","category-zpravy"],"_links":{"self":[{"href":"https:\/\/www.invarena.cz\/index.php?rest_route=\/wp\/v2\/posts\/43994","targetHints":{"allow":["GET"]}}],"collection":[{"href":"https:\/\/www.invarena.cz\/index.php?rest_route=\/wp\/v2\/posts"}],"about":[{"href":"https:\/\/www.invarena.cz\/index.php?rest_route=\/wp\/v2\/types\/post"}],"author":[{"embeddable":true,"href":"https:\/\/www.invarena.cz\/index.php?rest_route=\/wp\/v2\/users\/1"}],"replies":[{"embeddable":true,"href":"https:\/\/www.invarena.cz\/index.php?rest_route=%2Fwp%2Fv2%2Fcomments&post=43994"}],"version-history":[{"count":0,"href":"https:\/\/www.invarena.cz\/index.php?rest_route=\/wp\/v2\/posts\/43994\/revisions"}],"wp:featuredmedia":[{"embeddable":true,"href":"https:\/\/www.invarena.cz\/index.php?rest_route=\/wp\/v2\/media\/24438"}],"wp:attachment":[{"href":"https:\/\/www.invarena.cz\/index.php?rest_route=%2Fwp%2Fv2%2Fmedia&parent=43994"}],"wp:term":[{"taxonomy":"category","embeddable":true,"href":"https:\/\/www.invarena.cz\/index.php?rest_route=%2Fwp%2Fv2%2Fcategories&post=43994"},{"taxonomy":"post_tag","embeddable":true,"href":"https:\/\/www.invarena.cz\/index.php?rest_route=%2Fwp%2Fv2%2Ftags&post=43994"}],"curies":[{"name":"wp","href":"https:\/\/api.w.org\/{rel}","templated":true}]}}