{"id":43997,"date":"2023-11-29T06:37:55","date_gmt":"2023-11-29T05:37:55","guid":{"rendered":"https:\/\/www.invarena.cz\/?p=43997"},"modified":"2023-11-29T06:38:00","modified_gmt":"2023-11-29T05:38:00","slug":"v-cesku-pracuje-60-ukrajinskych-uprchliku","status":"publish","type":"post","link":"https:\/\/www.invarena.cz\/?p=43997","title":{"rendered":"V \u010cesku pracuje 60 % ukrajinsk\u00fdch uprchl\u00edk\u016f\u00a0\u00a0"},"content":{"rendered":"\n<p>V \u010cesku tento t\u00fdden pracovalo 122 000 uprchl\u00edk\u016f z Ukrajiny. Z t\u011bch v produktivn\u00edm v\u011bku je to asi 60 %. Podle\u00a0<strong>ministra<\/strong>\u00a0<strong>pr\u00e1ce<\/strong>\u00a0k vysok\u00e9 zam\u011bstnanosti p\u0159isp\u011blo nastaven\u00ed podpory, kter\u00e1 se zm\u011bnila od \u010dervence. Podm\u00ednkou jejich dal\u0161\u00ed integrace na pracovn\u00ed trh z\u016fst\u00e1v\u00e1 jazykov\u00e9 vzd\u011bl\u00e1v\u00e1n\u00ed.<\/p>\n\n\n\n<p>\u010cT 1\u00a0&#8211; Ud\u00e1losti<br \/><br \/>Marian JURE\u010cKA, vicepremi\u00e9r,\u00a0<strong>ministr<\/strong>\u00a0<strong>pr\u00e1ce<\/strong>\u00a0a soci\u00e1ln\u00edch v\u011bc\u00ed \/KDU-\u010cSL\/<br \/>&#8212;&#8212;&#8212;&#8212;&#8212;&#8212;&#8211;<br \/>V leto\u0161n\u00edm roce to, kolik ukrajin\u0161t\u00ed pracuj\u00edc\u00ed uprchl\u00edci zaplat\u00ed na odvodech v\u016f\u010di tomu st\u00e1tu, tak to bude vy\u0161\u0161\u00ed \u010d\u00e1stka, ne\u017e kolik st\u00e1t vydal na v\u00fddaj\u00edch na podporu ukrajinsk\u00fdch uprchl\u00edk\u016f<\/p>\n","protected":false},"excerpt":{"rendered":"<div class=\"mh-excerpt\"><p>V \u010cesku tento t\u00fdden pracovalo 122 000 uprchl\u00edk\u016f z Ukrajiny. Z t\u011bch v produktivn\u00edm v\u011bku je to asi 60 %. Podle\u00a0ministra\u00a0pr\u00e1ce\u00a0k vysok\u00e9 zam\u011bstnanosti p\u0159isp\u011blo nastaven\u00ed <a class=\"mh-excerpt-more\" href=\"https:\/\/www.invarena.cz\/?p=43997\" title=\"V \u010cesku pracuje 60 % ukrajinsk\u00fdch uprchl\u00edk\u016f\u00a0\u00a0\">[&#8230;]<\/a><\/p>\n<\/div>","protected":false},"author":1,"featured_media":18087,"comment_status":"open","ping_status":"closed","sticky":false,"template":"","format":"standard","meta":{"footnotes":""},"categories":[9],"tags":[],"class_list":["post-43997","post","type-post","status-publish","format-standard","has-post-thumbnail","hentry","category-zpravy"],"_links":{"self":[{"href":"https:\/\/www.invarena.cz\/index.php?rest_route=\/wp\/v2\/posts\/43997","targetHints":{"allow":["GET"]}}],"collection":[{"href":"https:\/\/www.invarena.cz\/index.php?rest_route=\/wp\/v2\/posts"}],"about":[{"href":"https:\/\/www.invarena.cz\/index.php?rest_route=\/wp\/v2\/types\/post"}],"author":[{"embeddable":true,"href":"https:\/\/www.invarena.cz\/index.php?rest_route=\/wp\/v2\/users\/1"}],"replies":[{"embeddable":true,"href":"https:\/\/www.invarena.cz\/index.php?rest_route=%2Fwp%2Fv2%2Fcomments&post=43997"}],"version-history":[{"count":0,"href":"https:\/\/www.invarena.cz\/index.php?rest_route=\/wp\/v2\/posts\/43997\/revisions"}],"wp:featuredmedia":[{"embeddable":true,"href":"https:\/\/www.invarena.cz\/index.php?rest_route=\/wp\/v2\/media\/18087"}],"wp:attachment":[{"href":"https:\/\/www.invarena.cz\/index.php?rest_route=%2Fwp%2Fv2%2Fmedia&parent=43997"}],"wp:term":[{"taxonomy":"category","embeddable":true,"href":"https:\/\/www.invarena.cz\/index.php?rest_route=%2Fwp%2Fv2%2Fcategories&post=43997"},{"taxonomy":"post_tag","embeddable":true,"href":"https:\/\/www.invarena.cz\/index.php?rest_route=%2Fwp%2Fv2%2Ftags&post=43997"}],"curies":[{"name":"wp","href":"https:\/\/api.w.org\/{rel}","templated":true}]}}