{"id":44003,"date":"2023-11-29T06:59:39","date_gmt":"2023-11-29T05:59:39","guid":{"rendered":"https:\/\/www.invarena.cz\/?p=44003"},"modified":"2023-11-29T06:59:40","modified_gmt":"2023-11-29T05:59:40","slug":"o-predcasne-narozenych-detech","status":"publish","type":"post","link":"https:\/\/www.invarena.cz\/?p=44003","title":{"rendered":"O p\u0159ed\u010dasn\u011b narozen\u00fdch d\u011btech"},"content":{"rendered":"\n<p>Kdy\u017e se narod\u00ed miminko do rodiny p\u0159ed\u010dasn\u011b, to je t\u00e9ma pro pov\u00edd\u00e1n\u00ed s psycholo\u017ekou Gabrielou Zelenkovou v\u00a0po\u0159adu \u010cesk\u00e9ho rozhlasu K\u00e1va o \u010dtvrt\u00e9.<\/p>\n\n\n\n<p>moder\u00e1torka<br \/>&#8212;&#8212;&#8212;&#8212;&#8212;&#8212;&#8211;<br \/>P\u0159ed\u010dasn\u00fd porod asi vyvol\u00e1 pr\u00e1v\u011b akutn\u00ed stresovou situaci, tak jak v takov\u00e9 situaci reaguje matka? Z pohledu psychologa?<br \/><br \/>psycholo\u017eka Gabriela Zelenkov\u00e1<br \/>&#8212;&#8212;&#8212;&#8212;&#8212;&#8212;&#8211;<br \/>V z\u00e1sad\u011b jsou dv\u011b mo\u017enosti, m\u00e1me dva typy maminek, ten prvn\u00ed typ reaguje tak, \u017ee ty maminky m\u016f\u017eou b\u00fdt takov\u00e9 zrychlen\u00e9. Zaj\u00edmaj\u00ed se o v\u0161echno, cht\u011bj\u00ed ty informace, maj\u00ed tam mnoho emoc\u00ed, m\u016f\u017eou b\u00fdt i zlostn\u00e9, mo\u017en\u00e1 v\u00fdbu\u0161n\u00e9 na ten person\u00e1l, ale je to takov\u00e1 ta p\u0159irozen\u00e1 reakce, kterou bychom tam asi o\u010dek\u00e1vali a na ni m\u016f\u017eeme reagovat a um\u00edme reagovat. A druh\u00fdm typem maminek je opak, \u017ee jakoby zamrznou, jsou mo\u017en\u00e1 emo\u010dn\u011b oplo\u0161t\u011bl\u00e9 a ty jejich p\u0159irozen\u00e9 pocity nenastupuj\u00ed a tyto maminky jsou pr\u00e1v\u011b \u010dasto skryt\u00e9 tomu person\u00e1lu a mus\u00edme si v\u00edce vyhled\u00e1vat my jako psychologov\u00e9 a soust\u0159edit se pr\u00e1v\u011b na n\u011b.<br \/><br \/>Patricie Strouhalov\u00e1, moder\u00e1torka<br \/>&#8212;&#8212;&#8212;&#8212;&#8212;&#8212;&#8211;<br \/>A jak pr\u00e1v\u011b se na n\u011b soust\u0159ed\u00edte? Jak s nimi pracujete jako psycholog s jedn\u00edm, i s t\u00edm druh\u00fdm typem maminek, co pot\u0159ebuj\u00ed.<br \/><br \/>psycholo\u017eka Gabriela Zelenkov\u00e1<br \/>&#8212;&#8212;&#8212;&#8212;&#8212;&#8212;&#8211;<br \/>Ten prvn\u00ed typ maminek, kter\u00e9 vyhled\u00e1vaj\u00ed ty informace, tak ty je pot\u0159eba sp\u00ed\u0161e usm\u011br\u0148ovat, aby se t\u0159eba nenechaly zahltit p\u0159em\u00edru mno\u017estv\u00ed informac\u00ed, kter\u00e9 si m\u016f\u017eou dohledat na internetu a soust\u0159edily se na tu situaci tedy. A te\u010f na to sv\u00e9 miminko, na to, jak ono to m\u00e1 a s t\u00edmto typem maminek se docela dob\u0159e pracuje, na druhou stranu s t\u00edm typem maminek, kter\u00e9 si to nep\u0159ipou\u0161t\u00ed k sob\u011b. To je p\u0159irozen\u00e1 obrana, reakce organismu. Tak s t\u011bmi je pot\u0159eba na to j\u00edt pomalinku po kr\u016f\u010dk\u00e1ch a respektovat i t\u0159eba to, \u017ee si pot\u0159ebuj\u00ed odej\u00edt z t\u00e9 nemocnice, \u017ee pot\u0159ebuj\u00ed \u010das na to si zpracovat tu situaci, d\u00e1vkovat jim ty informace po kous\u00ed\u010dk\u00e1ch.<br \/><br \/>Patricie Strouhalov\u00e1, moder\u00e1torka<br \/>&#8212;&#8212;&#8212;&#8212;&#8212;&#8212;&#8211;<br \/>No a pr\u00e1v\u011b co se m\u016f\u017ee st\u00e1t, kdy\u017e maminka anebo rodi\u010de dohromady tu situaci p\u0159ed\u010dasn\u00e9ho porodu pr\u00e1v\u011b dob\u0159e emo\u010dn\u011b nezpracuj\u00ed.<br \/><br \/>psycholo\u017eka Gabriela Zelenkov\u00e1<br \/>&#8212;&#8212;&#8212;&#8212;&#8212;&#8212;&#8211;<br \/>Tak s t\u00edm \u017eij\u00ed po del\u0161\u00ed \u010das, do jist\u00e9 m\u00edry a do ur\u010dit\u00e9ho \u010dasu je to mo\u017en\u00e9 ch\u00e1pat jako b\u011b\u017enou reakci, hovo\u0159\u00ed se zhruba asi do m\u011bs\u00edce trv\u00e1n\u00ed. Pokud ten jejich nep\u0159\u00edzniv\u00fd emo\u010dn\u00ed stav trv\u00e1 d\u00e9le, tak u n\u011bkter\u00fdch rodi\u010d\u016f to m\u016f\u017ee p\u0159ej\u00edt i do tzv. posttraumatick\u00e9 stresov\u00e9 poruchy, se kterou se setk\u00e1v\u00e1me tedy i u rodi\u010d\u016f p\u0159ed\u010dasn\u011b narozen\u00fdch d\u011bt\u00ed. A je to pom\u011brn\u011b ve velk\u00e9m procentu. Zahrani\u010dn\u00ed v\u00fdzkumy ud\u00e1vaj\u00ed, \u017ee to m\u016f\u017ee b\u00fdt a\u017e u poloviny \u017een je\u0161t\u011b rok po p\u0159ed\u010dasn\u00e9m porodu.<br \/><br \/>Patricie Strouhalov\u00e1, moder\u00e1torka<br \/>&#8212;&#8212;&#8212;&#8212;&#8212;&#8212;&#8211;<br \/>Jak\u00e9 jsou jejich projevy?<br \/><br \/>psycholo\u017eka Gabriela Zelenkov\u00e1<br \/>&#8212;&#8212;&#8212;&#8212;&#8212;&#8212;&#8211;<br \/>Projevy jsou hlavn\u011b opakovan\u00e9 znovu pro\u017e\u00edv\u00e1n\u00ed t\u00e9 situace, tzv. flashbacky, kdy se rodi\u010d\u016fm vybavuj\u00ed ty situace p\u0159ed\u010dasn\u00e9ho porodu a toho, co n\u00e1sledovalo, vyh\u00fdb\u00e1n\u00ed se ur\u010dit\u00fdm situac\u00edm a t\u0159eba prost\u0159ed\u00ed t\u00e9 nemocnice, tak\u017ee takov\u00fdto rodi\u010de neradi chod\u00ed na ty kontroly nebo necht\u011bj\u00ed b\u00fdt hospitalizovan\u00ed s d\u00edt\u011btem, pot\u0159ebuj\u00ed odch\u00e1zet dom\u016f.<br \/><br \/>Patricie Strouhalov\u00e1, moder\u00e1torka<br \/>&#8212;&#8212;&#8212;&#8212;&#8212;&#8212;&#8211;<br \/>Asi by m\u011bli vyhledat pomoc psychologa, psychoterapeuta, prost\u011b by nem\u011bli z\u016fst\u00e1vat sami, ale je pro n\u011b ta psychologick\u00e1 pomoc v\u017edy dostupn\u00e1?<br \/><br \/>psycholo\u017eka Gabriela Zelenkov\u00e1<br \/>&#8212;&#8212;&#8212;&#8212;&#8212;&#8212;&#8211;<br \/>P\u0159esn\u011b tak. D\u011bkuji za ot\u00e1zku. Ur\u010dit\u011b by na to nem\u011bli z\u016fst\u00e1vat sami a m\u011bli by vyhledat pomoc psychologa, p\u0159\u00edpadn\u011b psychoterapeuta, v tomto p\u0159\u00edpad\u011b ur\u010dit\u011b ide\u00e1ln\u00ed by bylo, kdyby ka\u017ed\u00e9 perinatologick\u00e9 centrum, kde se staraj\u00ed o ty t\u011b\u017ece nezral\u00e9 miminka, m\u011blo k dispozici jednoho psychologa p\u0159\u00edmo na odd\u011blen\u00ed, kter\u00fd by se staral o rodi\u010de je\u0161t\u011b b\u011bhem hospitalizace, a jednoho psychologa potom v neonatologick\u00e9 ambulanci, kam chod\u00ed rodi\u010de s d\u011btmi na kontrolu.<br \/><br \/>Patricie Strouhalov\u00e1, moder\u00e1torka<br \/>&#8212;&#8212;&#8212;&#8212;&#8212;&#8212;&#8211;<br \/>L\u00e9ka\u0159i jsou dnes schopni zachr\u00e1nit naprosto v\u011bt\u0161inu t\u011bchto narozen\u00fdch d\u011bt\u00ed, jak se vytv\u00e1\u0159\u00ed ten vztah mezi matkou a d\u00edt\u011btem, jak je to u obou t\u011bch psychologick\u00fdch typech matky, tak, jak jste o tom mluvila, \u017ee bu\u010f je to maminka p\u0159\u00edli\u0161 aktivn\u00ed, anebo moc nereaguje.<br \/><br \/>psycholo\u017eka Gabriela Zelenkov\u00e1<br \/>&#8212;&#8212;&#8212;&#8212;&#8212;&#8212;&#8211;<br \/>Je to tak, \u017ee p\u0159i opakuj\u00edc\u00edm se kontaktu maminky s d\u00edt\u011btem doch\u00e1z\u00ed v pr\u016fb\u011bhu \u010dasu k vz\u00e1jemn\u00e9mu vyla\u010fov\u00e1n\u00ed se, a to jejich autonomn\u00edch neurologick\u00fdch i endokrinn\u00edch syst\u00e9m\u016f, co\u017e vede pr\u00e1v\u011b k vytv\u00e1\u0159en\u00ed t\u00e9 jedine\u010dn\u00e9 vazby mezi maminkou a d\u00edt\u011btem. U t\u011bch aktivn\u00edch maminek to b\u00fdv\u00e1 jednodu\u0161\u0161\u00ed, proto\u017ee ty do toho jdou tak n\u011bjak srdcem a p\u0159irozen\u011b. U t\u011bch maminek, kter\u00e9 se sp\u00ed\u0161e stran\u00ed, do toho mus\u00ed vstoupit \u010dasto ti zdravotn\u00edci nebo my jako psychologov\u00e9 a tro\u0161i\u010dku jim pomoci takzvan\u011b je nakopnout, aby se t\u0159eba neb\u00e1li si na to sv\u00e9 d\u00edt\u011b s\u00e1hnout, podpo\u0159it je v klok\u00e1nkov\u00e1n\u00ed, co\u017e je metoda, kdy se p\u0159ikl\u00e1d\u00e1 to d\u00edt\u011b na Hol\u00fd hrudn\u00edk, bu\u010fto m\u00e1my, nebo t\u00e1ty a spole\u010dn\u011b to m\u016f\u017ee taky velmi podpo\u0159it ten ran\u00fd kontakt a vytv\u00e1\u0159en\u00ed toho citov\u00e9ho pouta.<br \/><br \/>Patricie Strouhalov\u00e1, moder\u00e1torka<br \/>&#8212;&#8212;&#8212;&#8212;&#8212;&#8212;&#8211;A kdy naopak m\u016f\u017ee b\u00fdt naru\u0161ena vazba matka d\u00edt\u011b po p\u0159ed\u010dasn\u00e9m porodu?<\/p>\n\n\n\n<p><br \/>psycholo\u017eka Gabriela Zelenkov\u00e1<br \/>&#8212;&#8212;&#8212;&#8212;&#8212;&#8212;&#8211;<br \/>Nap\u0159\u00edklad v situaci, kdy d\u00edt\u011b mus\u00ed b\u00fdt po porodu z hlediska jeho zdravotn\u00edho stavu odneseno t\u00e9 matce z porodn\u00edho s\u00e1lu a taky t\u00edm, \u017ee je um\u00edst\u011bno do inkub\u00e1tor\u016f, tak\u017ee by\u0165 rodi\u010de jsou podporov\u00e1ni v tom, aby si na to d\u00edt\u011b sahali, tak p\u0159ece jenom u\u017e je tam n\u011bjak\u00e1 ta bari\u00e9ra a u\u017e m\u016f\u017ee b\u00fdt ten kontakt naru\u0161en\u00fd, proto\u017ee je to n\u011bco naprosto jin\u00e9ho od t\u00e9 situace, kdy si to miminko hned \u017eena pochov\u00e1 v n\u00e1ru\u010d\u00ed a m\u016f\u017ee ho m\u00edt kdykoliv u sebe, tak tady p\u0159ich\u00e1z\u00ed v prvn\u00ed f\u00e1zi pouze jako n\u00e1v\u0161t\u011bva za t\u00edm d\u00edt\u011btem k inkub\u00e1toru a ta vazba logicky je naprosto jin\u00e1 a mus\u00ed se vybudovat.<br \/><br \/>Patricie Strouhalov\u00e1, moder\u00e1torka<br \/>&#8212;&#8212;&#8212;&#8212;&#8212;&#8212;&#8211;<br \/>Asi si dovedeme p\u0159edstavit, jak\u00e9 to m\u016f\u017ee m\u00edt d\u016fsledky pro maminku, ale jak\u00e9 to m\u00e1 pro d\u00edt\u011b. V\u00edme to?<br \/><br \/>psycholo\u017eka Gabriela Zelenkov\u00e1<br \/>&#8212;&#8212;&#8212;&#8212;&#8212;&#8212;&#8211;<br \/>To m\u00e1 d\u016fsledky v tom, \u017ee je to pro n\u011bj tak\u00e9 nov\u00e1, jin\u00e1 situace. M\u016f\u017ee to b\u00fdt n\u011bjak\u00fd stres, by\u0165 pokud se zase pod\u00edv\u00e1me na ta neonatologick\u00e1 odd\u011blen\u00ed, tak ud\u011blali obrovsk\u00fd, \u0159ekla bych, neuv\u011b\u0159iteln\u00fd pokrok za posledn\u00edch 10 let, tak\u017ee ta miminka tam le\u017e\u00ed te\u010fka v r\u016fzn\u00fdch pel\u00ed\u0161c\u00edch, aby se jim pr\u00e1v\u011b simulovalo to p\u0159irozen\u00e9 prost\u0159ed\u00ed d\u011blohy, proto\u017ee oni m\u011bly b\u00fdt v&nbsp;d\u011bloze. B\u00fdvaj\u00ed t\u0159eba p\u0159ekryty i l\u00e1tkou, aby tam bylo takov\u00e9 p\u0159\u00edtm\u00ed, co nejv\u011bt\u0161\u00ed klid. Ur\u010dit\u011b by rodi\u010de m\u011bli v\u011bd\u011bt, \u017ee u inkub\u00e1toru se nemluv\u00ed nahlas, m\u011bli by sp\u00ed\u0161e \u0161eptat a je dobr\u00e9 a d\u016fle\u017eit\u00e9 na ty sv\u00e9 d\u011bti mluvit, p\u0159\u00edpadn\u011b jim zp\u00edvat, tak v tom bych cht\u011bla tak\u00e9 rodi\u010de podpo\u0159it.<br \/><br \/>Patricie Strouhalov\u00e1, moder\u00e1torka<br \/>&#8212;&#8212;&#8212;&#8212;&#8212;&#8212;&#8211;<br \/>Co maminky oce\u0148uj\u00ed nejv\u00edc v tom kontaktu pr\u00e1v\u011b s person\u00e1lem v nemocnici, kde se pe\u010duje o jejich miminko?<br \/><br \/>psycholo\u017eka Gabriela Zelenkov\u00e1<br \/>&#8212;&#8212;&#8212;&#8212;&#8212;&#8212;&#8211;<br \/>Ur\u010dit\u011b v prv\u00e9 \u0159ad\u011b kontakt toho person\u00e1lu, takov\u00fd jejich z\u00e1jem, \u017ee se jich ptaj\u00ed na to, co pro\u017e\u00edvaj\u00ed, jak to zvl\u00e1daj\u00ed. Tak\u00e9 informace, kter\u00e9 prod\u00e1v\u00e1 person\u00e1l opakovan\u011b, proto\u017ee jak v\u00edme, tak rodi\u010de v krizi nebo obecn\u011b \u010dlov\u011bk v krizi vn\u00edm\u00e1 t\u0159eba jenom 10 % informac\u00ed, kter\u00e9 se mu \u0159\u00edk\u00e1, tak\u017ee je d\u016fle\u017eit\u00e9 ty informace d\u00e1vkovat, \u0159\u00edkat opakovan\u011b a tak\u00e9 to, \u017ee jim p\u0159ed\u00e1vaj\u00ed ty kompetence, co\u017e znamen\u00e1, \u017ee je zahrnuj\u00ed hned, jak je to mo\u017en\u00e9, do p\u00e9\u010de o to d\u00edt\u011b, aby opravdu co nejd\u0159\u00edve si ty rodi\u010de mohli to vlastn\u00ed d\u00edt\u011b pochovat, p\u0159ebalit, klok\u00e1nkovat atd.<br \/><br \/>Patricie Strouhalov\u00e1, moder\u00e1torka<br \/>&#8212;&#8212;&#8212;&#8212;&#8212;&#8212;&#8211;<br \/>Kdy\u017e jsme t\u0159eba kamar\u00e1dy nebo p\u0159\u00e1teli rodiny, kter\u00e9 se n\u011bco takov\u00e9ho stalo, tak pora\u010fte i n\u00e1m, jak mluvit s rodi\u010di a s maminkou, je vhodn\u00e9 za\u010d\u00ednat na\u0161\u00ed v\u011btu emo\u010dn\u011b: \u201eJ\u00e1 v\u00edm, jak je to pro tebe t\u011b\u017ek\u00e9, j\u00e1 v\u00edm, jak je to pro v\u00e1s t\u011b\u017ek\u00e1 situace, jak v\u00e1m je?\u201c Anebo tohle \u00fapln\u011b \u0161krtnout?<br \/><br \/>psycholo\u017eka Gabriela Zelenkov\u00e1<br \/>&#8212;&#8212;&#8212;&#8212;&#8212;&#8212;&#8211;<br \/>Doporu\u010dila bych za\u010d\u00edt mo\u017en\u00e1 t\u00edm, asi je to pro tebe t\u011b\u017ek\u00e9, co pro tebe v tuto chv\u00edli m\u016f\u017eu ud\u011blat? Jsem tady a te\u010f, a pokud je n\u011bco, co pro tebe m\u016f\u017eu ud\u011blat, tak si \u0159ekni, budu tady a po\u010dk\u00e1m. \u010casto ti rodi\u010de na za\u010d\u00e1tku mo\u017en\u00e1 ani sami nev\u00ed, co pot\u0159ebuj\u00ed, ta druh\u00e1 strana, ti jejich zn\u00e1m\u00ed kamar\u00e1di nev\u00ed, co nab\u00eddnout, tak\u017ee sta\u010d\u00ed opravdu to, \u017ee tam pro n\u011b jste a oni si \u010dasem \u0159eknou, co pot\u0159ebuj\u00ed a potom m\u011b k tomu napad\u00e1, \u017ee ur\u010dit\u011b to, co se hod\u00ed v\u017edycky, je praktick\u00e1 pomoc ve chv\u00edli, kdy jsou tam ty d\u011bti, sourozenci, tak\u017ee nab\u00eddnout, pokud na to m\u00e1te kapacity, pohl\u00eddat d\u00edt\u011b, vz\u00edt ho n\u011bkde na 2, 3 hodiny ven, zabavit ho, to v\u017edycky ur\u010dit\u011b rodi\u010d\u016fm pom\u016f\u017ee a potom jim t\u0159eba uva\u0159it n\u011bco dobr\u00e9ho, don\u00e9st jim buchtu, b\u00e1bovku, v\u00fdvar, uva\u0159it, to ud\u011bl\u00e1 ur\u010dit\u011b taky radost.<br \/><br \/>Patricie Strouhalov\u00e1, moder\u00e1torka<br \/>&#8212;&#8212;&#8212;&#8212;&#8212;&#8212;&#8211;<br \/>V dne\u0161n\u00ed k\u00e1v\u011b o \u010dtvrt\u00e9 si pov\u00edd\u00e1me o p\u0159ed\u010dasn\u011b narozen\u00fdch d\u011btech. Ostatn\u011b neziskov\u00e1 organizace, kter\u00e1 podporuje rodi\u010de pr\u00e1v\u011b p\u0159ed\u010dasn\u011b narozen\u00fdch d\u011bt\u00ed, Nedoklubko uv\u00e1d\u00ed informaci, \u017ee ka\u017edou hodinu se v \u010cesk\u00e9 republice narod\u00ed jedno p\u0159ed\u010dasn\u00e9 miminko, co\u017e je v \u010cesk\u00e9 republice p\u0159ibli\u017en\u011b 8 500 nedono\u0161en\u00fdch novorozenc\u016f. A Zuzana se v\u00e1s pt\u00e1 a je to ot\u00e1zka, kter\u00e1 m\u00ed\u0159\u00ed op\u011bt za na\u0161\u00edm hostem, psycholo\u017ekou Gabrielou Zelenkou do brn\u011bnsk\u00e9ho studia \u010cesk\u00e9ho rozhlasu. Jestli ve srovn\u00e1n\u00ed s d\u0159\u00edv\u011bj\u0161\u00edmi l\u00e9ty je ta situace podobn\u00e1 nebo rozd\u00edln\u00e1?<br \/><br \/>psycholo\u017eka Gabriela Zelenkov\u00e1<br \/>&#8212;&#8212;&#8212;&#8212;&#8212;&#8212;&#8211;<br \/>T\u011bch d\u011bt\u00ed se p\u0159ed\u010dasn\u011b rod\u00ed pom\u011brn\u011b stejn\u00e9 procento, v \u010cesk\u00e9 republice je to kolem osmi procent porod\u016f, kter\u00e9 se narod\u00ed p\u0159ed\u010dasn\u011b, celosv\u011btov\u011b se ud\u00e1v\u00e1, \u017ee je to kolem 10 %, tak\u017ee ta \u010d\u00edsla n\u011bjak rapidn\u011b nestoupaj\u00ed, by\u0165 by se to mohlo zd\u00e1t, ale co je velmi pozitivn\u00ed, je to, \u017ee je daleko men\u0161\u00ed procento d\u011bt\u00ed, kter\u00e9 si s sebou do \u017eivota nesou z\u00e1va\u017en\u00e9 komplikace v podob\u011b nap\u0159\u00edklad senzorick\u00e9ho nebo motorick\u00e9ho&nbsp;<strong>posti\u017een\u00ed<\/strong>, tak\u017ee ty d\u011bti n\u00e1m v pr\u016fb\u011bhu let dopadaj\u00ed l\u00e9pe a l\u00e9pe, a to i ty extr\u00e9mn\u011b nezral\u00e9.<br \/><br \/>Patricie Strouhalov\u00e1, moder\u00e1torka<br \/>&#8212;&#8212;&#8212;&#8212;&#8212;&#8212;&#8211;<br \/>Kdy\u017e mluv\u00edme o p\u0159ed\u010dasn\u011b narozen\u00e9m d\u00edt\u011bti, tak je to porod p\u0159ed ukon\u010den\u00fdm sedmat\u0159ic\u00e1t\u00fdm t\u00fddnem t\u011bhotenstv\u00ed, kdy\u017e maminka nen\u00ed s miminkem v nemocnici ka\u017ed\u00fd den, jak tu situaci m\u016f\u017ee pro\u017e\u00edvat? Proto\u017ee t\u0159eba ta nemocnice je daleko od m\u00edsta, kde bydl\u00ed atp.<br \/><br \/>psycholo\u017eka Gabriela Zelenkov\u00e1<br \/>&#8212;&#8212;&#8212;&#8212;&#8212;&#8212;&#8211;<br \/>Takov\u00e1 situace je pro tu maminku ur\u010dit\u011b n\u00e1ro\u010dn\u011bj\u0161\u00ed, ne\u017e kdy\u017e m\u016f\u017ee b\u00fdt hospitalizovan\u00e1 p\u0159\u00edmo s d\u00edt\u011btem a p\u0159evl\u00e1daj\u00ed u n\u00ed je\u0161t\u011b v\u011bt\u0161\u00ed obavy, \u00fazkosti a nejistota, proto\u017ee nev\u00ed, co se d\u011bje. Ka\u017edou tu minutu s t\u00edm jej\u00edm miminkem. M\u016f\u017ee to tro\u0161i\u010dku spravit t\u00edm, \u017ee zavol\u00e1 na to odd\u011blen\u00ed, jak se d\u00edt\u011bti da\u0159\u00ed a pop\u0159\u00edpad\u011b i n\u011bkter\u00e1 perinatologick\u00e1 centra u\u017e zav\u00e1d\u00ed mo\u017enost videa, kdy u t\u011bch inkub\u00e1tor\u016f je video a rodi\u010de maj\u00ed p\u0159\u00edstup . Video p\u0159enese jejich d\u011b\u0165\u00e1tka a mohou tak sledovat, jak se d\u00edt\u011bti da\u0159\u00ed. A je prok\u00e1z\u00e1no, \u017ee to m\u00e1 tak\u00e9 velmi pozitivn\u00ed vliv na to, jak to rodi\u010de pro\u017e\u00edvaj\u00ed.<br \/><br \/>Patricie Strouhalov\u00e1, moder\u00e1torka<br \/>&#8212;&#8212;&#8212;&#8212;&#8212;&#8212;&#8211;<br \/>N\u00e1ro\u010dn\u00e9 obdob\u00ed pro tat\u00ednky, ti se samoz\u0159ejm\u011b logicky boj\u00ed jak o toho sv\u00e9ho potomka, tak o maminku, tak jakou pomoc pot\u0159ebuj\u00ed t\u00e1tov\u00e9?<br \/><br \/>psycholo\u017eka Gabriela Zelenkov\u00e1<br \/>&#8212;&#8212;&#8212;&#8212;&#8212;&#8212;&#8211;<br \/>T\u00e1tov\u00e9 ocen\u00ed p\u0159edev\u0161\u00edm praktickou pomoc, a to pr\u00e1v\u011b s nava\u0159en\u00edm, \u00faklidem \u010di s pohl\u00edd\u00e1n\u00edm d\u011bt\u00ed a tuto slu\u017ebu jim m\u016f\u017eou poskytnout bu\u010fto jejich prarodi\u010de, ale tak\u00e9 pr\u00e1v\u011b t\u0159eba ti sousedi nebo kolegov\u00e9 z pr\u00e1ce, tak\u017ee pokud oni nev\u00ed, co m\u016f\u017eou nab\u00eddnout, tak ur\u010dit\u011b toto jsou pr\u00e1v\u011b ty v\u011bci, kter\u00e9 t\u00e1tov\u00e9 ocen\u00ed.<br \/><br \/>Patricie Strouhalov\u00e1, moder\u00e1torka<br \/>&#8212;&#8212;&#8212;&#8212;&#8212;&#8212;&#8211;<br \/>U\u017e jste mluvila o tom, \u017ee je daleko jednodu\u0161\u0161\u00ed, kdy\u017e v t\u00e9 rodin\u011b je p\u0159ed\u010dasn\u011b narozen\u00e9 miminko za t\u00edm jedin\u00e1\u010dkem, co v t\u00e9 dob\u011b, kdy\u017e u\u017e tam ti sourozenci v rodin\u011b jsou? Jak v t\u00e9 situaci, kter\u00e1 te\u010f v rodin\u011b je? Jak s nimi mluvit?<br \/><br \/>psycholo\u017eka Gabriela Zelenkov\u00e1<br \/>&#8212;&#8212;&#8212;&#8212;&#8212;&#8212;&#8211;<br \/>Mluvit s nimi je pot\u0159eba \u00fam\u011brn\u011b jejich v\u011bku, to znamen\u00e1 u t\u011bch mlad\u0161\u00edch d\u011bt\u00ed do p\u0159ed\u0161koln\u00edho v\u011bku, sta\u010d\u00ed jednoduch\u00e9 vysv\u011btlen\u00ed, \u017ee miminko p\u0159i\u0161lo na sv\u011bt d\u0159\u00edv a pot\u0159ebuje je\u0161t\u011b tro\u0161ku \u010dasu do toho term\u00ednu porodu, aby povyrostlo a \u017ee bude muset b\u00fdt je\u0161t\u011b po n\u011bkolik t\u00fddn\u016f v nemocnici. M\u016f\u017eou mu nakreslit obr\u00e1zek nebo mu t\u0159eba koupit n\u011bjak\u00fd d\u00e1rek spolu s rodi\u010di a b\u00fdt tak tro\u0161i\u010dku aspo\u0148 zapojen\u00ed i oni do t\u00e9 p\u00e9\u010de a starostlivosti o toto miminko. A j\u00e1 bych to je\u0161t\u011b p\u0159evr\u00e1tila na druh\u00fd aspekt, kter\u00fd si mysl\u00edm, \u017ee je docela z\u00e1sadn\u00ed, a to ten, \u017ee sourozenec tady tou situac\u00ed m\u016f\u017ee i s\u00e1m trp\u011bt, a to sp\u00ed\u0161e ve smyslu odd\u011blen\u00ed od t\u00e9 sv\u00e9 m\u00e1my, a to zase je nejv\u00fdznamn\u011bj\u0161\u00ed t\u00e9ma u d\u011bt\u00ed do \u010dty\u0159 let v\u011bku, kdy pro n\u011b to odlou\u010den\u00ed od t\u00e9 m\u00e1my je \u010dasto jejich prvn\u00edm odlou\u010den\u00edm prvn\u00edch zku\u0161enost\u00ed, kter\u00e1 je pro n\u011b tak\u00e9 traumatizovan\u00e1 a je dobr\u00e9 si to uv\u011bdomit a pracovat na tom po propu\u0161t\u011bn\u00ed maminky z porodnice, aby si oni dva spolu dop\u0159\u00e1ly ten speci\u00e1ln\u00ed \u010das a dosytilo si to d\u00edt\u011b sv\u00e9 pot\u0159eby.<br \/><br \/>Patricie Strouhalov\u00e1, moder\u00e1torka<br \/>&#8212;&#8212;&#8212;&#8212;&#8212;&#8212;&#8211;<br \/>Pr\u00e1v\u011b, \u017ee ta starost a obavy od p\u0159ed\u010dasn\u011b narozen\u00e9 miminko, to nen\u00ed z\u00e1le\u017eitost n\u011bkolika t\u00fddn\u016f, ale mnohdy n\u011bkolika let. Tak jak si rozlo\u017eit s\u00edly?<br \/><br \/>psycholo\u017eka Gabriela Zelenkov\u00e1<br \/>&#8212;&#8212;&#8212;&#8212;&#8212;&#8212;&#8211;<br \/>To je na za\u010d\u00e1tku asi hodn\u011b t\u011b\u017ek\u00e9, proto\u017ee \u017e\u00e1dn\u00fd rodi\u010d nev\u00ed a nedok\u00e1\u017ee odhadnout, zvl\u00e1\u0161t\u011b pokud je v t\u00e9 situaci poprv\u00e9, jak dlouho ty s\u00edly bude pot\u0159ebovat. Tak\u017ee j\u00e1 bych \u0159ekla a doporu\u010dila takov\u00e9 mo\u017en\u00e1 kli\u0161\u00e9, odpo\u010d\u00edvat, kdy\u017e m\u016f\u017eete odpo\u010d\u00edvat, naj\u00edt si ten \u010das. Dob\u0159e to jde vid\u011bt t\u0159eba u v\u00edce rodi\u010dek na odd\u011blen\u00ed neonatologie, ale i na b\u011b\u017en\u00fdch pokoj\u00edch. \u017de oni u\u017e v\u00ed, co je \u010dek\u00e1 doma a jsou r\u00e1dy za tu dobu, kdy maj\u00ed opravdu prostor pro sebe, tak\u017ee ned\u011blaj\u00ed nic nebo se d\u00edvaj\u00ed na televizi nebo si \u010dtou, a to je d\u016fle\u017eit\u00e9, hledat si ten \u010das odpo\u010dinku pro sebe a p\u0159\u00edpadn\u011b, pokud je mo\u017eno, zda je ta \u017eena doma, tak t\u0159eba i nevynech\u00e1vat ty sv\u00e9 kon\u00ed\u010dky.<br \/><br \/><br \/><\/p>\n\n\n\n<p>Patricie Strouhalov\u00e1, moder\u00e1torka<br \/>&#8212;&#8212;&#8212;&#8212;&#8212;&#8212;&#8211;<br \/>Do na\u0161\u00ed rodiny se narodilo miminko p\u0159ed\u010dasn\u011b, pr\u00e1v\u011b o tom si pov\u00edd\u00e1me s psycholo\u017ekou Gabrielou Zelenkovou pro ten spr\u00e1vn\u00fd v\u00fdvoj novorozenc\u016f. Podle odborn\u00edk\u016f jsou z\u00e1sadn\u00ed a prvn\u00ed minuty a hodiny po narozen\u00ed, tak, jak jsme o tom mluvili i s na\u0161\u00edm hostem, kter\u00fd je v brn\u011bnsk\u00e9m studiu \u010cesk\u00e9ho rozhlasu, zdrav\u00ed v\u00e1s poslucha\u010dka T\u00e1\u0148a, kter\u00e1 p\u00ed\u0161e, \u017ee to je hezk\u00e9 a pot\u0159ebn\u00e9 t\u00e9ma a \u017ee v\u00e1s srde\u010dn\u011b zdrav\u00ed a d\u011bkuje za va\u0161\u00ed pr\u00e1ci. Pan\u00ed Zelenkov\u00e1, vy slu\u017ebu ran\u00e9 p\u00e9\u010de, jak u\u017e jste \u0159ekla, mohou vyu\u017e\u00edvat rodi\u010de a jejich d\u011bti do sedmi let v\u011bku, to je docela dlouh\u00e1 doba, po kterou jste v kontaktu. Tak asi nen\u00ed jednoduch\u00e9 udr\u017eet si v\u017edycky, \u0159ekn\u011bme, ten profesion\u00e1ln\u00ed odstup.<br \/><br \/>psycholo\u017eka Gabriela Zelenkov\u00e1<br \/>&#8212;&#8212;&#8212;&#8212;&#8212;&#8212;&#8211;<br \/>To je pravda. J\u00e1 konkr\u00e9tn\u011b jsem nejd\u00e9le za rodinou, shodou okolnost\u00ed to byla p\u0159ed\u010dasn\u011b narozen\u00e1 hol\u010di\u010dka, doj\u00ed\u017ed\u011bla 5,5 roku jednou m\u011bs\u00ed\u010dn\u011b, proto\u017ee takto v\u011bt\u0161inou za d\u011btmi doj\u00ed\u017ed\u00edme, a to u\u017e je doba, za kterou si s rodinou vytvo\u0159\u00edte vztah. Tak\u017ee to ur\u010dit\u011b. Z\u00e1rove\u0148 my se sna\u017e\u00edme b\u00fdt profesion\u00e1ln\u00ed, tak\u017ee m\u00e1me t\u0159eba pravidlo, \u017ee si s rodi\u010di netyk\u00e1me, proto\u017ee nem\u011blo by to skon\u010dit jenom u toho popov\u00edd\u00e1n\u00ed si u k\u00e1vy, jak se kdo m\u00e1, ale m\u011bla by tam b\u00fdt i ta odborn\u00e1 pr\u00e1ce s d\u00edt\u011btem, jeho rozvoj, a\u017e kdy\u017e ukon\u010dujeme tu slu\u017ebu, tak u\u017e je potom na ka\u017ed\u00e9m z n\u00e1s, \u017ee si t\u0159eba potyk\u00e1me a rozhodujeme si o tom, jestli ten n\u00e1\u0161 vz\u00e1jemn\u00fd vztah bude d\u00e1l pokra\u010dovat, nebo ne.<br \/><br \/>Patricie Strouhalov\u00e1, moder\u00e1torka<br \/>&#8212;&#8212;&#8212;&#8212;&#8212;&#8212;&#8211;<br \/>No, dan\u00e1 p\u00e9\u010de nen\u00ed jedin\u00e1 slu\u017eba, kterou v r\u00e1mci Slezsk\u00e9 Diakonie \u00faseku Brno nab\u00edz\u00edte. Tak co je\u0161t\u011b d\u00e1l d\u011bl\u00e1te?<br \/><br \/>psycholo\u017eka Gabriela Zelenkov\u00e1<br \/>&#8212;&#8212;&#8212;&#8212;&#8212;&#8212;&#8211;<br \/>Krom\u011b dan\u00e9 p\u00e9\u010de poskytujeme je\u0161t\u011b dal\u0161\u00ed dv\u011b registrovan\u00e9 slu\u017eby, a to osobn\u00ed asistenci a soci\u00e1ln\u00ed rehabilitaci a pot\u00e9 mimo registrovan\u00e9 slu\u017eby m\u00e1me je\u0161t\u011b centrum rozvoje mirabel, kde m\u00e1me u\u017e placen\u00e9 dopl\u0148kov\u00e9 slu\u017eby, jako nap\u0159\u00edklad velmi \u017e\u00e1dan\u00e1 ergoterapie, aktivity s prvky senzorick\u00e9 integrace \u010di snou zelen. To je tedy v Brn\u011b a jako jedna z osmi organizac\u00ed v \u010cesk\u00e9 republice zav\u00e1d\u00edme home sharing, co\u017e je sd\u00edlen\u00e1 p\u00e9\u010de o d\u011bti s ment\u00e1ln\u00edm a kombinovan\u00fdm posti\u017een\u00edm. Aktu\u00e1ln\u011b prob\u00edh\u00e1 n\u00e1bor hostitel\u016f, tak\u017ee pokud by m\u011bl n\u011bkdo z\u00e1jem pom\u00e1hat takto rodin\u00e1m s d\u011btmi se zdravotn\u00edm posti\u017een\u00edm, tak se m\u016f\u017ee na n\u00e1s obr\u00e1tit. M\u016f\u017ee to b\u00fdt jak p\u00e1r, tak i jednotlivec. V\u00edce informac\u00ed p\u0159\u00edpadn\u011b najdou na str\u00e1nk\u00e1ch <a href=\"http:\/\/www.homesharing.cz\/\">www.homesharing.cz<\/a>.<br \/><br \/>Patricie Strouhalov\u00e1, moder\u00e1torka<br \/>&#8212;&#8212;&#8212;&#8212;&#8212;&#8212;&#8211;<br \/>Kdy\u017e se mamince narod\u00ed miminko p\u0159ed\u010dasn\u011b, ze sv\u00e9 p\u00e9\u010de, asi to potvrd\u00edte, \u017ee nem\u00e1 \u010das na sebe, proto\u017ee neust\u00e1le v tom dobr\u00e9m \u0159e\u0161\u00ed miminko a do toho je \u017eena ovliv\u0148ov\u00e1na hormony \u0161estined\u011bl\u00edm, to je n\u00e1ro\u010dn\u00e9 i u toho p\u0159irozen\u00e9ho porodu. Tak, kdy\u017e se zase obr\u00e1t\u00edm za kamar\u00e1dy a p\u0159\u00e1tel\u00e9, takov\u00e9 maminky a rodiny, tak \u010deho bychom se naopak m\u011bli vyvarovat v takov\u00e9 t\u00e9 z\u00e1plav\u011b emoc\u00ed a touhy pom\u00e1hat a uk\u00e1zat, \u017ee stoj\u00edme p\u0159i n\u00ed?<br \/><br \/>psycholo\u017eka Gabriela Zelenkov\u00e1<br \/>&#8212;&#8212;&#8212;&#8212;&#8212;&#8212;&#8211;<br \/>Tady bych moc po\u017e\u00e1dala, v\u0161echny zn\u00e1m\u00e9 a p\u0159\u00e1tele, aby se vyvarovali toho, \u0159\u00edkat rodi\u010d\u016fm, \u017ee to bude dobr\u00e9, nebo \u017ee to u\u017e maj\u00ed za sebou, proto\u017ee to d\u00edt\u011b si p\u0159inesli dom\u016f a ta situace je za nimi, proto\u017ee to nen\u00ed pravda, to, co si pro\u017eili a p\u0159ed\u010dasn\u00fd porod a trauma s t\u00edm spojen\u00e9 s nimi p\u016fjde cel\u00fd \u017eivot, bych si troufla \u0159\u00edct, a to, jak se s t\u00edm vyrovnaj\u00ed, je opravdu ot\u00e1zka na n\u011bkolik t\u00fddn\u016f, m\u011bs\u00edc\u016f, u n\u011bkoho mo\u017en\u00e1 i let, tak\u017ee ne\u0159\u00edkat takov\u00e1 ta kli\u0161\u00e9, \u017ee to u\u017e je dobr\u00e9 nebo to bude dobr\u00e9, proto\u017ee to nikdo z n\u00e1s nem\u016f\u017ee v\u011bd\u011bt. A sp\u00ed\u0161e jim opravdu nab\u00eddnout. Jsem tady pro tebe, r\u00e1d ti pom\u016f\u017eu, \u0159ekni si, co pot\u0159ebuje\u0161.<br \/><br \/>Patricie Strouhalov\u00e1, moder\u00e1torka<br \/>&#8212;&#8212;&#8212;&#8212;&#8212;&#8212;&#8211;<br \/>M\u011bla by takov\u00e1 maminka tedy se soust\u0159edit na sv\u00e9 kon\u00ed\u010dky, kter\u00e9 m\u011bla p\u0159ed porodem, anebo t\u0159eba hledat nov\u00e9 z\u00e1jmy, kter\u00e9 by j\u00ed, \u0159ekn\u011bme, pr\u00e1v\u011b ment\u00e1ln\u011b odvedli od toho, co pro\u017e\u00edv\u00e1?<br \/><br \/>psycholo\u017eka Gabriela Zelenkov\u00e1<br \/>&#8212;&#8212;&#8212;&#8212;&#8212;&#8212;&#8211;<br \/>V t\u011bch prvn\u00edch m\u011bs\u00edc\u00edch s v\u011bt\u0161inou d\u011bt\u00ed p\u0159ed\u010dasn\u011b narozen\u00fdch, je pot\u0159eba rehabilitovat, co\u017e znamen\u00e1, \u017ee tam opravdu nem\u00e1 \u010das pro sebe, nato\u017e pro n\u011bjak\u00e9 kon\u00ed\u010dky, ale ur\u010dit\u011b je to n\u011bco, co j\u00ed m\u016f\u017ee pomoci, tak\u017ee pokud si ten \u010das m\u016f\u017ee alespo\u0148 tro\u0161i\u010dku naj\u00edt, tak je fajn n\u011bjak\u00e1 Proch\u00e1zka, j\u00f3ga, \u010detba, cokoliv m\u00e1 r\u00e1da, tak to j\u00ed m\u016f\u017ee pomoci zlep\u0161it j\u00ed emo\u010dn\u00ed nastaven\u00ed. A z\u00e1rove\u0148 si trouf\u00e1m \u0159\u00edct, \u017ee asi nen\u00ed \u00fapln\u011b prostor pro to za\u010d\u00ednat n\u011bjak\u00e9 nov\u00e9 kon\u00ed\u010dky a ta p\u00e9\u010de opravdu nesm\u00edrn\u011b n\u00e1ro\u010dn\u00e1, proto\u017ee kdy\u017e si p\u0159edstav\u00edte, \u017ee m\u00e1te doma d\u00edt\u011b, se kter\u00fdm je pot\u0159eba t\u0159eba \u010dty\u0159ikr\u00e1t denn\u011b cvi\u010dit. To cvi\u010den\u00ed by nem\u011blo b\u00fdt p\u0159\u00edmo po j\u00eddle, m\u011blo by b\u00fdt n\u011bjak\u00fdm \u010dasov\u00fdm odstupem, aby d\u00edt\u011b nevyblinkalo to, co vypilo, v\u011bt\u0161inou tyto d\u011bti maj\u00ed i ur\u010dit\u00e9 probl\u00e9my s krmen\u00edm, tak\u017ee to krmen\u00ed zabere mnohem del\u0161\u00ed \u010das. Do toho byste m\u011bli zvl\u00e1dnout vych\u00e1zku, co\u017e u\u017e kolikr\u00e1t ani ned\u00e1te v pr\u016fb\u011bhu toho dne. Tak\u017ee je toho opravdu hodn\u011b na tu rodinu nebo na tu maminku a pokud je tam je\u0161t\u011b dal\u0161\u00ed sourozenec, tak t\u00edm sp\u00ed\u0161.<br \/><br \/>Patricie Strouhalov\u00e1, moder\u00e1torka<br \/>&#8212;&#8212;&#8212;&#8212;&#8212;&#8212;&#8211;<br \/>A co v\u0161echno m\u016f\u017ee pro v\u0161echny zainteresovan\u00e9 b\u00fdt zdrojem radosti? Proto\u017ee co si budeme pov\u00eddat, radost l\u00e9\u010d\u00ed.<br \/><br \/>psycholo\u017eka Gabriela Zelenkov\u00e1<br \/>&#8212;&#8212;&#8212;&#8212;&#8212;&#8212;&#8211;<br \/>Jsou to ur\u010dit\u011b pokroky toho d\u011b\u0165\u00e1tka, a\u0165 u\u017e jsou velk\u00e9 nebo mal\u00e9, tak ty rodi\u010de nab\u00edj\u00ed neuv\u011b\u0159iteln\u00fdm zp\u016fsobem a dod\u00e1vaj\u00ed jim pr\u00e1v\u011b tu s\u00edlu a nad\u011bj\u00ed j\u00edt d\u00e1l. A potom jsou to dobr\u00e9 zpr\u00e1vy od l\u00e9ka\u0159\u016f. V\u0161echny ty kontroly, kde si to od\u0161krtnou, \u017ee tady jsme byli a byli jsme pochv\u00e1len\u00ed, \u017ee d\u00edt\u011b d\u011bl\u00e1 pokroky, \u017ee se mu dob\u0159e da\u0159\u00ed, tak to je ur\u010dit\u011b to, co rodi\u010d\u016fm pom\u00e1h\u00e1.<br \/><br \/>Patricie Strouhalov\u00e1, moder\u00e1torka<br \/>&#8212;&#8212;&#8212;&#8212;&#8212;&#8212;&#8211;<br \/>Vedouc\u00ed poradny ran\u00e9 p\u00e9\u010de do Rea, psycholo\u017eka Gabriela Zelenkov\u00e1 byla na\u0161\u00edm hostem, tak j\u00e1 v\u00e1m za to moc d\u011bkuju, m\u011bjte se kr\u00e1sn\u011b, na sly\u0161enou.<br \/><br \/><\/p>\n","protected":false},"excerpt":{"rendered":"<div class=\"mh-excerpt\"><p>Kdy\u017e se narod\u00ed miminko do rodiny p\u0159ed\u010dasn\u011b, to je t\u00e9ma pro pov\u00edd\u00e1n\u00ed s psycholo\u017ekou Gabrielou Zelenkovou v\u00a0po\u0159adu \u010cesk\u00e9ho rozhlasu K\u00e1va o \u010dtvrt\u00e9. moder\u00e1torka&#8212;&#8212;&#8212;&#8212;&#8212;&#8212;&#8211;P\u0159ed\u010dasn\u00fd porod asi <a class=\"mh-excerpt-more\" href=\"https:\/\/www.invarena.cz\/?p=44003\" title=\"O p\u0159ed\u010dasn\u011b narozen\u00fdch d\u011btech\">[&#8230;]<\/a><\/p>\n<\/div>","protected":false},"author":1,"featured_media":25518,"comment_status":"open","ping_status":"closed","sticky":false,"template":"","format":"standard","meta":{"footnotes":""},"categories":[12],"tags":[],"class_list":["post-44003","post","type-post","status-publish","format-standard","has-post-thumbnail","hentry","category-rozhovory"],"_links":{"self":[{"href":"https:\/\/www.invarena.cz\/index.php?rest_route=\/wp\/v2\/posts\/44003","targetHints":{"allow":["GET"]}}],"collection":[{"href":"https:\/\/www.invarena.cz\/index.php?rest_route=\/wp\/v2\/posts"}],"about":[{"href":"https:\/\/www.invarena.cz\/index.php?rest_route=\/wp\/v2\/types\/post"}],"author":[{"embeddable":true,"href":"https:\/\/www.invarena.cz\/index.php?rest_route=\/wp\/v2\/users\/1"}],"replies":[{"embeddable":true,"href":"https:\/\/www.invarena.cz\/index.php?rest_route=%2Fwp%2Fv2%2Fcomments&post=44003"}],"version-history":[{"count":0,"href":"https:\/\/www.invarena.cz\/index.php?rest_route=\/wp\/v2\/posts\/44003\/revisions"}],"wp:featuredmedia":[{"embeddable":true,"href":"https:\/\/www.invarena.cz\/index.php?rest_route=\/wp\/v2\/media\/25518"}],"wp:attachment":[{"href":"https:\/\/www.invarena.cz\/index.php?rest_route=%2Fwp%2Fv2%2Fmedia&parent=44003"}],"wp:term":[{"taxonomy":"category","embeddable":true,"href":"https:\/\/www.invarena.cz\/index.php?rest_route=%2Fwp%2Fv2%2Fcategories&post=44003"},{"taxonomy":"post_tag","embeddable":true,"href":"https:\/\/www.invarena.cz\/index.php?rest_route=%2Fwp%2Fv2%2Ftags&post=44003"}],"curies":[{"name":"wp","href":"https:\/\/api.w.org\/{rel}","templated":true}]}}