{"id":44006,"date":"2023-11-29T07:14:24","date_gmt":"2023-11-29T06:14:24","guid":{"rendered":"https:\/\/www.invarena.cz\/?p=44006"},"modified":"2023-11-29T07:14:25","modified_gmt":"2023-11-29T06:14:25","slug":"ochrana-handicapovanych-pred-nasilim","status":"publish","type":"post","link":"https:\/\/www.invarena.cz\/?p=44006","title":{"rendered":"Ochrana handicapovan\u00fdch p\u0159ed n\u00e1sil\u00edm"},"content":{"rendered":"\n<p>Ur\u00e1\u017eky i fyzick\u00e9 \u00fatoky v\u016f\u010di lidem s posti\u017een\u00edm. Lep\u0161\u00ed ochranou by jim podle n\u011bkter\u00fdch organizac\u00ed m\u011bla zajistit \u00faprava tr. z\u00e1kon\u00edku. Ministerstvo spravedlnosti te\u010f posuzuje, jestli je zm\u011bna t\u0159eba.<br \/><br \/><strong>\u010cT 1\u00a0&#8211; Ud\u00e1losti<br \/><\/strong>&#8212;&#8212;&#8212;&#8212;&#8212;&#8212;&#8211;<br \/>Kr\u00e1\u010d\u00ed sebev\u011bdom\u011b, bez b\u00edl\u00e9 hole by to ale ne\u0161lo. Nikol Fry\u010dov\u00e1 vid\u00ed jen slab\u00e9 obrysy, p\u0159esto jej\u00ed zrakov\u00fd handicap n\u011bkte\u0159\u00ed zpochyb\u0148uj\u00ed. \u00da\u010dastnice paralympi\u00e1dy v Lond\u00fdn\u011b a tak\u00e9 vystudovan\u00e1 pr\u00e1vni\u010dka tak nemus\u00ed p\u0159ed spole\u010dnost\u00ed neust\u00e1le obhajovat jen svoje schopnosti, ale i sv\u00e9\u00a0<strong>posti\u017een\u00ed<\/strong>.<br \/><br \/>Nikol Fry\u010dov\u00e1, \u017eena se zrakov\u00fdm posti\u017een\u00edm<br \/>&#8212;&#8212;&#8212;&#8212;&#8212;&#8212;&#8211;<br \/>Nap\u0159\u00edklad kdy\u017e jdu po ulici a a pot\u0159ebuji se pod\u00edvat do mobiln\u00edho telefonu, kde m\u00e1m nastaven\u00e9 velk\u00e9 zv\u011bt\u0161en\u00ed, tak se pak za mnou ozve: Tak ty vid\u00ed\u0161 zcela dob\u0159e, nebo ty to jenom hraje\u0161.<br \/><br \/>Kl\u00e1ra Je\u0161inov\u00e1, redaktorka \u010cT<br \/>&#8212;&#8212;&#8212;&#8212;&#8212;&#8212;&#8211;<br \/>Sna\u017e\u00edte se jim to n\u011bjak vysv\u011btlit, nebo ignorujete?<br \/><br \/>Nikol Fry\u010dov\u00e1, \u017eena se zrakov\u00fdm posti\u017een\u00edm<br \/>&#8212;&#8212;&#8212;&#8212;&#8212;&#8212;&#8211;<br \/>J\u00e1 se p\u0159izn\u00e1m, \u017ee se to sna\u017e\u00edm ignorovat, ale p\u0159ece jenom to v \u010dlov\u011bku n\u011bco zanech\u00e1.<br \/><br \/>Kl\u00e1ra Je\u0161inov\u00e1, redaktorka \u010cT<br \/>&#8212;&#8212;&#8212;&#8212;&#8212;&#8212;&#8211;<br \/>Pr\u00e1v\u011b slovn\u00ed \u00fatoky jsou formou n\u00e1sil\u00ed, se kterou se zdravotn\u011b handicapovan\u00ed setk\u00e1vaj\u00ed nej\u010dast\u011bji. V\u00fdzkum organizace In Iustitia uk\u00e1zal, \u017ee se s nimi pot\u00fdkalo 75 % respondent\u016f, fyzick\u00fdm \u00fatok\u016fm potom \u010delilo 35 % lid\u00ed. Pachateli b\u00fdvaj\u00ed i rodinn\u00ed p\u0159\u00edslu\u0161n\u00edci.<br \/><br \/>Hana, \u017eena s posti\u017een\u00edm<br \/>&#8212;&#8212;&#8212;&#8212;&#8212;&#8212;&#8211;<br \/>M\u011b bili za \u00fadajnou nedostate\u010dnou snahu p\u0159i cvi\u010den\u00ed. D\u011blo se to od doby, co si j\u00e1 pamatuju, p\u0159ibli\u017en\u011b do 14 let v\u011bku.<br \/><br \/>Kl\u00e1ra Je\u0161inov\u00e1, redaktorka \u010cT<br \/>&#8212;&#8212;&#8212;&#8212;&#8212;&#8212;&#8211;<br \/>Zhruba dvac\u00edtka organizac\u00ed, kter\u00e1 lidem s handicapem pom\u00e1h\u00e1, po\u017eaduje \u00fapravu trestn\u00edho z\u00e1kon\u00edku.<br \/><br \/>Kl\u00e1ra Kalibov\u00e1, pr\u00e1vni\u010dka, \u0159editelka organizace In Iustitia<br \/>&#8212;&#8212;&#8212;&#8212;&#8212;&#8212;&#8211;<br \/>Aby chr\u00e1nil je p\u0159ed p\u0159edsude\u010dn\u00fdm n\u00e1sil\u00edm, podobn\u011b jako jsou chr\u00e1n\u011bni nap\u0159\u00edklad etnick\u00e9 men\u0161iny nebo lid\u00e9 z d\u016fvodu napaden\u00ed, z d\u016fvodu politick\u00e9ho p\u0159esv\u011bd\u010den\u00ed.<br \/><br \/>Karel Dvo\u0159\u00e1k, n\u00e1m\u011bstek ministra spravedlnosti \/STAN\/<br \/>&#8212;&#8212;&#8212;&#8212;&#8212;&#8212;&#8211;<br \/>My jsme po\u017e\u00e1dali Nejvy\u0161\u0161\u00ed st\u00e1tn\u00ed zastupitelstv\u00ed o zpracov\u00e1n\u00ed anal\u00fdzy a na z\u00e1klad\u011b t\u00e9to anal\u00fdzy by m\u011blo doj\u00edt potom ke kone\u010dn\u00e9mu rozhodnut\u00ed.<br \/><br \/>Kl\u00e1ra \u0160ime\u010dkov\u00e1 Lauren\u010d\u00edkov\u00e1, vl\u00e1dn\u00ed zmocn\u011bnkyn\u011b pro lidsk\u00e1 pr\u00e1va<br \/>&#8212;&#8212;&#8212;&#8212;&#8212;&#8212;&#8211;<br \/>U\u017e nen\u00ed \u010das ani prostor pro to, pt\u00e1t se na to zda, je velmi d\u016fle\u017eit\u00e9 za\u010d\u00edt na t\u00e9 konkr\u00e9tn\u00ed zm\u011bn\u011b ihned pracovat.<br \/><br \/>Kl\u00e1ra Je\u0161inov\u00e1, redaktorka \u010cT<br \/>&#8212;&#8212;&#8212;&#8212;&#8212;&#8212;&#8211;<br \/>Vl\u00e1dn\u00ed zmocn\u011bnkyn\u011b chce na politiky apelovat, aby zm\u011bnu co nejd\u0159\u00edve p\u0159ijali. D\u016fle\u017eit\u00e1 je i osv\u011bta, aby handicapovan\u00ed krom\u011b fyzick\u00fdch nemuseli schyt\u00e1vat tak\u00e9 slovn\u00ed r\u00e1ny.<br \/><br \/>video, In Iustitia<br \/>&#8212;&#8212;&#8212;&#8212;&#8212;&#8212;&#8211;<br \/>U\u017e jsem ti stokr\u00e1t \u0159ekla, a\u0165 tady ned\u011bl\u00e1\u0161 bordel!J\u00e1 ti toho \u010dokla votr\u00e1v\u00edm.<br \/><br \/>&#8212;&#8212;&#8212;&#8212;&#8212;&#8212;&#8211;<br \/>\u010cesk\u00e1 televize.<\/p>\n","protected":false},"excerpt":{"rendered":"<div class=\"mh-excerpt\"><p>Ur\u00e1\u017eky i fyzick\u00e9 \u00fatoky v\u016f\u010di lidem s posti\u017een\u00edm. Lep\u0161\u00ed ochranou by jim podle n\u011bkter\u00fdch organizac\u00ed m\u011bla zajistit \u00faprava tr. z\u00e1kon\u00edku. Ministerstvo spravedlnosti te\u010f posuzuje, jestli <a class=\"mh-excerpt-more\" href=\"https:\/\/www.invarena.cz\/?p=44006\" title=\"Ochrana handicapovan\u00fdch p\u0159ed n\u00e1sil\u00edm\">[&#8230;]<\/a><\/p>\n<\/div>","protected":false},"author":1,"featured_media":19083,"comment_status":"open","ping_status":"closed","sticky":false,"template":"","format":"standard","meta":{"footnotes":""},"categories":[9],"tags":[],"class_list":["post-44006","post","type-post","status-publish","format-standard","has-post-thumbnail","hentry","category-zpravy"],"_links":{"self":[{"href":"https:\/\/www.invarena.cz\/index.php?rest_route=\/wp\/v2\/posts\/44006","targetHints":{"allow":["GET"]}}],"collection":[{"href":"https:\/\/www.invarena.cz\/index.php?rest_route=\/wp\/v2\/posts"}],"about":[{"href":"https:\/\/www.invarena.cz\/index.php?rest_route=\/wp\/v2\/types\/post"}],"author":[{"embeddable":true,"href":"https:\/\/www.invarena.cz\/index.php?rest_route=\/wp\/v2\/users\/1"}],"replies":[{"embeddable":true,"href":"https:\/\/www.invarena.cz\/index.php?rest_route=%2Fwp%2Fv2%2Fcomments&post=44006"}],"version-history":[{"count":0,"href":"https:\/\/www.invarena.cz\/index.php?rest_route=\/wp\/v2\/posts\/44006\/revisions"}],"wp:featuredmedia":[{"embeddable":true,"href":"https:\/\/www.invarena.cz\/index.php?rest_route=\/wp\/v2\/media\/19083"}],"wp:attachment":[{"href":"https:\/\/www.invarena.cz\/index.php?rest_route=%2Fwp%2Fv2%2Fmedia&parent=44006"}],"wp:term":[{"taxonomy":"category","embeddable":true,"href":"https:\/\/www.invarena.cz\/index.php?rest_route=%2Fwp%2Fv2%2Fcategories&post=44006"},{"taxonomy":"post_tag","embeddable":true,"href":"https:\/\/www.invarena.cz\/index.php?rest_route=%2Fwp%2Fv2%2Ftags&post=44006"}],"curies":[{"name":"wp","href":"https:\/\/api.w.org\/{rel}","templated":true}]}}