{"id":44011,"date":"2023-11-30T05:55:09","date_gmt":"2023-11-30T04:55:09","guid":{"rendered":"https:\/\/www.invarena.cz\/?p=44011"},"modified":"2023-11-30T05:55:10","modified_gmt":"2023-11-30T04:55:10","slug":"malo-penez-pro-chranene-dilny","status":"publish","type":"post","link":"https:\/\/www.invarena.cz\/?p=44011","title":{"rendered":"M\u00e1lo pen\u011bz pro chr\u00e1n\u011bn\u00e9 d\u00edlny\u00a0\u00a0"},"content":{"rendered":"\n<p>Zam\u011bstnavatel\u00e9 lid\u00ed s handicapem a N\u00e1rodn\u00ed rada osob se zdravotn\u00edm posti\u017een\u00edm \u017e\u00e1daj\u00ed nav\u00fd\u0161en\u00ed st\u00e1tn\u00edho p\u0159\u00edsp\u011bvku. Poukazuj\u00ed na to, \u017ee minim\u00e1ln\u00ed mzda rostla a znovu se od ledna zvedne. Podpora se ale nezm\u011bnila. Podle nich hroz\u00ed propou\u0161t\u011bn\u00ed.<br \/><br \/>Prima\u00a0&#8211; Hlavn\u00ed zpr\u00e1vy<br \/>&#8212;&#8212;&#8212;&#8212;&#8212;&#8212;&#8211;<br \/>Pan\u00ed Jaroslava nebo pan\u00ed Tereza. Do chr\u00e1n\u011bn\u00e9 d\u00edlny chod\u00ed u\u017e roky.<br \/><br \/>Jaroslava Vr\u00e1nov\u00e1, pomocn\u00e1 d\u011blnice ve v\u00fdrob\u011b<br \/>&#8212;&#8212;&#8212;&#8212;&#8212;&#8212;&#8211;<br \/>Pracuju od roku 90 a jako jsem r\u00e1da, \u017ee v\u016fbec tohleto tady funguje, proto\u017ee nen\u00ed kam do pr\u00e1ce.<br \/><br \/>Tereza Pykov\u00e1, pomocn\u00e1 d\u011blnice ve v\u00fdrob\u011b<br \/>&#8212;&#8212;&#8212;&#8212;&#8212;&#8212;&#8211;<br \/>Jsou tady fajn lidi a j\u00e1 u\u017e tady jsem hodn\u011b let, skoro 13 let.<br \/><br \/>Krist\u00fdna Kilic Bukovsk\u00e1, p\u0159edsedkyn\u011b v\u00fdrobn\u00edho dru\u017estva Drut\u011bva<br \/>&#8212;&#8212;&#8212;&#8212;&#8212;&#8212;&#8211;<br \/>M\u00e1me tady zam\u011bstnance s r\u016fzn\u00fdm druhem zdravotn\u00edho\u00a0<strong>posti\u017een\u00ed<\/strong>, od ment\u00e1ln\u00edho p\u0159es r\u016fzn\u00e9 du\u0161evn\u00ed choroby, tak\u017ee se tady d\u011blaj\u00ed jednoduch\u00e9 kompleta\u010dn\u00ed pr\u00e1ce.<br \/><br \/>Ji\u0159ina Stiborov\u00e1, vedouc\u00ed chr\u00e1n\u011bn\u00e9 d\u00edlny<br \/>&#8212;&#8212;&#8212;&#8212;&#8212;&#8212;&#8211;<br \/>Mus\u00ed\u0161 tu \u0161ablonku d\u00e1t nahoru takhle, tak. Tadyhle d\u00e1vaj\u00ed pep\u0159, s\u016fl a p\u00e1r\u00e1tko.<br \/><br \/>Monika Ber\u00e1nkov\u00e1, redaktorka<br \/>&#8212;&#8212;&#8212;&#8212;&#8212;&#8212;&#8211;<br \/>Celkem podnik zam\u011bstn\u00e1v\u00e1 152 lid\u00ed, na jejich v\u00fdplaty p\u0159isp\u00edv\u00e1 st\u00e1t. V dob\u011b v\u0161eobecn\u00e9 drahoty ale pr\u00fd u\u017e nedostate\u010dn\u011b.<br \/><br \/>Krist\u00fdna Kilic Bukovsk\u00e1, p\u0159edsedkyn\u011b v\u00fdrobn\u00edho dru\u017estva Drut\u011bva<br \/>&#8212;&#8212;&#8212;&#8212;&#8212;&#8212;&#8211;<br \/>Na jednoho zam\u011bstnance je to do v\u00fd\u0161e 75 %, n\u00e1klad\u016f na mzdy, ale maxim\u00e1ln\u011b 14 200.<br \/><br \/>Ji\u0159\u00ed Prokop, vedouc\u00ed provozu chr\u00e1n\u011bn\u00fdch d\u00edlen<br \/>&#8212;&#8212;&#8212;&#8212;&#8212;&#8212;&#8211;<br \/>Ta dotace bohu\u017eel pokulh\u00e1v\u00e1 term\u00ednov\u011b, \u017ee v\u017edycky bohu\u017eel je to se zpo\u017ed\u011bn\u00edm.<br \/><br \/>Ministerstvo pr\u00e1ce a soci\u00e1ln\u00edch v\u011bc\u00ed \u0159\u00edk\u00e1, \u017ee zv\u00fd\u0161en\u00ed p\u0159ijde. Odkdy a o kolik, ale nen\u00ed jasn\u00e9.<br \/><br \/>Marian JURE\u010cKA, vicepremi\u00e9r,\u00a0<strong>ministr<\/strong>\u00a0<strong>pr\u00e1ce<\/strong>\u00a0a soci\u00e1ln\u00edch v\u011bc\u00ed, p\u0159edseda strany \/KDU-\u010cSL\/<br \/>&#8212;&#8212;&#8212;&#8212;&#8212;&#8212;&#8211;<br \/>J\u00e1 kdy\u017e budu navrhovat v\u00fd\u0161i minim\u00e1ln\u00ed mzdy, tak budu cht\u00edt, aby kolegov\u00e9 v\u011bd\u011bli, \u017ee mus\u00edme zv\u00fd\u0161it i p\u0159\u00edsp\u011bvek na zam\u011bstn\u00e1v\u00e1n\u00ed osob se zdravotn\u00edm posti\u017een\u00edm.<br \/><br \/>Josef \u0160ULC, p\u0159edseda Asociace zam\u011bstnavatel\u016f\u00a0<strong>zdravotn\u011b<\/strong>\u00a0<strong>posti\u017een\u00fdch<\/strong>\u00a0\u010cR<br \/>&#8212;&#8212;&#8212;&#8212;&#8212;&#8212;&#8211;<br \/>Po\u017eadujeme nebo p\u0159edstavovali bychom si, kdyby v\u00fd\u0161e p\u0159\u00edsp\u011bvku v\u016f\u010di minim\u00e1ln\u00ed mzd\u011b byla 0,95n\u00e1sobek.<br \/><br \/>Krist\u00fdna Kilic Bukovsk\u00e1, p\u0159edsedkyn\u011b v\u00fdrobn\u00edho dru\u017estva Drut\u011bva<br \/>&#8212;&#8212;&#8212;&#8212;&#8212;&#8212;&#8211;<\/p>\n\n\n\n<p>Pokud bude zv\u00fd\u0161en\u00e1 minim\u00e1ln\u00ed mzda a nedojde ke zv\u00fd\u0161en\u00ed p\u0159\u00edsp\u011bvku, tak se ob\u00e1v\u00e1m, \u017ee dojde k hromadn\u00e9mu propou\u0161t\u011bn\u00ed.<br \/><br \/>Jana Z\u00edkov\u00e1, vedouc\u00ed \u0161ic\u00ed d\u00edlny<br \/>&#8212;&#8212;&#8212;&#8212;&#8212;&#8212;&#8211;<br \/>\u00dapln\u011b si to nedok\u00e1\u017eu p\u0159edstavit, j\u00e1 sama jsem\u00a0<strong>invalidn\u00ed<\/strong>\u00a0a t\u011b\u017eko bychom hledali pr\u00e1ci.<br \/><br \/>, redaktorka<br \/>&#8212;&#8212;&#8212;&#8212;&#8212;&#8212;&#8211;<br \/>Podle N\u00e1rodn\u00ed rady osob se zdravotn\u00edm posti\u017een\u00edm pracuje v chr\u00e1n\u011bn\u00fdch d\u00edln\u00e1ch zhruba 76 000 lid\u00ed. <\/p>\n\n\n\n<p> CNN Prima News.<br \/><\/p>\n","protected":false},"excerpt":{"rendered":"<div class=\"mh-excerpt\"><p>Zam\u011bstnavatel\u00e9 lid\u00ed s handicapem a N\u00e1rodn\u00ed rada osob se zdravotn\u00edm posti\u017een\u00edm \u017e\u00e1daj\u00ed nav\u00fd\u0161en\u00ed st\u00e1tn\u00edho p\u0159\u00edsp\u011bvku. Poukazuj\u00ed na to, \u017ee minim\u00e1ln\u00ed mzda rostla a znovu se <a class=\"mh-excerpt-more\" href=\"https:\/\/www.invarena.cz\/?p=44011\" title=\"M\u00e1lo pen\u011bz pro chr\u00e1n\u011bn\u00e9 d\u00edlny\u00a0\u00a0\">[&#8230;]<\/a><\/p>\n<\/div>","protected":false},"author":1,"featured_media":1171,"comment_status":"open","ping_status":"closed","sticky":false,"template":"","format":"standard","meta":{"footnotes":""},"categories":[1],"tags":[],"class_list":["post-44011","post","type-post","status-publish","format-standard","has-post-thumbnail","hentry","category-nezarazene"],"_links":{"self":[{"href":"https:\/\/www.invarena.cz\/index.php?rest_route=\/wp\/v2\/posts\/44011","targetHints":{"allow":["GET"]}}],"collection":[{"href":"https:\/\/www.invarena.cz\/index.php?rest_route=\/wp\/v2\/posts"}],"about":[{"href":"https:\/\/www.invarena.cz\/index.php?rest_route=\/wp\/v2\/types\/post"}],"author":[{"embeddable":true,"href":"https:\/\/www.invarena.cz\/index.php?rest_route=\/wp\/v2\/users\/1"}],"replies":[{"embeddable":true,"href":"https:\/\/www.invarena.cz\/index.php?rest_route=%2Fwp%2Fv2%2Fcomments&post=44011"}],"version-history":[{"count":0,"href":"https:\/\/www.invarena.cz\/index.php?rest_route=\/wp\/v2\/posts\/44011\/revisions"}],"wp:featuredmedia":[{"embeddable":true,"href":"https:\/\/www.invarena.cz\/index.php?rest_route=\/wp\/v2\/media\/1171"}],"wp:attachment":[{"href":"https:\/\/www.invarena.cz\/index.php?rest_route=%2Fwp%2Fv2%2Fmedia&parent=44011"}],"wp:term":[{"taxonomy":"category","embeddable":true,"href":"https:\/\/www.invarena.cz\/index.php?rest_route=%2Fwp%2Fv2%2Fcategories&post=44011"},{"taxonomy":"post_tag","embeddable":true,"href":"https:\/\/www.invarena.cz\/index.php?rest_route=%2Fwp%2Fv2%2Ftags&post=44011"}],"curies":[{"name":"wp","href":"https:\/\/api.w.org\/{rel}","templated":true}]}}