{"id":44016,"date":"2023-11-30T06:21:00","date_gmt":"2023-11-30T05:21:00","guid":{"rendered":"https:\/\/www.invarena.cz\/?p=44016"},"modified":"2023-11-30T06:21:00","modified_gmt":"2023-11-30T05:21:00","slug":"na-duchod-cekal-12-mesicu","status":"publish","type":"post","link":"https:\/\/www.invarena.cz\/?p=44016","title":{"rendered":"Na d\u016fchod \u010dekal 12 m\u011bs\u00edc\u016f\u00a0\u00a0"},"content":{"rendered":"\n<p>\u010cesk\u00e1 spr\u00e1va soci\u00e1ln\u00edho zabezpe\u010den\u00ed eviduje aktu\u00e1ln\u011b v\u00edce ne\u017e 27 000 nevy\u0159\u00edzen\u00fdch \u017e\u00e1dost\u00ed o d\u016fchod. Jednou z nich je i \u017e\u00e1dost pana \u010capl\u00e1ka. Jeho p\u0159\u00edb\u011bh u\u017e z na\u0161ich zpr\u00e1v zn\u00e1te. P\u0159ed t\u0159emi m\u011bs\u00edci mu po roce \u010dek\u00e1n\u00ed za\u010dala Spr\u00e1va soci\u00e1ln\u00edho zabezpe\u010den\u00ed vypl\u00e1cet alespo\u0148 prozat\u00edmn\u00ed v\u00fd\u0161i d\u016fchodu.<br \/><br \/>2rima\u00a0&#8211; Hlavn\u00ed zpr\u00e1vy<br \/>&#8212;&#8212;&#8212;&#8212;&#8212;&#8212;&#8211;<br \/>Ledni\u010dka u\u017e nezeje pr\u00e1zdnotou a starosti, jestli budou m\u00edt co j\u00edst, u\u017e jsou na\u0161t\u011bst\u00ed pry\u010d. Jak se tedy Peterovi a jeho rodin\u011b dnes da\u0159\u00ed?<br \/><br \/>Peter \u010capl\u00e1k, \u017eadatel o p\u0159ed\u010dasn\u00fd d\u016fchod, Ostrava<br \/>&#8212;&#8212;&#8212;&#8212;&#8212;&#8212;&#8211;<br \/>Vcelku dob\u0159e, akor\u00e1t \u017ee jsem je\u0161t\u011b na\u0161tvan\u00fd na to, \u017ee mi nedod\u011blali vlastn\u011b v\u00fdpo\u010dty ze Slovenska, to u\u017e m\u011blo b\u00fdt p\u0159ed m\u011bs\u00edcem v po\u0159\u00e1dku a zat\u00edm nic. Tak\u017ee zkusil jsem se dovolat. Zat\u00edm nic.<br \/><br \/>, redaktorka<br \/>&#8212;&#8212;&#8212;&#8212;&#8212;&#8212;&#8211;<br \/>Peter \u010capl\u00e1k i na prozat\u00edmn\u00ed d\u016fchod \u010dekal v\u00edce ne\u017e 12 m\u011bs\u00edc\u016f. Aby v\u016fbec s \u017eenou a\u00a0<strong>posti\u017een\u00fdm<\/strong>\u00a0synem vy\u0161li, p\u016fj\u010doval si b\u011bhem cel\u00e9ho roku pen\u00edze od kamar\u00e1da.<br \/><br \/>Peter \u010capl\u00e1k, \u017eadatel o p\u0159ed\u010dasn\u00fd d\u016fchod, Ostrava<br \/>&#8212;&#8212;&#8212;&#8212;&#8212;&#8212;&#8211;<br \/>Mus\u00edm vr\u00e1tit ty pen\u00edze. Kamar\u00e1d u\u017e je dost nerv\u00f3zn\u00ed, no a pot\u0159ebuje prachy. Pro m\u011b je to takov\u00e9 dost \u0161patn\u00e9.<br \/><br \/>Hana \u010capl\u00e1kov\u00e1, man\u017eelka Petera \u010capl\u00e1ka<br \/>&#8212;&#8212;&#8212;&#8212;&#8212;&#8212;&#8211;<br \/>Nen\u00ed mo\u017en\u00e9, aby prost\u011b nechali lidi takovou dobu bez pen\u011bz. T\u011bch lid\u00ed je samoz\u0159ejm\u011b v\u00edc, je to prost\u011b trag\u00e9die, no, tak m\u011blo by se s t\u00edm n\u011bco d\u011blat.<br \/><br \/>,redaktorka<br \/>&#8212;&#8212;&#8212;&#8212;&#8212;&#8212;&#8211;<br \/>Osobn\u011b Peter \u010capl\u00e1k na soci\u00e1lce v Ostrav\u011b nic nevy\u0159e\u0161\u00ed. P\u0159\u00edpad u\u017e toti\u017e n\u011bkolik m\u011bs\u00edc\u016f zp\u011bt p\u0159evzala centr\u00e1la v Praze. \u00da\u0159ad jsme tedy za n\u011bj kontaktovali my.<br \/><br \/>redaktorka; citace: Tereza Koukolov\u00e1, mluv\u010d\u00ed \u010cesk\u00e9 spr\u00e1vy soci\u00e1ln\u00edho zabezpe\u010den\u00ed<br \/>&#8212;&#8212;&#8212;&#8212;&#8212;&#8212;&#8211;<br \/>Dobu poji\u0161t\u011bn\u00ed potvrzenou slovenskou stranou jsme ji\u017e obdr\u017eeli, d\u00edky \u010demu\u017e byl starobn\u00ed d\u016fchod ji\u017e definitivn\u011b p\u0159izn\u00e1n.<br \/><br \/>Adriana Kubisov\u00e1, redaktorka<br \/>&#8212;&#8212;&#8212;&#8212;&#8212;&#8212;&#8211;<br \/>V nejbli\u017e\u0161\u00edch dnech pan \u010capl\u00e1k obdr\u017e\u00ed doplatek starobn\u00edho d\u016fchodu zp\u011btn\u011b od po\u017eadovan\u00e9ho data p\u0159izn\u00e1n\u00ed d\u016fchodu. Dojde k za\u0159\u00edzen\u00ed v\u00fdplaty d\u016fchodu v kone\u010dn\u00e9 v\u00fd\u0161i a obdr\u017e\u00ed rozhodnut\u00ed.<br \/><br \/>Peter \u010capl\u00e1k, \u017eadatel o p\u0159ed\u010dasn\u00fd d\u016fchod, Ostrava<br \/>&#8212;&#8212;&#8212;&#8212;&#8212;&#8212;&#8211;<br \/>Kone\u010dn\u011b.<br \/><br \/>Hana \u010capl\u00e1kov\u00e1, man\u017eelka Petera \u010capl\u00e1ka<br \/>&#8212;&#8212;&#8212;&#8212;&#8212;&#8212;&#8211;<br \/>Zaplat\u00edme dluhy, no a zbytek si schov\u00e1me a poplat\u00edme jako tak jako v\u017edycky to, co se d\u00e1, no. \u017de neb\u00fdt televize Prima, tak ty pen\u00edze asi neuvid\u00edme.<br \/><br \/> redaktorka<br \/>&#8212;&#8212;&#8212;&#8212;&#8212;&#8212;&#8211;<br \/>Peter \u010capl\u00e1k te\u010f douf\u00e1, \u017ee mu d\u016fchod za cel\u00fd rok zp\u011btn\u011b p\u0159ijde do konce roku, aby si mohl s rodinou u\u017e\u00edt V\u00e1noce bez starost\u00ed. Lid\u00ed jako Peter \u010capl\u00e1k, kte\u0159\u00ed na v\u00fdm\u011br sv\u00e9ho starobn\u00edho d\u016fchodu \u010dekaj\u00ed d\u00e9le ne\u017e t\u0159i m\u011bs\u00edce, je v \u010cesku aktu\u00e1ln\u011b 803. Pokud i vy pat\u0159\u00edte mezi n\u011b, ozv\u011bte se n\u00e1m na n\u00e1\u0161 e-mail zpravy@iprima.cz.<br \/><\/p>\n","protected":false},"excerpt":{"rendered":"<div class=\"mh-excerpt\"><p>\u010cesk\u00e1 spr\u00e1va soci\u00e1ln\u00edho zabezpe\u010den\u00ed eviduje aktu\u00e1ln\u011b v\u00edce ne\u017e 27 000 nevy\u0159\u00edzen\u00fdch \u017e\u00e1dost\u00ed o d\u016fchod. Jednou z nich je i \u017e\u00e1dost pana \u010capl\u00e1ka. Jeho p\u0159\u00edb\u011bh u\u017e <a class=\"mh-excerpt-more\" href=\"https:\/\/www.invarena.cz\/?p=44016\" title=\"Na d\u016fchod \u010dekal 12 m\u011bs\u00edc\u016f\u00a0\u00a0\">[&#8230;]<\/a><\/p>\n<\/div>","protected":false},"author":1,"featured_media":14424,"comment_status":"open","ping_status":"closed","sticky":false,"template":"","format":"standard","meta":{"footnotes":""},"categories":[1],"tags":[],"class_list":["post-44016","post","type-post","status-publish","format-standard","has-post-thumbnail","hentry","category-nezarazene"],"_links":{"self":[{"href":"https:\/\/www.invarena.cz\/index.php?rest_route=\/wp\/v2\/posts\/44016","targetHints":{"allow":["GET"]}}],"collection":[{"href":"https:\/\/www.invarena.cz\/index.php?rest_route=\/wp\/v2\/posts"}],"about":[{"href":"https:\/\/www.invarena.cz\/index.php?rest_route=\/wp\/v2\/types\/post"}],"author":[{"embeddable":true,"href":"https:\/\/www.invarena.cz\/index.php?rest_route=\/wp\/v2\/users\/1"}],"replies":[{"embeddable":true,"href":"https:\/\/www.invarena.cz\/index.php?rest_route=%2Fwp%2Fv2%2Fcomments&post=44016"}],"version-history":[{"count":0,"href":"https:\/\/www.invarena.cz\/index.php?rest_route=\/wp\/v2\/posts\/44016\/revisions"}],"wp:featuredmedia":[{"embeddable":true,"href":"https:\/\/www.invarena.cz\/index.php?rest_route=\/wp\/v2\/media\/14424"}],"wp:attachment":[{"href":"https:\/\/www.invarena.cz\/index.php?rest_route=%2Fwp%2Fv2%2Fmedia&parent=44016"}],"wp:term":[{"taxonomy":"category","embeddable":true,"href":"https:\/\/www.invarena.cz\/index.php?rest_route=%2Fwp%2Fv2%2Fcategories&post=44016"},{"taxonomy":"post_tag","embeddable":true,"href":"https:\/\/www.invarena.cz\/index.php?rest_route=%2Fwp%2Fv2%2Ftags&post=44016"}],"curies":[{"name":"wp","href":"https:\/\/api.w.org\/{rel}","templated":true}]}}