{"id":44031,"date":"2023-11-30T23:08:48","date_gmt":"2023-11-30T22:08:48","guid":{"rendered":"https:\/\/www.invarena.cz\/?p=44031"},"modified":"2023-11-30T23:08:48","modified_gmt":"2023-11-30T22:08:48","slug":"nejlepsi-vykon-predvedl-vitez-svetovych-her-z-birminghamu-martin-bihary","status":"publish","type":"post","link":"https:\/\/www.invarena.cz\/?p=44031","title":{"rendered":"Nejlep\u0161\u00ed v\u00fdkon p\u0159edvedl v\u00edt\u011bz Sv\u011btov\u00fdch her z Birminghamu Martin Bihary"},"content":{"rendered":"\n<p>M\u010cR v benchpressu handicapovan\u00fdch sportovc\u016f p\u0159il\u00e1kalo pozornost sil\u00e1k\u016f z cel\u00e9 republiky. Nejv\u011bt\u0161\u00ed hv\u011bzdou byl Martin Bih\u00e1ry, kter\u00fd reprezentuje Prvn\u00ed Centrum Jiho\u010desk\u00e9ho kraje.<\/p>\n\n\n\n<p>V Prvn\u00edm Centru zdravotn\u011b posti\u017een\u00fdch Jiho\u010desk\u00e9ho kraje prob\u011bhl 29. ro\u010dn\u00edk M\u010cR v benchpressu zrakov\u011b, t\u011blesn\u011b, intelektu\u00e1ln\u011b a kombinovan\u011b handicapovan\u00fdch. Sil\u00e1ci z\u00e1vodili\u00a0 v bezbari\u00e9rov\u00e9 hale 1.Centra zdravotn\u011b posti\u017een\u00fdch J\u010c, z. s. na Vltavsk\u00e9m n\u00e1b\u0159e\u017e\u00ed 1545\/5a v \u010cesk\u00fdch Bud\u011bjovic\u00edch.<\/p>\n\n\n\n<p>Nejlep\u0161\u00ed t\u0159i v jednotliv\u00fdch kategori\u00edch byli ocen\u011bni medailemi, diplomy a v\u011bcn\u00fdmi cenami z Budvaru, n. p. Sportovce nav\u0161t\u00edvila a ceny tak\u00e9 p\u0159edala n\u00e1m\u011bstkyn\u011b prim\u00e1torky m\u011bsta \u010cesk\u00fdch Bud\u011bjovic Zuzana Kudl\u00e1\u010dkov\u00e1. Rovn\u011b\u017e se slavnostn\u00edho vyhl\u00e1\u0161en\u00ed z\u00fa\u010dastnil p\u0159edseda \u010cesk\u00e9ho paralympijsk\u00e9ho v\u00fdboru Bc. Zbyn\u011bk S\u00fdkora, MBA.<\/p>\n\n\n\n<p>Nejlep\u0161\u00ed v\u00fdkon na M\u010cR op\u011bt zaznamenal leto\u0161n\u00ed v\u00edt\u011bz sv\u011btov\u00fdch her z Birminghamu Martin Bihary se zrakov\u00fdm posti\u017een\u00edm do 100 kg, kdy\u017e poko\u0159il \u010dinku o v\u00e1ze 165 kg. Za n\u00edm druh\u00fd nejlep\u0161\u00ed v\u00fdkon p\u0159edvedl Luk\u00e1\u0161 \u0160im\u00e1nek s t\u011blesn\u00fdm handicapem, kter\u00fd zvedl 170 kg ve v\u00e1hov\u00e9 kategorii nad 107 kg. V kategorii do 107 kg s intelektu\u00e1ln\u00edm handicapem zv\u00edt\u011bzil Adam \u0160oh\u00e1jek v\u00fdkonem 105 kg a Mat\u011bji Havlovi v kat. kvadruplegik\u016f se poda\u0159ilo zvednout \u010dinku o v\u00e1ze 60 kg ve v\u00e1hov\u00e9 kategorii do 49 kg (v\u0161ichni jmenovan\u00ed z 1.CZP J\u010c).<\/p>\n\n\n\n<p>Po ukon\u010den\u00ed mistrovstv\u00ed n\u00e1sledoval kulturn\u00ed program v\u011bnovan\u00fd p\u0159ipom\u00ednce 30 let od zalo\u017een\u00ed neziskov\u00e9 organizace 1.CZP J\u010c, z.s. za \u00fa\u010dasti mnoh\u00fdch host\u016f a p\u0159edsedy \u010cesk\u00e9ho vesla\u0159sk\u00e9ho svazu p. Michala Kurfirsta, nebo\u0165 \u010dlenov\u00e9 centra se ji\u017e 13 let v\u011bnuj\u00ed i veslov\u00e1n\u00ed. P\u0159\u00edjemnou atmosf\u00e9ru oslavy zv\u00fdraznil nevidom\u00fd zp\u011bv\u00e1k Radek \u017dalud, absolvent Deylovy konzervato\u0159e a jeho host Roman Sm\u00e9kal, absolvent Pra\u017esk\u00e9 konzervato\u0159e. Tak\u00e9 u p\u0159\u00edle\u017eitosti 30.v\u00fdro\u010d\u00ed byla vyd\u00e1na bro\u017eura, kter\u00e1 je zve\u0159ejn\u011bn\u00e1 na www.1czpjc.cz pod histori\u00ed (autorka Jana Sm\u00e9kalov\u00e1)<\/p>\n\n\n\n<p>Kamil J\u00e1\u0161a<\/p>\n\n\n\n<p>Jind\u0159ichohradeck\u00fd den\u00edk<\/p>\n\n\n\n<p><a href=\"https:\/\/jindrichohradecky.denik.cz\/\" target=\"_blank\" rel=\"noreferrer noopener\">https:\/\/jindrich<\/a><a href=\"https:\/\/jindrichohradecky.denik.cz\/\">ohradecky.denik.cz\/<\/a><\/p>\n","protected":false},"excerpt":{"rendered":"<div class=\"mh-excerpt\"><p>M\u010cR v benchpressu handicapovan\u00fdch sportovc\u016f p\u0159il\u00e1kalo pozornost sil\u00e1k\u016f z cel\u00e9 republiky. Nejv\u011bt\u0161\u00ed hv\u011bzdou byl Martin Bih\u00e1ry, kter\u00fd reprezentuje Prvn\u00ed Centrum Jiho\u010desk\u00e9ho kraje. V Prvn\u00edm Centru <a class=\"mh-excerpt-more\" href=\"https:\/\/www.invarena.cz\/?p=44031\" title=\"Nejlep\u0161\u00ed v\u00fdkon p\u0159edvedl v\u00edt\u011bz Sv\u011btov\u00fdch her z Birminghamu Martin Bihary\">[&#8230;]<\/a><\/p>\n<\/div>","protected":false},"author":1,"featured_media":12624,"comment_status":"open","ping_status":"closed","sticky":false,"template":"","format":"standard","meta":{"footnotes":""},"categories":[9],"tags":[],"class_list":["post-44031","post","type-post","status-publish","format-standard","has-post-thumbnail","hentry","category-zpravy"],"_links":{"self":[{"href":"https:\/\/www.invarena.cz\/index.php?rest_route=\/wp\/v2\/posts\/44031","targetHints":{"allow":["GET"]}}],"collection":[{"href":"https:\/\/www.invarena.cz\/index.php?rest_route=\/wp\/v2\/posts"}],"about":[{"href":"https:\/\/www.invarena.cz\/index.php?rest_route=\/wp\/v2\/types\/post"}],"author":[{"embeddable":true,"href":"https:\/\/www.invarena.cz\/index.php?rest_route=\/wp\/v2\/users\/1"}],"replies":[{"embeddable":true,"href":"https:\/\/www.invarena.cz\/index.php?rest_route=%2Fwp%2Fv2%2Fcomments&post=44031"}],"version-history":[{"count":0,"href":"https:\/\/www.invarena.cz\/index.php?rest_route=\/wp\/v2\/posts\/44031\/revisions"}],"wp:featuredmedia":[{"embeddable":true,"href":"https:\/\/www.invarena.cz\/index.php?rest_route=\/wp\/v2\/media\/12624"}],"wp:attachment":[{"href":"https:\/\/www.invarena.cz\/index.php?rest_route=%2Fwp%2Fv2%2Fmedia&parent=44031"}],"wp:term":[{"taxonomy":"category","embeddable":true,"href":"https:\/\/www.invarena.cz\/index.php?rest_route=%2Fwp%2Fv2%2Fcategories&post=44031"},{"taxonomy":"post_tag","embeddable":true,"href":"https:\/\/www.invarena.cz\/index.php?rest_route=%2Fwp%2Fv2%2Ftags&post=44031"}],"curies":[{"name":"wp","href":"https:\/\/api.w.org\/{rel}","templated":true}]}}