{"id":44040,"date":"2023-11-30T23:30:32","date_gmt":"2023-11-30T22:30:32","guid":{"rendered":"https:\/\/www.invarena.cz\/?p=44040"},"modified":"2023-11-30T23:30:32","modified_gmt":"2023-11-30T22:30:32","slug":"ve-stredoceske-vedecke-knihovne-se-konal-osvetovy-den-cesta-do-slepecke-duse","status":"publish","type":"post","link":"https:\/\/www.invarena.cz\/?p=44040","title":{"rendered":"Ve St\u0159edo\u010desk\u00e9 v\u011bdeck\u00e9 knihovn\u011b se konal osv\u011btov\u00fd den Cesta do slepeck\u00e9 du\u0161e"},"content":{"rendered":"\n<p>V polovin\u011b listopadu otev\u0159ela St\u0159edo\u010desk\u00e1 v\u011bdeck\u00e1 knihovna v Kladn\u011b sv\u00e9 br\u00e1ny a p\u0159iv\u00edtala n\u00e1v\u0161t\u011bvn\u00edky b\u011bhem osv\u011btov\u00e9 akce, kter\u00e1 p\u0159\u00edchoz\u00edm p\u0159ibl\u00ed\u017eila, jak \u017eij\u00ed lid\u00e9 se zrakov\u00fdm posti\u017een\u00edm a jak\u00e9 p\u0159\u00edle\u017eitosti i p\u0159ek\u00e1\u017eky jim sv\u011bt kolem n\u00e1s stav\u00ed do cesty.<\/p>\n\n\n\n<p>S n\u011bkolika v\u00fdznamn\u00fdmi organizacemi s p\u016fsobnost\u00ed v na\u0161em regionu a v Praze p\u0159ipravila knihovna interaktivn\u00ed multidisciplin\u00e1rn\u00ed den, kde si na sv\u00e9 p\u0159i\u0161ly nejen d\u011bti a ml\u00e1de\u017e, ale tak\u00e9 nap\u0159\u00edklad i pedagogov\u00e9 \u010di um\u011blci. P\u0159edstavily se zde SONS (Sjednocen\u00e1 organizace nevidom\u00fdch a slabozrak\u00fdch, z.s.), Tyfloservis, o.p.s., Tyflocentrum, Mate\u0159sk\u00e1 \u0161kola Brejli\u010dky, ob\u010dansk\u00e9 sdru\u017een\u00ed Vide Manibus a Neviditeln\u00e1 v\u00fdstava.<\/p>\n\n\n\n<p>N\u00e1v\u0161t\u011bvn\u00edci si ve velk\u00e9 studovn\u011b mohli d\u00edky Neviditeln\u00e9 v\u00fdstav\u011b vyzkou\u0161et, jak\u00fd je \u017eivot po tm\u011b a otestovat sv\u016fj sluch \u010dich i hmat. Se zakryt\u00fdma o\u010dima tak proch\u00e1zeli labyrintem pouze za pomoci slepeck\u00e9 hole, o\u010dich\u00e1vali lahvi\u010dky s ko\u0159en\u00edm nebo skl\u00e1dali d\u0159ev\u011bnou skl\u00e1da\u010dku. Dozv\u011bd\u011bli se tak\u00e9 n\u011bco o Braillov\u011b bodov\u00e9m p\u00edsmu a na speci\u00e1ln\u00edm psac\u00edm stroji si mohli toto p\u00edsmo zkusit i napsat.<\/p>\n\n\n\n<p>V mal\u00e9 studovn\u011b p\u0159edstavil SONS pom\u016fcky, kter\u00e9 zrakov\u011b posti\u017een\u00ed pou\u017e\u00edvaj\u00ed v b\u011b\u017en\u00e9m \u017eivot\u011b a p\u0159ibl\u00ed\u017eil tak ve\u0159ejnosti \u017eivot zrakov\u011b posti\u017een\u00fdch ve sv\u00e9 ka\u017edodennosti. M\u0160 Brejli\u010dky poskytla uk\u00e1zku haptick\u00fdch pom\u016fcek, her a hra\u010dek, kter\u00e9 ve sv\u00e9m za\u0159\u00edzen\u00ed pou\u017e\u00edvaj\u00ed p\u0159i pr\u00e1ci se zrakov\u011b posti\u017een\u00fdmi d\u011btmi.<\/p>\n\n\n\n<p>P\u016fj\u010dovna se zaplnila haptick\u00fdmi obrazy a orienta\u010dn\u00edmi pl\u00e1ny z d\u00edlny ob\u010dansk\u00e9ho sdru\u017een\u00ed Vide Manibus, kter\u00e9 formou reli\u00e9fn\u00ed grafiky vytv\u00e1\u0159\u00ed haptick\u00e1 zobrazen\u00ed pro nevidom\u00e9 a slabozrak\u00e9. Z\u00e1stupci sdru\u017een\u00ed Zuzana Landsingerov\u00e1 a David Linek zde p\u0159edstavili svou pr\u00e1ci a pohovo\u0159ili o procesu tvorby hmatov\u00fdch reli\u00e9f\u016f.<\/p>\n\n\n\n<p>Celodenn\u00ed akci uzav\u0159ela panelov\u00e1 diskuze na t\u00e9ma Ran\u00e1 p\u00e9\u010de a \u017eivot nevidom\u00fdch a zrakov\u011b posti\u017een\u00fdch v dosp\u011blosti. Diskuze se z\u00fa\u010dastnili b\u00fdval\u00fd \u017e\u00e1k M\u0160 Brejli\u010dky Ladislav Ku\u010dera, p\u0159edseda SONS Kladno Anton\u00edn Bozd\u011bch, nevidom\u00fd zvuka\u0159 a pr\u016fvodce Neviditeln\u00e9 v\u00fdstavy Ond\u0159ej Lusk a speci\u00e1ln\u00ed pedago\u017eka, \u0159editelka Speci\u00e1ln\u011b pedagogick\u00e9ho centra pro zrakov\u011b posti\u017een\u00e9 Mgr. Jana Kul\u0161trunkov\u00e1.<\/p>\n\n\n\n<p>Krist\u00fdna Fro\u0148kov\u00e1<\/p>\n\n\n\n<p>Kladensk\u00fd den\u00edk<\/p>\n\n\n\n<p><a href=\"https:\/\/kladensky.denik.cz\/\" target=\"_blank\" rel=\"noreferrer noopener\">https:\/\/kladensky.denik.cz\/<\/a><\/p>\n","protected":false},"excerpt":{"rendered":"<div class=\"mh-excerpt\"><p>V polovin\u011b listopadu otev\u0159ela St\u0159edo\u010desk\u00e1 v\u011bdeck\u00e1 knihovna v Kladn\u011b sv\u00e9 br\u00e1ny a p\u0159iv\u00edtala n\u00e1v\u0161t\u011bvn\u00edky b\u011bhem osv\u011btov\u00e9 akce, kter\u00e1 p\u0159\u00edchoz\u00edm p\u0159ibl\u00ed\u017eila, jak \u017eij\u00ed lid\u00e9 se zrakov\u00fdm <a class=\"mh-excerpt-more\" href=\"https:\/\/www.invarena.cz\/?p=44040\" title=\"Ve St\u0159edo\u010desk\u00e9 v\u011bdeck\u00e9 knihovn\u011b se konal osv\u011btov\u00fd den Cesta do slepeck\u00e9 du\u0161e\">[&#8230;]<\/a><\/p>\n<\/div>","protected":false},"author":1,"featured_media":19086,"comment_status":"open","ping_status":"closed","sticky":false,"template":"","format":"standard","meta":{"footnotes":""},"categories":[9],"tags":[],"class_list":["post-44040","post","type-post","status-publish","format-standard","has-post-thumbnail","hentry","category-zpravy"],"_links":{"self":[{"href":"https:\/\/www.invarena.cz\/index.php?rest_route=\/wp\/v2\/posts\/44040","targetHints":{"allow":["GET"]}}],"collection":[{"href":"https:\/\/www.invarena.cz\/index.php?rest_route=\/wp\/v2\/posts"}],"about":[{"href":"https:\/\/www.invarena.cz\/index.php?rest_route=\/wp\/v2\/types\/post"}],"author":[{"embeddable":true,"href":"https:\/\/www.invarena.cz\/index.php?rest_route=\/wp\/v2\/users\/1"}],"replies":[{"embeddable":true,"href":"https:\/\/www.invarena.cz\/index.php?rest_route=%2Fwp%2Fv2%2Fcomments&post=44040"}],"version-history":[{"count":0,"href":"https:\/\/www.invarena.cz\/index.php?rest_route=\/wp\/v2\/posts\/44040\/revisions"}],"wp:featuredmedia":[{"embeddable":true,"href":"https:\/\/www.invarena.cz\/index.php?rest_route=\/wp\/v2\/media\/19086"}],"wp:attachment":[{"href":"https:\/\/www.invarena.cz\/index.php?rest_route=%2Fwp%2Fv2%2Fmedia&parent=44040"}],"wp:term":[{"taxonomy":"category","embeddable":true,"href":"https:\/\/www.invarena.cz\/index.php?rest_route=%2Fwp%2Fv2%2Fcategories&post=44040"},{"taxonomy":"post_tag","embeddable":true,"href":"https:\/\/www.invarena.cz\/index.php?rest_route=%2Fwp%2Fv2%2Ftags&post=44040"}],"curies":[{"name":"wp","href":"https:\/\/api.w.org\/{rel}","templated":true}]}}