{"id":44043,"date":"2023-11-30T23:35:52","date_gmt":"2023-11-30T22:35:52","guid":{"rendered":"https:\/\/www.invarena.cz\/?p=44043"},"modified":"2023-11-30T23:35:52","modified_gmt":"2023-11-30T22:35:52","slug":"charitativni-duel-volejbaliste-pomohou-postizenym-detem-ze-skolky-slunecnice","status":"publish","type":"post","link":"https:\/\/www.invarena.cz\/?p=44043","title":{"rendered":"Charitativn\u00ed duel: volejbalist\u00e9 pomohou posti\u017een\u00fdm d\u011btem ze \u0161kolky Slune\u010dnice"},"content":{"rendered":"\n<p>P\u00e1te\u010dn\u00ed podve\u010dern\u00ed z\u00e1pas I. ligy volejbalist\u016f TJ Slavia Hradec Kr\u00e1lov\u00e9 versus SK Volejbal Kol\u00edn se odehraje v r\u00e1mci projektu Pom\u00e1h\u00e1me volejbalem 2023 a bude tak m\u00edt charitativn\u00ed podtext. Z t\u00e9to akce se pomalu st\u00e1v\u00e1 tradice, nebo\u0165 se uskute\u010dn\u00ed ji\u017e t\u0159et\u00edm rokem po sob\u011b. Kolik prost\u0159edk\u016f se letos poda\u0159\u00ed vybrat na dobrou v\u011bc?<\/p>\n\n\n\n<p>Dalo by se \u0159\u00edct, \u017ee u\u017e tradi\u010dn\u011b v prosinci p\u0159ich\u00e1z\u00ed na \u0159adu ligov\u00e9 utk\u00e1n\u00ed hradeck\u00fdch mu\u017e\u016f s p\u0159esahem do b\u011b\u017en\u00e9ho \u017eivota, kdy klub nach\u00e1z\u00ed organizace, pro kter\u00e9 uspo\u0159\u00e1d\u00e1 sb\u00edrku v r\u00e1mci vstupn\u00e9ho a s\u00e1m p\u0159isp\u011bje \u010d\u00e1stkou na podporu dan\u00e9 organizace.<\/p>\n\n\n\n<p>Letos se duel projektu Pom\u00e1h\u00e1me volejbalem uskute\u010dn\u00ed ji\u017e tento p\u00e1tek 1. prosince od 19 hodin, kdy V\u00fdchodo\u010de\u0161i p\u0159iv\u00edtaj\u00ed v hale TJ Slavia Hradec Kr\u00e1lov\u00e9 v Orlick\u00e9 kotlin\u011b dru\u017estvo Kol\u00edna.<\/p>\n\n\n\n<p>\u201eJsme velmi r\u00e1di, \u017ee se n\u00e1m tradici charitativn\u00edch z\u00e1pas\u016f da\u0159\u00ed dr\u017eet u\u017e t\u0159et\u00ed sezonu. V\u017edy je dobr\u00e9 si p\u0159ipomenout, \u017ee jsou na sv\u011bt\u011b i d\u016fle\u017eit\u011bj\u0161\u00ed v\u011bci ne\u017e sport, zvl\u00e1\u0161\u0165 v p\u0159edv\u00e1no\u010dn\u00edm obdob\u00ed. N\u00e1\u0161 t\u00fdm je p\u0159ipraven op\u011bt nav\u00fd\u0161it vybranou \u010d\u00e1stku z t\u00fdmov\u00e9 pokladny. Velmi si v\u00e1\u017e\u00edm toho, \u017ee hr\u00e1\u010di jsou ochotn\u00ed z pokut vyb\u00edran\u00fdch pozorn\u00fdm t\u00fdmov\u00fdm pokladn\u00edkem ka\u017edoro\u010dn\u011b p\u0159isp\u011bt na dobrou v\u011bc,\u201c \u0159\u00edk\u00e1 p\u0159ed p\u00e1te\u010dn\u00edm utk\u00e1n\u00edm hradeck\u00fd tren\u00e9r Jan Kulh\u00e1nek.<\/p>\n\n\n\n<p>Tentokr\u00e1t se odd\u00edl z m\u011bsta pod B\u00edlou v\u011b\u017e\u00ed rozhodl podpo\u0159it speci\u00e1ln\u00ed Mate\u0159skou \u0161kolu Slune\u010dnice Hradec Kr\u00e1lov\u00e9. Ta zaji\u0161\u0165uje komplexn\u00ed v\u00fdchovn\u011b-vzd\u011bl\u00e1vac\u00ed p\u00e9\u010di d\u011btem se speci\u00e1ln\u00edmi vzd\u011bl\u00e1vac\u00edmi pot\u0159ebami r\u016fzn\u00e9ho typu a stupn\u011b, v\u010detn\u011b kombinovan\u00fdch vad. D\u011bti do za\u0159\u00edzen\u00ed doch\u00e1zej\u00ed pouze na doporu\u010den\u00ed pediatr\u016f a jin\u00fdch odborn\u00fdch l\u00e9ka\u0159\u016f, SPC, PPP.<\/p>\n\n\n\n<p>M\u0160 Slune\u010dnice je ur\u010dena pro d\u011bti se v\u0161emi stupni ment\u00e1ln\u00edho posti\u017een\u00ed, s kombinovan\u00fdmi vadami, autismem, poruchou autistick\u00e9ho spektra (PAS), naru\u0161enou komunika\u010dn\u00ed schopnost\u00ed, p\u0159\u00edpadn\u011b s jin\u00fdm typem posti\u017een\u00ed.<\/p>\n\n\n\n<p>V z\u00e1pase si to po sportovn\u00ed str\u00e1nce rozdaj\u00ed vedouc\u00ed t\u00fdm prvoligov\u00e9 skupiny B s nov\u00e1\u010dkem sout\u011b\u017ee, kter\u00fd je v sedmi\u010dlenn\u00e9 tabulce posledn\u00ed. P\u0159esto se o\u010dek\u00e1v\u00e1 vyrovnan\u00fd boj o ka\u017ed\u00fd m\u00ed\u010d, nebo\u0165 Kol\u00edn m\u00e1 ve sv\u00e9m k\u00e1dru p\u0159edev\u0161\u00edm mlad\u00ed\u010dky v\u010detn\u011b ml\u00e1de\u017enick\u00fdch reprezentant\u016f.<\/p>\n\n\n\n<p>Hrade\u010dt\u00ed volejbalist\u00e9 za\u017e\u00edvaj\u00ed skv\u011blou sezonu obohacenou ji\u017e o dv\u011b senzace, kdy\u017e st\u00e1le postupuj\u00ed Chance \u010cesk\u00fdm poh\u00e1rem mu\u017e\u016f. Po p\u0159edpokl\u00e1dan\u00e9m postupu z kvalifikace se jim poda\u0159ilo porazit extraligov\u00e9 t\u00fdmy P\u0159\u00edbrami a Zl\u00edna, d\u00edky \u010demu\u017e slav\u00ed historick\u00fd postup do \u010dtvrtfin\u00e1le poh\u00e1rov\u00e9 sout\u011b\u017ee. Krom\u011b toho v\u00e9vod\u00ed tabulce I. ligy a vyhl\u00ed\u017e\u00ed druhou \u010d\u00e1st sezony, kde se v \u0161esti\u010dlenn\u00e9 skupin\u011b porvou o co nejlep\u0161\u00ed pozici pro play-off.<\/p>\n\n\n\n<p>\u201eSt\u0159etnut\u00ed s Kol\u00ednem se hraje za ji\u017e rozhodnut\u00e9ho stavu v tabulce z\u00e1kladn\u00ed \u010d\u00e1sti, nikdy v\u0161ak nevn\u00edm\u00e1m \u017e\u00e1dn\u00fd z\u00e1pas jako zbyte\u010dn\u00fd. Naopak, je to pro n\u00e1s posledn\u00ed p\u0159\u00edprava p\u0159ed nadstavbovou \u010d\u00e1st\u00ed, kter\u00e1 za\u010d\u00edn\u00e1 hned p\u0159\u00ed\u0161t\u00ed v\u00edkend. I hr\u00e1\u010di bojuj\u00ed o sv\u00e9 m\u00edsto na h\u0159i\u0161ti. V\u011b\u0159\u00edm proto, \u017ee i tuto hern\u00ed p\u0159\u00edle\u017eitost pln\u011b vyu\u017eijeme,\u201c podot\u00fdk\u00e1 kou\u010d Slavie Kulh\u00e1nek.<\/p>\n\n\n\n<p>Petr Tome\u0161<\/p>\n\n\n\n<p>Hradeck\u00fd den\u00edk<\/p>\n\n\n\n<p><a href=\"https:\/\/hradecky.denik.cz\/\" target=\"_blank\" rel=\"noreferrer noopener\">https:\/\/hradecky.denik.cz\/<\/a><\/p>\n","protected":false},"excerpt":{"rendered":"<div class=\"mh-excerpt\"><p>P\u00e1te\u010dn\u00ed podve\u010dern\u00ed z\u00e1pas I. ligy volejbalist\u016f TJ Slavia Hradec Kr\u00e1lov\u00e9 versus SK Volejbal Kol\u00edn se odehraje v r\u00e1mci projektu Pom\u00e1h\u00e1me volejbalem 2023 a bude tak <a class=\"mh-excerpt-more\" href=\"https:\/\/www.invarena.cz\/?p=44043\" title=\"Charitativn\u00ed duel: volejbalist\u00e9 pomohou posti\u017een\u00fdm d\u011btem ze \u0161kolky Slune\u010dnice\">[&#8230;]<\/a><\/p>\n<\/div>","protected":false},"author":1,"featured_media":23666,"comment_status":"open","ping_status":"closed","sticky":false,"template":"","format":"standard","meta":{"footnotes":""},"categories":[9],"tags":[],"class_list":["post-44043","post","type-post","status-publish","format-standard","has-post-thumbnail","hentry","category-zpravy"],"_links":{"self":[{"href":"https:\/\/www.invarena.cz\/index.php?rest_route=\/wp\/v2\/posts\/44043","targetHints":{"allow":["GET"]}}],"collection":[{"href":"https:\/\/www.invarena.cz\/index.php?rest_route=\/wp\/v2\/posts"}],"about":[{"href":"https:\/\/www.invarena.cz\/index.php?rest_route=\/wp\/v2\/types\/post"}],"author":[{"embeddable":true,"href":"https:\/\/www.invarena.cz\/index.php?rest_route=\/wp\/v2\/users\/1"}],"replies":[{"embeddable":true,"href":"https:\/\/www.invarena.cz\/index.php?rest_route=%2Fwp%2Fv2%2Fcomments&post=44043"}],"version-history":[{"count":0,"href":"https:\/\/www.invarena.cz\/index.php?rest_route=\/wp\/v2\/posts\/44043\/revisions"}],"wp:featuredmedia":[{"embeddable":true,"href":"https:\/\/www.invarena.cz\/index.php?rest_route=\/wp\/v2\/media\/23666"}],"wp:attachment":[{"href":"https:\/\/www.invarena.cz\/index.php?rest_route=%2Fwp%2Fv2%2Fmedia&parent=44043"}],"wp:term":[{"taxonomy":"category","embeddable":true,"href":"https:\/\/www.invarena.cz\/index.php?rest_route=%2Fwp%2Fv2%2Fcategories&post=44043"},{"taxonomy":"post_tag","embeddable":true,"href":"https:\/\/www.invarena.cz\/index.php?rest_route=%2Fwp%2Fv2%2Ftags&post=44043"}],"curies":[{"name":"wp","href":"https:\/\/api.w.org\/{rel}","templated":true}]}}