{"id":44046,"date":"2023-11-30T23:46:58","date_gmt":"2023-11-30T22:46:58","guid":{"rendered":"https:\/\/www.invarena.cz\/?p=44046"},"modified":"2023-11-30T23:46:59","modified_gmt":"2023-11-30T22:46:59","slug":"pitt-band-bude-hrat-pro-vozickare-michala-z-jistebnice-pomuzete-mu-i-vy","status":"publish","type":"post","link":"https:\/\/www.invarena.cz\/?p=44046","title":{"rendered":"Pitt Band bude hr\u00e1t pro voz\u00ed\u010dk\u00e1\u0159e Michala z Jistebnice. Pom\u016f\u017eete mu i vy?"},"content":{"rendered":"\n<p>T\u0159iat\u0159icetilet\u00fd Michal Voc\u00edlka z Jistebnice se bez technick\u00e9ho pomocn\u00edka, funk\u010dn\u00ed zdvi\u017en\u00e9 plo\u0161iny, neobejde. Bydl\u00ed toti\u017e s rodi\u010di a sestrou v byt\u011b v prvn\u00edm poschod\u00ed. Sou\u010dasn\u00fd v\u00fdtah ale dosluhuje a on bohu\u017eel nedisponuje pot\u0159ebn\u00fdmi finan\u010dn\u00edmi prost\u0159edky. Nov\u00e1 pom\u016fcka stoj\u00ed v\u00edce ne\u017e 800 tis\u00edc korun. Se sehn\u00e1n\u00edm pen\u011bz se mu proto sna\u017e\u00ed pomoci jeho \u0161irok\u00e9 okol\u00ed, \u0161t\u011bd\u0159\u00ed d\u00e1rci i kapela Pitt Band z Nemy\u0161le u T\u00e1bora.<\/p>\n\n\n\n<p>Michal by se r\u00e1d s\u00e1m bez pomoci nejbli\u017e\u0161\u00edch dost\u00e1val dom\u016f. \u201eZdvi\u017en\u00e1 plo\u0161ina je pro m\u011b kl\u00ed\u010dov\u00fdm vybaven\u00edm, kter\u00e9 mi pom\u016f\u017ee dost\u00e1vat se sob\u011bsta\u010dn\u011b do bytu. Z c\u00edlov\u00e9 \u010d\u00e1stky se za pomoci 271 d\u00e1rc\u016f na Donio.cz vybrala dosud \u010dtvrtina. St\u00e1le v\u011b\u0159\u00edm, \u017ee se poda\u0159\u00ed c\u00edl naplnit, proto jsem sb\u00edrku o m\u011bs\u00edc prodlou\u017eil,\u201c douf\u00e1.<\/p>\n\n\n\n<p>S t\u00edm mu chce pomoci i kapela Pitt Band z Nemy\u0161le na T\u00e1borsku, kter\u00e1 je po\u0159\u00e1d\u00e1n\u00edm p\u0159edv\u00e1no\u010dn\u00edm benefic zn\u00e1m\u00e1. Jej\u00ed \u010dlenov\u00e9 uspo\u0159\u00e1dali pro Michala koncert v jistebnick\u00e9m kulturn\u00edm dom\u011b. Ten se kon\u00e1 u\u017e tento p\u00e1tek 1. prosince od 20 hodin. \u201eVstupn\u00e9 je dobrovoln\u00e9 od sta korun v\u00fd\u0161e,\u201c uv\u00e1d\u00ed kapeln\u00edk Karel Nov\u00e1\u010dek.<\/p>\n\n\n\n<p>Sedmi\u010dlenn\u00e1 kapela Pitt Band hraje coververze p\u00edsn\u00edch r\u016fzn\u00fdch styl\u016f, country, folk, pop i rock pro \u0161irok\u00e9 publikum od mlad\u00e9 a\u017e po star\u0161\u00ed generace. \u201eV p\u00e1tek ur\u010dit\u011b p\u0159ij\u010fte na na\u0161i tane\u010dn\u00ed z\u00e1bavu, bude to prima sousedsk\u00e1 akce, kde si u\u017eijete hezk\u00fd ve\u010der a podpo\u0159\u00edte dobrou v\u011bc,\u201c tvrd\u00ed. \u201eSou\u010d\u00e1st\u00ed akce bude tak\u00e9 dra\u017eba d\u00e1msk\u00e9ho kapeln\u00edho tri\u010dka, kter\u00e1 by m\u011bla pomoci k vy\u0161\u0161\u00edmu v\u00fdt\u011b\u017eku benefice,\u201c prozrazuje Nov\u00e1\u010dek.<\/p>\n\n\n\n<p>Znaj\u00ed se osobn\u011b<\/p>\n\n\n\n<p>Jeho kolega Ji\u0159\u00ed And\u011bl dod\u00e1v\u00e1, \u017ee ho Michal\u016fv p\u0159\u00edb\u011bh osobn\u011b zas\u00e1hl, proto ho letos vybrali pro sv\u016fj dobro\u010dinn\u00fd po\u010din. \u201eSna\u017e\u00edme se jednou za rok ud\u011blat benefici pro n\u011bkoho, kdo se nach\u00e1z\u00ed ve slo\u017eit\u00e9 situaci a zaslou\u017e\u00ed si finan\u010dn\u00ed podporu. Michala zn\u00e1m osobn\u011b, p\u0159ed lety jsem mu toti\u017e v dob\u011b civiln\u00ed slu\u017eby m\u00edsto t\u00e9 vojensk\u00e9 d\u011blal v prvn\u00ed a druh\u00e9 t\u0159\u00edd\u011b na Z\u00e1kladn\u00ed \u0161kole v Jistebnici osobn\u00edho asistenta,\u201c nazna\u010duje.<\/p>\n\n\n\n<p>Del\u0161\u00ed dobu se nevid\u011bli a nyn\u00ed se potkali. \u201eNest\u00fdkali jsme se osobn\u011b, nebyli jsme v kontaktu, p\u00e1rkr\u00e1t jsme se n\u011bkde vid\u011bli a nyn\u00ed jsme si po letech pohovo\u0159ili na Z\u00e1meck\u00e9m festivalu v Jistebnici, kde m\u011b upozornil na svou sb\u00edrku. Slovo dalo slovo, m\u011b napadlo, \u017ee mu m\u016f\u017eeme pomoct se sb\u00edrkou, a tak bude koncert pro n\u011bj,\u201c podot\u00fdk\u00e1 s t\u00edm, \u017ee na jeho \u00fa\u010det na Donio.cz pak vlo\u017e\u00ed cel\u00fd v\u00fdt\u011b\u017eek akce v\u010detn\u011b v\u011bt\u0161\u00edch p\u0159\u00edsp\u011bvk\u016f i financ\u00ed z uveden\u00e9 dra\u017eby.<\/p>\n\n\n\n<p>N\u00e1v\u0161t\u011bvn\u00edci vystoupen\u00ed se mohou t\u011b\u0161it na n\u00e1stroje i \u017eiv\u00fd zp\u011bv. \u201eM\u00e1me zp\u011bva\u010dku, kl\u00e1vesy, dv\u011b kytary, bic\u00ed, basovou kytaru, v\u0161e jede \u017eiv\u011b. Nic si nepou\u0161t\u00edme na playback, hrajeme pro radost v\u0161ech i sob\u011b takovou sm\u011bs \u017e\u00e1nr\u016f. V Jistebnici je p\u011bkn\u00fd kultur\u00e1k, tak douf\u00e1me, \u017ee doraz\u00ed hodn\u011b lid\u00ed,\u201c up\u0159es\u0148uje And\u011bl.<\/p>\n\n\n\n<p>Vym\u011bnit sou\u010d\u00e1stky za nov\u00e9 nelze<\/p>\n\n\n\n<p>Michal Voc\u00edlka (33) je celo\u017eivotn\u011b p\u0159ipout\u00e1n na invalidn\u00ed voz\u00edk v d\u016fsledku d\u011btsk\u00e9 mozkov\u00e9 obrny. Aktu\u00e1ln\u011b \u010del\u00ed velk\u00e9 v\u00fdzv\u011b, kter\u00e1 m\u00e1 z\u00e1sadn\u00ed vliv na ka\u017edodenn\u00ed \u017eivot. St\u00e1vaj\u00edc\u00ed zdvi\u017en\u00e1 plo\u0161ina umo\u017e\u0148uj\u00edc\u00ed bezbari\u00e9rov\u00fd p\u0159\u00edstup do jeho domova je ji\u017e star\u00e1 a vy\u017eaduje neust\u00e1l\u00e9 opravy. \u201eBohu\u017eel n\u011bkter\u00e9 sou\u010d\u00e1stky ji\u017e nelze na trhu sehnat a nikdy nen\u00ed jist\u00e9, kdy u\u017e nebude mo\u017en\u00e9 je opravit,\u201c popisuje s t\u00edm, \u017ee \u017eije v neust\u00e1l\u00e9m strachu, kdy u\u017e se dom\u016f nedostane.<\/p>\n\n\n\n<p>M\u00e1 vlastn\u00ed vchod s v\u00fdtahem, ale tato pom\u016fcka je u\u017e patn\u00e1ct let star\u00e1. \u201eNapadlo m\u011b z vybran\u00e9 \u010d\u00e1stky vym\u011bnit pouze p\u016fvodn\u00ed elektroniku za novou, ale zhotovitelsk\u00e1 firma m\u011b zklamala informac\u00ed, \u017ee podle aktu\u00e1ln\u00ed sm\u011brnice tento z\u00e1sah prost\u011b nelze ud\u011blat,\u201c dod\u00e1v\u00e1 Michal.<\/p>\n\n\n\n<p>Svoboda pohybu nen\u00ed samoz\u0159ejmost\u00ed<\/p>\n\n\n\n<p>Nutn\u00fd je tedy n\u00e1kup a instalace nov\u00e9 plo\u0161iny. Podle jeho slov by mu to zlep\u0161ilo kvalitu \u017eivota a z\u00e1rove\u0148 poskytlo jistotu nez\u00e1vislosti. \u201ePlo\u0161ina by mi zajistila bezpe\u010dn\u00fd a spolehliv\u00fd p\u0159\u00edstup dom\u016f, ale tak\u00e9 mi d\u00e1 pocit jistoty a komfortu, kter\u00fd je pro mnoho lid\u00ed samoz\u0159ejmost\u00ed. Pro m\u011b jde o v\u00fdznamnou a d\u016fle\u017eitou sou\u010d\u00e1st \u017eivota, o kterou m\u016f\u017eu z d\u016fvodu poruchovosti v\u00fdtahu ka\u017ed\u00fdm dnem p\u0159ij\u00edt,\u201c dopl\u0148uje Michal Voc\u00edlka, kter\u00fd str\u00e1vil nemalou \u010d\u00e1st dosavadn\u00edho \u017eivota i studijn\u00ed l\u00e9ta v dalek\u00e9 D\u011btsk\u00e9 l\u00e9\u010debn\u011b Vesna v J\u00e1nsk\u00fdch L\u00e1zn\u00edch v Krkono\u0161\u00edch.<\/p>\n\n\n\n<p>\u201eMoc d\u011bkuji v\u0161em, co se sna\u017e\u00ed mi pomoci. \u017d\u00e1dn\u00e1 \u010d\u00e1stka nen\u00ed mal\u00e1 a d\u00edky dobrot\u011b lid\u00ed se snad v\u0161e poda\u0159\u00ed,\u201c vzkazuje d\u00e1rc\u016fm Michal a srde\u010dn\u011b zve v\u0161echny na p\u00e1te\u010dn\u00ed koncert, kam se bude sna\u017eit tak\u00e9 osobn\u011b dorazit.<\/p>\n\n\n\n<p>Pom\u00e1h\u00e1 cel\u00e1 Jistebnice i \u0161irok\u00e9 okol\u00ed<\/p>\n\n\n\n<p>Podobn\u011b Michalovi u\u017e pom\u00e1hali jistebni\u010dt\u00ed dobrovoln\u00edci \u2013 hasi\u010di, skauti, peka\u0159ky i veden\u00ed radnice. V z\u00e1\u0159\u00ed se uskute\u010dnil dal\u0161\u00ed ro\u010dn\u00edk benefi\u010dn\u00edho Z\u00e1meck\u00e9ho festivalu v Jistebnici, kter\u00fd za pomoci m\u011bsta, majitele z\u00e1mku Ivana Sv\u00edtka a m\u00edstn\u00edch spolk\u016f p\u0159idal k napln\u011bn\u00ed sb\u00edrky 55 tis\u00edc korun.<\/p>\n\n\n\n<p>P\u0159edv\u00e1no\u010dn\u00ed benefice jsou pro hudebn\u00edky z kapely Pitt Band tradic\u00ed, kterou p\u0159eru\u0161ili jenom b\u011bhem koronavirov\u00e9 pandemie. V\u00fdt\u011b\u017eky v\u011bnovali pot\u0159ebn\u00fdm, zejm\u00e9na posti\u017een\u00fdm a handicapovan\u00fdm d\u011btem, ale tak\u00e9 soci\u00e1ln\u011b a zdravotn\u011b zam\u011b\u0159en\u00fdmi organizac\u00edm jako je Rolni\u010dka Sob\u011bslav, Liga proti rakovin\u011b, Fokus T\u00e1bor, Dom\u00e1c\u00ed hospic Jord\u00e1n a dal\u0161\u00ed. Letos slav\u00ed tato formace kr\u00e1sn\u00e9 v\u00fdro\u010d\u00ed 15 let od zalo\u017een\u00ed v roce 2008. <\/p>\n\n\n\n<p>Do sb\u00edrky na pomoc Michalovi lze p\u0159isp\u011bt tak\u00e9 samostatn\u011b na webu: <a href=\"https:\/\/www.donio.cz\/pomoc-pro-misu\" target=\"_blank\" rel=\"noreferrer noopener\">https:\/\/www.donio.cz\/pomoc-pro-misu<\/a><\/p>\n\n\n\n<p>Lenka Posp\u00ed\u0161ilov\u00e1<\/p>\n\n\n\n<p>T\u00e1borsk\u00fd den\u00edk<\/p>\n\n\n\n<p><a href=\"https:\/\/taborsky.denik.cz\/\" target=\"_blank\" rel=\"noreferrer noopener\">https:\/\/taborsky.denik.cz\/<\/a><\/p>\n","protected":false},"excerpt":{"rendered":"<div class=\"mh-excerpt\"><p>T\u0159iat\u0159icetilet\u00fd Michal Voc\u00edlka z Jistebnice se bez technick\u00e9ho pomocn\u00edka, funk\u010dn\u00ed zdvi\u017en\u00e9 plo\u0161iny, neobejde. Bydl\u00ed toti\u017e s rodi\u010di a sestrou v byt\u011b v prvn\u00edm poschod\u00ed. Sou\u010dasn\u00fd <a class=\"mh-excerpt-more\" href=\"https:\/\/www.invarena.cz\/?p=44046\" title=\"Pitt Band bude hr\u00e1t pro voz\u00ed\u010dk\u00e1\u0159e Michala z Jistebnice. Pom\u016f\u017eete mu i vy?\">[&#8230;]<\/a><\/p>\n<\/div>","protected":false},"author":1,"featured_media":24717,"comment_status":"open","ping_status":"closed","sticky":false,"template":"","format":"standard","meta":{"footnotes":""},"categories":[9],"tags":[],"class_list":["post-44046","post","type-post","status-publish","format-standard","has-post-thumbnail","hentry","category-zpravy"],"_links":{"self":[{"href":"https:\/\/www.invarena.cz\/index.php?rest_route=\/wp\/v2\/posts\/44046","targetHints":{"allow":["GET"]}}],"collection":[{"href":"https:\/\/www.invarena.cz\/index.php?rest_route=\/wp\/v2\/posts"}],"about":[{"href":"https:\/\/www.invarena.cz\/index.php?rest_route=\/wp\/v2\/types\/post"}],"author":[{"embeddable":true,"href":"https:\/\/www.invarena.cz\/index.php?rest_route=\/wp\/v2\/users\/1"}],"replies":[{"embeddable":true,"href":"https:\/\/www.invarena.cz\/index.php?rest_route=%2Fwp%2Fv2%2Fcomments&post=44046"}],"version-history":[{"count":0,"href":"https:\/\/www.invarena.cz\/index.php?rest_route=\/wp\/v2\/posts\/44046\/revisions"}],"wp:featuredmedia":[{"embeddable":true,"href":"https:\/\/www.invarena.cz\/index.php?rest_route=\/wp\/v2\/media\/24717"}],"wp:attachment":[{"href":"https:\/\/www.invarena.cz\/index.php?rest_route=%2Fwp%2Fv2%2Fmedia&parent=44046"}],"wp:term":[{"taxonomy":"category","embeddable":true,"href":"https:\/\/www.invarena.cz\/index.php?rest_route=%2Fwp%2Fv2%2Fcategories&post=44046"},{"taxonomy":"post_tag","embeddable":true,"href":"https:\/\/www.invarena.cz\/index.php?rest_route=%2Fwp%2Fv2%2Ftags&post=44046"}],"curies":[{"name":"wp","href":"https:\/\/api.w.org\/{rel}","templated":true}]}}