{"id":4419,"date":"2013-05-03T09:59:18","date_gmt":"2013-05-03T07:59:18","guid":{"rendered":"http:\/\/www.invarena.cz\/?p=4419"},"modified":"2013-05-03T12:55:45","modified_gmt":"2013-05-03T10:55:45","slug":"ministryne-to-vzdava-zahaji-jednani-o-zruseni-skaret","status":"publish","type":"post","link":"https:\/\/www.invarena.cz\/?p=4419","title":{"rendered":"Ministryn\u011b boj o sKarty vzd\u00e1v\u00e1. Zah\u00e1j\u00ed jedn\u00e1n\u00ed o jejich zru\u0161en\u00ed"},"content":{"rendered":"<p><strong>Vl\u00e1da ve \u010dtvrtek op\u011bt odm\u00edtla n\u00e1vrh ministryn\u011b pr\u00e1ce M\u00fcllerov\u00e9 na \u00fapravu syst\u00e9mu sKaret. Doporu\u010dila j\u00ed, aby p\u0159ipravila ukon\u010den\u00ed projektu a intenzivn\u011b o tom jednala s \u010ceskou spo\u0159itelnou. M\u00fcllerov\u00e1 ozn\u00e1mila, \u017ee doporu\u010den\u00ed bude respektovat.<\/strong><br \/>\n<!--more--><\/p>\n<p>Novin\u00e1\u0159\u016fm to dnes po jedn\u00e1n\u00ed vl\u00e1dy \u0159ekl premi\u00e9r Petr Ne\u010das.<\/p>\n<p>M\u00fcllerov\u00e1 ozn\u00e1mila, \u017ee nyn\u00ed se o\u010dek\u00e1v\u00e1 s\u00e9rii jedn\u00e1n\u00ed na ministerstvu, ale i s bankou. Kdy n\u00e1vrh na zru\u0161en\u00ed karty vl\u00e1d\u011b p\u0159inese, odhadovat necht\u011bla.<\/p>\n<p>&#8222;Chci, aby \u010dlov\u011bk byl na prvn\u00edm m\u00edst\u011b. Aby sKarta nebyla p\u0159edm\u011btem politick\u00fdch dohad\u016f,&#8220; \u0159ekla M\u00fcllerov\u00e1. Prioritou je podle n\u00ed to, aby se d\u00e1vky dostaly v\u010das ke klient\u016fm.<\/p>\n<p>V podkladech pro vl\u00e1du jej\u00ed ministerstvo ji\u017e d\u0159\u00edve varovalo, \u017ee pokud by se syst\u00e9m neupravil, hrozilo by zpo\u017e\u010fov\u00e1n\u00ed d\u00e1vek. \u00da\u0159ad pro ochranu osobn\u00edch \u00fadaj\u016f dal resortu toti\u017e na n\u00e1pravu chyb \u010das do pololet\u00ed, jinak se maj\u00ed sKarty p\u0159estat pou\u017e\u00edvat.<\/p>\n<p>V parlamentu je u\u017e projedn\u00e1v\u00e1na opozi\u010dn\u00ed sen\u00e1tn\u00ed novela, kter\u00e1 sKarty ru\u0161\u00ed.<\/p>\n<p>Ministryn\u011b sv\u016fj n\u00e1vrh \u00faprav vl\u00e1d\u011b dnes p\u0159edkl\u00e1dala podruh\u00e9. Od prvn\u00ed verze, kterou kabinet p\u0159ed t\u0159emi t\u00fddny odm\u00edtl, se ale p\u0159\u00edli\u0161 neli\u0161il. Ne\u010das u\u017e d\u0159\u00edv \u0159ekl, \u017ee za postupem M\u00fcllerov\u00e9 vid\u00ed &#8222;stranick\u00fd p\u0159\u00edkaz&#8220; z veden\u00ed TOP 09, kter\u00e1 je proti ukon\u010den\u00ed syst\u00e9mu. Premi\u00e9r poznamenal, \u017ee pro n\u00e1vrh ministryn\u011b hlasovali jen \u010dty\u0159i \u010dlenov\u00e9 vl\u00e1dy. TOP 09 m\u011bla na jedn\u00e1n\u00ed pr\u00e1v\u011b \u010dty\u0159i z\u00e1stupce, ministryn\u011b kultury Han\u00e1kov\u00e1 chyb\u011bla.<\/p>\n<p>Podle ministryn\u011b bude t\u0159eba vy\u010d\u00edslit p\u0159\u00edpadn\u00e9 kompenzace, kter\u00e9 by \u010cesk\u00e1 spo\u0159itelna mohla \u017e\u00e1dat. V\u00fd\u0161i si netroufala odhadnout. Podle n\u00ed o tom nechce mluvit ani spo\u0159itelna, kdy\u017e pr\u00fd nezn\u00e1 legislativn\u00ed podobu ukon\u010den\u00ed projektu. Gener\u00e1ln\u00ed \u0159editel \u010cS u\u017e d\u0159\u00edv \u0159ekl, \u017ee syst\u00e9m firmu st\u00e1l asi 300 milion\u016f. I podle premi\u00e9ra te\u010f nem\u00e1 smysl diskusi o kompenzac\u00edch rozv\u00e1d\u011bt.<\/p>\n<p><strong>\u010cSSD: A\u0165 to zaplat\u00ed Dr\u00e1bek<\/strong><\/p>\n<p>Podle p\u0159edsedy opozi\u010dn\u00edch soci\u00e1ln\u00edch demokrat\u016f Bohuslava Sobotky by se kv\u016fli p\u0159\u00edpadn\u00fdm kompenzac\u00edm za zru\u0161en\u00ed sKaret m\u011bl zodpov\u00eddat b\u00fdval\u00fd ministr Dr\u00e1bek, nikoliv da\u0148ov\u00ed poplatn\u00edci. &#8222;J\u00e1 pokl\u00e1d\u00e1m za nehor\u00e1zn\u00e9, jestli\u017ee se tady hovo\u0159\u00ed o jak\u00fdchkoliv kompenzac\u00edch, kter\u00e9 by m\u011bly b\u00fdt vypl\u00e1ceny ze strany st\u00e1tu. Pokud takov\u00e9 nebezpe\u010d\u00ed hroz\u00ed, pak by se nepochybn\u011b m\u011bl zodpov\u00eddat b\u00fdval\u00fd ministr Dr\u00e1bek,&#8220; \u0159ekl Sobotka.<\/p>\n<p>Minist\u0159i by podle p\u0159edsedy \u010cSSD m\u011bli ve\u0159ejnosti jasn\u011b sd\u011blit, jak\u00e1 finan\u010dn\u00ed rizika pro st\u00e1tn\u00ed rozpo\u010det z projektu vypl\u00fdvaj\u00ed. Vl\u00e1dn\u00ed strany by pr\u00fd tak\u00e9 m\u011bly prom\u011bnit slova v \u010diny a podpo\u0159it ve Sn\u011bmovn\u011b n\u00e1vrh soci\u00e1ln\u00edch demokrat\u016f na zru\u0161en\u00ed sKaret.<br \/>\n<strong>VV vyhro\u017euj\u00ed trestn\u00edm ozn\u00e1men\u00edm<\/strong><\/p>\n<p>Opozi\u010dn\u00ed V\u011bci ve\u0159ejn\u00e9 ozn\u00e1mily, \u017ee pokud \u010cesk\u00e1 spo\u0159itelna vznese n\u00e1rok na vyrovn\u00e1n\u00ed, podaj\u00ed trestn\u00ed ozn\u00e1men\u00ed na Dr\u00e1bka a na jeho n\u011bkdej\u0161\u00edho n\u00e1m\u011bstka Vladim\u00edra \u0160i\u0161ku. Podle \u0161\u00e9fky poslanc\u016f VV Kate\u0159iny Klasnov\u00e9 je mo\u017en\u00e9, \u017ee uzav\u0159eli smlouvu nev\u00fdhodnou pro st\u00e1t.<\/p>\n<p>Podle M\u00fcllerov\u00e9 bude pot\u0159eba p\u0159ipravit i p\u0159echodn\u00e1 opat\u0159en\u00ed, kartu m\u00e1 toti\u017e na 275 tis\u00edc lid\u00ed. &#8222;Budeme d\u011blat v\u0161e pro to, aby se v\u00fdplaty d\u00e1vek jak\u00fdmkoliv zp\u016fsobem nezpozdily,&#8220; uvedla. P\u0159i ukon\u010den\u00ed projektu \u00fa\u0159ady pr\u00e1ce nejsp\u00ed\u0161\u00a0 oslov\u00ed dr\u017eitele sKaret, aby s nimi dojednaly jin\u00fd zp\u016fsob vypl\u00e1cen\u00ed.<\/p>\n<p>Zru\u0161en\u00ed sKarty podporuj\u00ed ODS a LIDEM. \u0160\u00e9fka nejmen\u0161\u00ed vl\u00e1dn\u00ed strany a vicepremi\u00e9rka Karol\u00edna Peake sd\u011blila, \u017ee podle n\u00ed jsou dv\u011b mo\u017enosti: zru\u0161en\u00ed projektu p\u0159i minimalizaci n\u00e1klad\u016f, nebo zachov\u00e1n\u00ed karty jako jednoho z prost\u0159edk\u016f pro v\u00fdplatu d\u00e1vek. Zru\u0161en\u00ed \u017e\u00e1d\u00e1 i opozice, rada posti\u017een\u00fdch \u010di odbory. St\u00ed\u017enost na syst\u00e9m dostal \u00dastavn\u00ed soud. U pra\u017esk\u00e9ho soudu je \u017ealoba.<\/p>\n<p>invArena<\/p>\n","protected":false},"excerpt":{"rendered":"<div class=\"mh-excerpt\"><p>Vl\u00e1da ve \u010dtvrtek op\u011bt odm\u00edtla n\u00e1vrh ministryn\u011b pr\u00e1ce M\u00fcllerov\u00e9 na \u00fapravu syst\u00e9mu sKaret. Doporu\u010dila j\u00ed, aby p\u0159ipravila ukon\u010den\u00ed projektu a intenzivn\u011b o tom jednala s <a class=\"mh-excerpt-more\" href=\"https:\/\/www.invarena.cz\/?p=4419\" title=\"Ministryn\u011b boj o sKarty vzd\u00e1v\u00e1. Zah\u00e1j\u00ed jedn\u00e1n\u00ed o jejich zru\u0161en\u00ed\">[&#8230;]<\/a><\/p>\n<\/div>","protected":false},"author":1,"featured_media":2393,"comment_status":"open","ping_status":"open","sticky":false,"template":"","format":"standard","meta":{"footnotes":""},"categories":[6],"tags":[],"class_list":["post-4419","post","type-post","status-publish","format-standard","has-post-thumbnail","hentry","category-politika"],"_links":{"self":[{"href":"https:\/\/www.invarena.cz\/index.php?rest_route=\/wp\/v2\/posts\/4419","targetHints":{"allow":["GET"]}}],"collection":[{"href":"https:\/\/www.invarena.cz\/index.php?rest_route=\/wp\/v2\/posts"}],"about":[{"href":"https:\/\/www.invarena.cz\/index.php?rest_route=\/wp\/v2\/types\/post"}],"author":[{"embeddable":true,"href":"https:\/\/www.invarena.cz\/index.php?rest_route=\/wp\/v2\/users\/1"}],"replies":[{"embeddable":true,"href":"https:\/\/www.invarena.cz\/index.php?rest_route=%2Fwp%2Fv2%2Fcomments&post=4419"}],"version-history":[{"count":0,"href":"https:\/\/www.invarena.cz\/index.php?rest_route=\/wp\/v2\/posts\/4419\/revisions"}],"wp:featuredmedia":[{"embeddable":true,"href":"https:\/\/www.invarena.cz\/index.php?rest_route=\/wp\/v2\/media\/2393"}],"wp:attachment":[{"href":"https:\/\/www.invarena.cz\/index.php?rest_route=%2Fwp%2Fv2%2Fmedia&parent=4419"}],"wp:term":[{"taxonomy":"category","embeddable":true,"href":"https:\/\/www.invarena.cz\/index.php?rest_route=%2Fwp%2Fv2%2Fcategories&post=4419"},{"taxonomy":"post_tag","embeddable":true,"href":"https:\/\/www.invarena.cz\/index.php?rest_route=%2Fwp%2Fv2%2Ftags&post=4419"}],"curies":[{"name":"wp","href":"https:\/\/api.w.org\/{rel}","templated":true}]}}