{"id":44210,"date":"2023-12-07T07:35:55","date_gmt":"2023-12-07T06:35:55","guid":{"rendered":"https:\/\/www.invarena.cz\/?p=44210"},"modified":"2023-12-07T07:35:56","modified_gmt":"2023-12-07T06:35:56","slug":"minimalni-mzda-by-mela-od-ledna-vzrust-o-1600-kc","status":"publish","type":"post","link":"https:\/\/www.invarena.cz\/?p=44210","title":{"rendered":"Minim\u00e1ln\u00ed mzda by m\u011bla od ledna vzr\u016fst o 1600 K\u010d\u00a0\u00a0"},"content":{"rendered":"\n<p><\/p>\n\n\n\n<p>Minim\u00e1ln\u00ed mzda by m\u011bla od ledna vzr\u016fst o 1 600 K\u010d na 18 900. Do p\u00e1r let by se m\u011bla ust\u00e1lit na 45 % pr\u016fm\u011brn\u00e9 mzdy. Tenhle pl\u00e1n v\u010dera p\u0159edstavil\u00a0<strong>ministr<\/strong>\u00a0<strong>pr\u00e1ce<\/strong>\u00a0a soci\u00e1ln\u00edch v\u011bc\u00ed Marian Jure\u010dka. Podle opozice nen\u00ed nav\u00fd\u0161en\u00ed dostate\u010dn\u00e9, proto\u017ee nekop\u00edruje r\u016fst inflace. To Jure\u010dka odm\u00edt\u00e1.<br \/><br \/>NOVA\u00a0&#8211; Televizn\u00ed noviny<br \/>&#8212;&#8212;&#8212;&#8212;&#8212;&#8212;&#8211;<br \/>Naposledy se minim\u00e1ln\u00ed mzda zvedla letos v lednu o 1 100 K\u010d na 17 300. P\u0159\u00ed\u0161t\u00ed rok by m\u011bl b\u00fdt n\u00e1r\u016fst o n\u011bco vy\u0161\u0161\u00ed, tedy o 1 600 K\u010d.<br \/><br \/>Marian Jure\u010dka,\u00a0<strong>ministr<\/strong>\u00a0<strong>pr\u00e1ce<\/strong>\u00a0a soci\u00e1ln\u00edch v\u011bc\u00ed, vicepremi\u00e9r \/KDU-\u010cSL\/<br \/>&#8212;&#8212;&#8212;&#8212;&#8212;&#8212;&#8211;<br \/>To je tedy n\u00e1vrh, kter\u00fd j\u00e1 budu p\u0159edkl\u00e1dat vl\u00e1d\u011b a kter\u00fdm tak\u00e9 odpov\u00edd\u00e1me na to, jak podpo\u0159it lidi, kte\u0159\u00ed d\u011blaj\u00ed v t\u011bch ni\u017e\u0161\u00edch kvalifika\u010dn\u00edch oblastech prac\u00ed.<br \/><br \/>Alena Schillerov\u00e1, p\u0159edsedkyn\u011b poslaneck\u00e9ho klubu \/ANO\/<br \/>&#8212;&#8212;&#8212;&#8212;&#8212;&#8212;&#8211;<br \/>J\u00e1 si mysl\u00edm, \u017ee vzhledem k tomu, \u017ee je v \u010cesk\u00e9 republice nejv\u011bt\u0161\u00ed propad re\u00e1ln\u00fdch mezd d\u00edky nezvl\u00e1dnut\u00e9 inflaci vl\u00e1dou Petra Fialy, tak se, \u017ee by to m\u011blo kop\u00edrovat inflaci, co\u017e by byla \u010d\u00e1stka n\u011bkdy kolem 1 800 K\u010d.<br \/><br \/>Marian JURE\u010cKA,\u00a0<strong>ministr<\/strong>\u00a0<strong>pr\u00e1ce<\/strong>\u00a0a soci\u00e1ln\u00edch v\u011bc\u00ed \/KDU-\u010cSL\/<br \/>&#8212;&#8212;&#8212;&#8212;&#8212;&#8212;&#8211;<br \/>Tempo r\u016fstu minim\u00e1ln\u00ed mzdy roste rychleji, ne\u017e roste inflace. Jsme, \u0159ekn\u011bme, i na ur\u010dit\u00e9 hranici toho, co jsou schopny firmy v tomto tempu zvl\u00e1dnout, vypl\u00e1cet ty minim\u00e1ln\u00ed mzdy a abychom s t\u00edm nespustili t\u0159eba v n\u011bkter\u00fdch regionech i p\u0159\u00edpadn\u00e9 n\u011bjak\u00e9 propou\u0161t\u011bn\u00ed.<br \/><br \/> redaktorka<br \/>&#8212;&#8212;&#8212;&#8212;&#8212;&#8212;&#8211;<br \/>Podle podklad\u016f k chystan\u00e9mu vl\u00e1dn\u00edmu na\u0159\u00edzen\u00ed v \u010cesk\u00e9 republice pracovalo minul\u00fd rok za nejni\u017e\u0161\u00ed \u010d\u00e1stku asi 118 000 lid\u00ed. Ministerstvo nav\u00edc p\u0159ipravilo novelu z\u00e1kon\u00edku pr\u00e1ce, kter\u00e1 m\u00e1 zajistit automatick\u00fd r\u016fst minim\u00e1ln\u00ed mzdy. Ta by m\u011bla v budoucnu dosahovat 45 % pr\u016fm\u011brn\u00e9 mzdy.<br \/><br \/>Petr Barto\u0148, ekonom<br \/>&#8212;&#8212;&#8212;&#8212;&#8212;&#8212;&#8211;<br \/>M\u016f\u017eeme se dostat do z\u00e1voda Achilla se \u017eelvou, proto\u017ee t\u00edm, \u017ee se zv\u00fd\u0161\u00ed minim\u00e1ln\u00ed mzda, se automaticky zv\u00fd\u0161\u00ed i ta pr\u016fm\u011brn\u00e1 mzda, to znamen\u00e1 jak\u00e9koliv zv\u00fd\u0161en\u00ed minim\u00e1ln\u00ed mzdy pohne i tou pr\u016fm\u011brnou mzdou, a to potom bude p\u0159edpokl\u00e1dat zase o n\u011bco pohnut\u00ed minim\u00e1ln\u00ed mzdy, ale to vyvol\u00e1 zase n\u00e1r\u016fst t\u00e9 pr\u016fm\u011brn\u00e9 atd. atd., tak\u017ee v tom extr\u00e9mu se tady m\u016f\u017eeme do\u010dkat situace, kdy n\u00e1m to jakoby ten cel\u00fd syst\u00e9m vyexploduje.<br \/><br \/>Krist\u00fdna BEZD\u011aKOV\u00c1, redaktorka<br \/>&#8212;&#8212;&#8212;&#8212;&#8212;&#8212;&#8211;<br \/>Na minim\u00e1ln\u00ed mzdu je nav\u00e1z\u00e1na i zaru\u010den\u00e1 mzda. Ta ur\u010duje nejni\u017e\u0161\u00ed mo\u017en\u00e9 v\u00fdd\u011blky v jednotliv\u00fdch profes\u00edch. Jde t\u0159eba o ukl\u00edze\u010dky, prodava\u010dky nebo nap\u0159\u00edklad \u00fa\u0159edn\u00edky.<br \/><br \/>Petr Barto\u0148, hlavn\u00ed ekonom investi\u010dn\u00ed skupiny Natland<br \/>&#8212;&#8212;&#8212;&#8212;&#8212;&#8212;&#8211;<br \/>Drtiv\u00e1 v\u011bt\u0161ina lid\u00ed si samoz\u0159ejm\u011b vyd\u011bl\u00e1v\u00e1 mnohem v\u00edc, ne\u017e je ta garantovan\u00e1, minim\u00e1ln\u00ed, ale ty jsou pr\u00e1v\u011b ofici\u00e1ln\u011b zafixov\u00e1ny jako n\u011bjak\u00fd n\u00e1sobek t\u00e9 minim\u00e1ln\u00ed. T\u00edm p\u00e1dem, kdy\u017e se zv\u00fd\u0161\u00ed minim\u00e1ln\u00ed mzda, zvy\u0161uj\u00ed se i ta garantovan\u00e1 minima.<br \/><br \/>Krist\u00fdna BEZD\u011aKOV\u00c1, redaktorka<br \/>&#8212;&#8212;&#8212;&#8212;&#8212;&#8212;&#8211;<br \/>Podle ekonom\u016f je tak\u00e9 \u0159ada soci\u00e1ln\u00edch d\u00e1vek, kter\u00e9 sice nejsou v\u00e1zan\u00e9 automaticky p\u0159\u00edmo na minim\u00e1ln\u00ed mzdu, vl\u00e1da se ale p\u0159i ur\u010dov\u00e1n\u00ed jejich v\u00fd\u0161e podle minim\u00e1ln\u00ed mzdy orientuje. <\/p>\n\n\n\n<p>televize Nova.<br \/><\/p>\n","protected":false},"excerpt":{"rendered":"<div class=\"mh-excerpt\"><p>Minim\u00e1ln\u00ed mzda by m\u011bla od ledna vzr\u016fst o 1 600 K\u010d na 18 900. Do p\u00e1r let by se m\u011bla ust\u00e1lit na 45 % pr\u016fm\u011brn\u00e9 <a class=\"mh-excerpt-more\" href=\"https:\/\/www.invarena.cz\/?p=44210\" title=\"Minim\u00e1ln\u00ed mzda by m\u011bla od ledna vzr\u016fst o 1600 K\u010d\u00a0\u00a0\">[&#8230;]<\/a><\/p>\n<\/div>","protected":false},"author":1,"featured_media":600,"comment_status":"open","ping_status":"closed","sticky":false,"template":"","format":"standard","meta":{"footnotes":""},"categories":[1],"tags":[],"class_list":["post-44210","post","type-post","status-publish","format-standard","has-post-thumbnail","hentry","category-nezarazene"],"_links":{"self":[{"href":"https:\/\/www.invarena.cz\/index.php?rest_route=\/wp\/v2\/posts\/44210","targetHints":{"allow":["GET"]}}],"collection":[{"href":"https:\/\/www.invarena.cz\/index.php?rest_route=\/wp\/v2\/posts"}],"about":[{"href":"https:\/\/www.invarena.cz\/index.php?rest_route=\/wp\/v2\/types\/post"}],"author":[{"embeddable":true,"href":"https:\/\/www.invarena.cz\/index.php?rest_route=\/wp\/v2\/users\/1"}],"replies":[{"embeddable":true,"href":"https:\/\/www.invarena.cz\/index.php?rest_route=%2Fwp%2Fv2%2Fcomments&post=44210"}],"version-history":[{"count":0,"href":"https:\/\/www.invarena.cz\/index.php?rest_route=\/wp\/v2\/posts\/44210\/revisions"}],"wp:featuredmedia":[{"embeddable":true,"href":"https:\/\/www.invarena.cz\/index.php?rest_route=\/wp\/v2\/media\/600"}],"wp:attachment":[{"href":"https:\/\/www.invarena.cz\/index.php?rest_route=%2Fwp%2Fv2%2Fmedia&parent=44210"}],"wp:term":[{"taxonomy":"category","embeddable":true,"href":"https:\/\/www.invarena.cz\/index.php?rest_route=%2Fwp%2Fv2%2Fcategories&post=44210"},{"taxonomy":"post_tag","embeddable":true,"href":"https:\/\/www.invarena.cz\/index.php?rest_route=%2Fwp%2Fv2%2Ftags&post=44210"}],"curies":[{"name":"wp","href":"https:\/\/api.w.org\/{rel}","templated":true}]}}