{"id":44354,"date":"2023-12-15T05:03:00","date_gmt":"2023-12-15T04:03:00","guid":{"rendered":"https:\/\/www.invarena.cz\/?p=44354"},"modified":"2023-12-15T05:03:06","modified_gmt":"2023-12-15T04:03:06","slug":"digitalizace-zadosti-v-resortu-mpsv","status":"publish","type":"post","link":"https:\/\/www.invarena.cz\/?p=44354","title":{"rendered":"Digitalizace \u017e\u00e1dost\u00ed v resortu MPSV\u00a0\u00a0"},"content":{"rendered":"\n<p>A\u017e milion lid\u00ed, kte\u0159\u00ed dote\u010f museli chodit se \u017e\u00e1dostmi o d\u00e1vky na \u00fa\u0159ady pr\u00e1ce, si je nov\u011b m\u016f\u017ee vy\u0159izovat z domova. Ministerstvo digitalizovalo nap\u0159\u00edklad \u017e\u00e1dosti o p\u0159\u00edsp\u011bvek na bydlen\u00ed a za prvn\u00ed dny syst\u00e9m vyu\u017eily stovky lid\u00ed. Ti, kte\u0159\u00ed si rad\u011bji v\u0161e vy\u0159izuj\u00ed osobn\u011b, budou moci zaj\u00edt i na vybran\u00e9 pobo\u010dky \u010cesk\u00e9 po\u0161ty.<br \/><br \/>NOVA\u00a0&#8211; Televizn\u00ed noviny<br \/>&#8212;&#8212;&#8212;&#8212;&#8212;&#8212;&#8211;<br \/>Jenda. Tak Ministerstvo pr\u00e1ce a soci\u00e1ln\u00edch v\u011bc\u00ed pojmenovalo sv\u016fj klientsk\u00fd port\u00e1l. Lid\u00e9 v n\u011bm mohou z domova vy\u0159izovat \u017e\u00e1dosti o rodi\u010dovsk\u00fd p\u0159\u00edsp\u011bvek, p\u0159\u00edsp\u011bvky na bydlen\u00ed nebo na d\u00edt\u011b.<br \/><br \/>Marian JURE\u010cKA,\u00a0<strong>ministr<\/strong>\u00a0<strong>pr\u00e1ce<\/strong>\u00a0a soci\u00e1ln\u00edch v\u011bc\u00ed \/KDU-\u010cSL\/<br \/>&#8212;&#8212;&#8212;&#8212;&#8212;&#8212;&#8211;<br \/>V\u00edce jak 1 milion lid\u00ed, kte\u0159\u00ed dnes museli chodit fyzicky na \u00fa\u0159ad pr\u00e1ce, d\u00edky t\u011bmto krok\u016fm nebudou muset na \u00fa\u0159ad pr\u00e1ce v\u016fbec j\u00edt.<br \/><br \/>redaktorka<br \/>&#8212;&#8212;&#8212;&#8212;&#8212;&#8212;&#8211;<br \/>Proto, abyste se mohli do klientsk\u00e9 z\u00f3ny Jenda p\u0159ihl\u00e1sit, pot\u0159ebujete m\u00edt tzv. identitu ob\u010dana, kterou si m\u016f\u017eete zalo\u017eit p\u0159es internet. Pak u\u017e jen sta\u010d\u00ed se p\u0159ihl\u00e1sit a zvolit, o kterou d\u00e1vku chcete po\u017e\u00e1dat. Do syst\u00e9mu dolo\u017e\u00edte pot\u0159ebn\u00e9 dokumenty a \u017e\u00e1dost ode\u0161lete.<br \/><br \/>Karel Trpko\u0161, vrchn\u00ed \u0159editel ministersk\u00e9 sekce informa\u010dn\u00edch technologi\u00ed\u00a0<strong>MPSV<\/strong><br \/>&#8212;&#8212;&#8212;&#8212;&#8212;&#8212;&#8211;<br \/>Je d\u016fle\u017eit\u00e9 i vzhledem ke kybernetick\u00e9 bezpe\u010dnosti chodit v\u017edycky p\u0159es tu na\u0161i konkr\u00e9tn\u00ed adresu, to znamen\u00e1 Jenda.<strong>mpsv<\/strong>.cz.<br \/><br \/>redaktorka<br \/>&#8212;&#8212;&#8212;&#8212;&#8212;&#8212;&#8211;<br \/>Ministerstvo pr\u00e1ce a soci\u00e1ln\u00edch v\u011bc\u00ed spustilo pilotn\u00ed verzi \u017e\u00e1dost\u00ed o p\u0159\u00edsp\u011bvek na bydlen\u00ed a p\u0159\u00eddavk\u016f na d\u00edt\u011b v \u00fater\u00fd.<br \/><br \/>Marian JURE\u010cKA,\u00a0<strong>ministr<\/strong>\u00a0<strong>pr\u00e1ce<\/strong>\u00a0a soci\u00e1ln\u00edch v\u011bc\u00ed \/KDU-\u010cSL\/<br \/>&#8212;&#8212;&#8212;&#8212;&#8212;&#8212;&#8211;<br \/>448 lid\u00ed n\u00e1m dolo\u017eilo p\u0159\u00edjem p\u0159es Jendu te\u010fka u \u00faterka, 98 lid\u00ed u\u017e n\u00e1m dolo\u017eilo n\u00e1klady na bydlen\u00ed a m\u00e1me 119 \u017e\u00e1dost\u00ed o p\u0159\u00eddavek na d\u011bti a 94 \u017e\u00e1dost\u00ed o p\u0159\u00edsp\u011bvek na bydlen\u00ed.<br \/><br \/>redaktorka<br \/>&#8212;&#8212;&#8212;&#8212;&#8212;&#8212;&#8211;<br \/>Lid\u00e9, kte\u0159\u00ed si nev\u00ed rady, jak podat \u017e\u00e1dost o d\u00e1vku online, budou muset i nad\u00e1le \u017e\u00e1dosti vy\u0159izovat fyzicky, a to na \u00fa\u0159ad\u011b pr\u00e1ce a od nov\u00e9ho roku i na n\u011bkter\u00fdch pobo\u010dk\u00e1ch \u010cesk\u00e9 po\u0161ty.<br \/><br \/>Daniel Kri\u0161tof, gener\u00e1ln\u00ed \u0159editel \u00da\u0159adu pr\u00e1ce<br \/>&#8212;&#8212;&#8212;&#8212;&#8212;&#8212;&#8211;<br \/>Na n\u011bkter\u00fdch m\u00edstech u\u017e nebude m\u00edt smysl m\u00edt pobo\u010dku \u00da\u0159adu pr\u00e1ce, ale po\u0159\u00e1d budeme cht\u00edt, aby ten klient tam tu \u017e\u00e1dost mohl podat. Tuto roli by m\u011bla dob\u0159e zvl\u00e1dnout \u010cesk\u00e1 po\u0161ta.<br \/><br \/>televize Nova.<\/p>\n\n\n\n<p><\/p>\n\n\n\n<p><\/p>\n","protected":false},"excerpt":{"rendered":"<div class=\"mh-excerpt\"><p>A\u017e milion lid\u00ed, kte\u0159\u00ed dote\u010f museli chodit se \u017e\u00e1dostmi o d\u00e1vky na \u00fa\u0159ady pr\u00e1ce, si je nov\u011b m\u016f\u017ee vy\u0159izovat z domova. Ministerstvo digitalizovalo nap\u0159\u00edklad \u017e\u00e1dosti <a class=\"mh-excerpt-more\" href=\"https:\/\/www.invarena.cz\/?p=44354\" title=\"Digitalizace \u017e\u00e1dost\u00ed v resortu MPSV\u00a0\u00a0\">[&#8230;]<\/a><\/p>\n<\/div>","protected":false},"author":1,"featured_media":16394,"comment_status":"open","ping_status":"closed","sticky":false,"template":"","format":"standard","meta":{"footnotes":""},"categories":[9],"tags":[],"class_list":["post-44354","post","type-post","status-publish","format-standard","has-post-thumbnail","hentry","category-zpravy"],"_links":{"self":[{"href":"https:\/\/www.invarena.cz\/index.php?rest_route=\/wp\/v2\/posts\/44354","targetHints":{"allow":["GET"]}}],"collection":[{"href":"https:\/\/www.invarena.cz\/index.php?rest_route=\/wp\/v2\/posts"}],"about":[{"href":"https:\/\/www.invarena.cz\/index.php?rest_route=\/wp\/v2\/types\/post"}],"author":[{"embeddable":true,"href":"https:\/\/www.invarena.cz\/index.php?rest_route=\/wp\/v2\/users\/1"}],"replies":[{"embeddable":true,"href":"https:\/\/www.invarena.cz\/index.php?rest_route=%2Fwp%2Fv2%2Fcomments&post=44354"}],"version-history":[{"count":0,"href":"https:\/\/www.invarena.cz\/index.php?rest_route=\/wp\/v2\/posts\/44354\/revisions"}],"wp:featuredmedia":[{"embeddable":true,"href":"https:\/\/www.invarena.cz\/index.php?rest_route=\/wp\/v2\/media\/16394"}],"wp:attachment":[{"href":"https:\/\/www.invarena.cz\/index.php?rest_route=%2Fwp%2Fv2%2Fmedia&parent=44354"}],"wp:term":[{"taxonomy":"category","embeddable":true,"href":"https:\/\/www.invarena.cz\/index.php?rest_route=%2Fwp%2Fv2%2Fcategories&post=44354"},{"taxonomy":"post_tag","embeddable":true,"href":"https:\/\/www.invarena.cz\/index.php?rest_route=%2Fwp%2Fv2%2Ftags&post=44354"}],"curies":[{"name":"wp","href":"https:\/\/api.w.org\/{rel}","templated":true}]}}