{"id":44357,"date":"2023-12-15T05:18:24","date_gmt":"2023-12-15T04:18:24","guid":{"rendered":"https:\/\/www.invarena.cz\/?p=44357"},"modified":"2023-12-15T05:18:25","modified_gmt":"2023-12-15T04:18:25","slug":"o-duchod-bojuje-uz-dva-roky","status":"publish","type":"post","link":"https:\/\/www.invarena.cz\/?p=44357","title":{"rendered":"\u00a0O d\u016fchod bojuje u\u017e dva roky\u00a0\u00a0"},"content":{"rendered":"\n<p>Vychovala p\u011bt d\u011bt\u00ed, z toho t\u0159i si vzala dobrovoln\u011b do p\u011bstounsk\u00e9 p\u00e9\u010de. A jeden\u00a0<strong>posti\u017een\u00fd<\/strong>\u00a0syn s n\u00ed \u017eije dodnes. P\u0159esto \u017eena z Hav\u00ed\u0159ova u\u017e dva roky ne\u00fasp\u011b\u0161n\u011b bojuje o p\u0159izn\u00e1n\u00ed starobn\u00edho d\u016fchodu, i kdy\u017e j\u00ed hned prvn\u00ed pracovnice \u010cesk\u00e9 spr\u00e1vy soci\u00e1ln\u00edho zabezpe\u010den\u00ed u p\u0159ep\u00e1\u017eky \u0159ekla, \u017ee na n\u011bj m\u00e1 n\u00e1rok.<br \/><br \/>Prima\u00a0&#8211; Hlavn\u00ed zpr\u00e1vy<br \/>&#8212;&#8212;&#8212;&#8212;&#8212;&#8212;&#8211;<br \/>\/nesrozumiteln\u00e9\/ je Polka, kter\u00e1 se do \u010ceska p\u0159ivdala.<br \/><br \/>Lidia Kubi\u010dek, seniorka<br \/>&#8212;&#8212;&#8212;&#8212;&#8212;&#8212;&#8211;<br \/>Moje historie za\u010d\u00edn\u00e1 se vlastn\u011b tak, jo, \u017ee tu jsem s tou prvn\u00ed svoj\u00ed dcerou a tak jak ka\u017ed\u00e1 m\u00e1ma byla jsem py\u0161n\u00e1, \u017ee se mi narodila hol\u010di\u010dka tak, jak jsem si to p\u0159\u00e1la.<br \/><br \/>Mark\u00e9ta Schenkov\u00e1, redaktorka<br \/>&#8212;&#8212;&#8212;&#8212;&#8212;&#8212;&#8211;<br \/>Jen\u017ee l\u00e9ka\u0159i zjistili, \u017ee d\u00edt\u011b trp\u00ed nevyl\u00e9\u010ditelnou fenylketonuri\u00ed a stejnou diagn\u00f3zu pak stanovili i u mlad\u0161\u00ed dcery. Lidia s nimi musela z\u016fstat doma. Do pr\u00e1ce se u\u017e vr\u00e1tit nemohla. Pozd\u011bji si vzala do p\u011bstounsk\u00e9 p\u00e9\u010de dal\u0161\u00ed dv\u011b d\u00edvky a jednoho\u00a0<strong>posti\u017een\u00e9ho<\/strong>\u00a0chlapce. Te\u010f je j\u00ed 63 a p\u0159ed dv\u011bma lety za\u017e\u00e1dala o starobn\u00ed d\u016fchod.<br \/><br \/>Lidia Kubi\u010dek, seniorka<br \/>&#8212;&#8212;&#8212;&#8212;&#8212;&#8212;&#8211;<br \/>Po p\u016flroce p\u0159i\u0161la prvn\u00ed zprava, \u017ee mi nedaj\u00ed d\u016fchod, proto\u017ee nem\u00e1m odpracovan\u00e9 roky a \u017ee mi chyb\u00ed spoustu let a \u017ee m\u00e1m p\u0159ij\u00edt v 68 letech pro d\u016fchod.<br \/><br \/>Mark\u00e9ta Schenkov\u00e1, redaktorka<br \/>&#8212;&#8212;&#8212;&#8212;&#8212;&#8212;&#8211;<br \/>Jen\u017ee pan\u00ed Lidia postupn\u011b p\u0159ich\u00e1zela na to, \u017ee \u00fa\u0159edn\u00edci nezapo\u010d\u00edtali \u00fapln\u011b v\u0161echny roky, kter\u00e9 s d\u011btmi str\u00e1vila doma. Odvolala se, n\u011bkolikr\u00e1t byla na soci\u00e1lce osobn\u011b, ale nic nepom\u00e1h\u00e1. Na stole pan\u00ed Lidie se vr\u0161\u00ed jeden \u00fa\u0159edn\u00ed dokument za druh\u00fdm. Rozhodnut\u00ed o d\u016fchodu ale st\u00e1le nem\u00e1. Je zoufal\u00e1, u\u017e nev\u00ed, co m\u00e1 d\u011blat, finan\u010dn\u011b j\u00ed toti\u017e mus\u00ed pom\u00e1hat jej\u00ed te\u010f u\u017e dosp\u011bl\u00e9 d\u011bti.<br \/><br \/>Lidia Kubi\u010dek, seniorka<br \/>&#8212;&#8212;&#8212;&#8212;&#8212;&#8212;&#8211;<br \/>M\u00e1m moc hodn\u00e9 d\u011bti, kter\u00e9 mi pom\u00e1haj\u00ed.<br \/><br \/>redaktorka<br \/>&#8212;&#8212;&#8212;&#8212;&#8212;&#8212;&#8211;<br \/>\u010cekali jsme n\u011bkolik dlouh\u00fdch hodin, a\u017e se pohnou ledy a soci\u00e1lka se vyj\u00e1d\u0159\u00ed, kde je probl\u00e9m. Ale vyplatilo se.<br \/><br \/>Hana Tomiczkov\u00e1, odd\u011blen\u00ed komunikace \u010cesk\u00e9 spr\u00e1vy soci\u00e1ln\u00edho zabezpe\u010den\u00ed<br \/>&#8212;&#8212;&#8212;&#8212;&#8212;&#8212;&#8211;<br \/>P\u0159\u00edpad jsme ov\u011b\u0159ili a zjistili, \u017ee d\u016fchod byl pan\u00ed Kubi\u010dek p\u0159izn\u00e1n.<br \/><br \/>Mark\u00e9ta Schenkov\u00e1, redaktorka<br \/>&#8212;&#8212;&#8212;&#8212;&#8212;&#8212;&#8211;<br \/>Pokud m\u00e1te tak\u00e9 probl\u00e9m s p\u0159izn\u00e1n\u00edm d\u016fchodu, nev\u00e1hejte se na n\u00e1s obr\u00e1tit.<\/p>\n\n\n\n<p> CNN Prima News.<\/p>\n\n\n\n<p><\/p>\n","protected":false},"excerpt":{"rendered":"<div class=\"mh-excerpt\"><p>Vychovala p\u011bt d\u011bt\u00ed, z toho t\u0159i si vzala dobrovoln\u011b do p\u011bstounsk\u00e9 p\u00e9\u010de. A jeden\u00a0posti\u017een\u00fd\u00a0syn s n\u00ed \u017eije dodnes. P\u0159esto \u017eena z Hav\u00ed\u0159ova u\u017e dva roky <a class=\"mh-excerpt-more\" href=\"https:\/\/www.invarena.cz\/?p=44357\" title=\"\u00a0O d\u016fchod bojuje u\u017e dva roky\u00a0\u00a0\">[&#8230;]<\/a><\/p>\n<\/div>","protected":false},"author":1,"featured_media":18866,"comment_status":"open","ping_status":"closed","sticky":false,"template":"","format":"standard","meta":{"footnotes":""},"categories":[9],"tags":[],"class_list":["post-44357","post","type-post","status-publish","format-standard","has-post-thumbnail","hentry","category-zpravy"],"_links":{"self":[{"href":"https:\/\/www.invarena.cz\/index.php?rest_route=\/wp\/v2\/posts\/44357","targetHints":{"allow":["GET"]}}],"collection":[{"href":"https:\/\/www.invarena.cz\/index.php?rest_route=\/wp\/v2\/posts"}],"about":[{"href":"https:\/\/www.invarena.cz\/index.php?rest_route=\/wp\/v2\/types\/post"}],"author":[{"embeddable":true,"href":"https:\/\/www.invarena.cz\/index.php?rest_route=\/wp\/v2\/users\/1"}],"replies":[{"embeddable":true,"href":"https:\/\/www.invarena.cz\/index.php?rest_route=%2Fwp%2Fv2%2Fcomments&post=44357"}],"version-history":[{"count":0,"href":"https:\/\/www.invarena.cz\/index.php?rest_route=\/wp\/v2\/posts\/44357\/revisions"}],"wp:featuredmedia":[{"embeddable":true,"href":"https:\/\/www.invarena.cz\/index.php?rest_route=\/wp\/v2\/media\/18866"}],"wp:attachment":[{"href":"https:\/\/www.invarena.cz\/index.php?rest_route=%2Fwp%2Fv2%2Fmedia&parent=44357"}],"wp:term":[{"taxonomy":"category","embeddable":true,"href":"https:\/\/www.invarena.cz\/index.php?rest_route=%2Fwp%2Fv2%2Fcategories&post=44357"},{"taxonomy":"post_tag","embeddable":true,"href":"https:\/\/www.invarena.cz\/index.php?rest_route=%2Fwp%2Fv2%2Ftags&post=44357"}],"curies":[{"name":"wp","href":"https:\/\/api.w.org\/{rel}","templated":true}]}}