{"id":44359,"date":"2023-12-15T05:24:00","date_gmt":"2023-12-15T04:24:00","guid":{"rendered":"https:\/\/www.invarena.cz\/?p=44359"},"modified":"2023-12-15T05:24:01","modified_gmt":"2023-12-15T04:24:01","slug":"poslanci-jednaji-o-tom-jak-prilakat-nove-pestouny","status":"publish","type":"post","link":"https:\/\/www.invarena.cz\/?p=44359","title":{"rendered":"Poslanci jednaj\u00ed o tom, jak p\u0159il\u00e1kat nov\u00e9 p\u011bstouny\u00a0\u00a0"},"content":{"rendered":"\n<p>Poslanci jednaj\u00ed o tom, jak p\u0159il\u00e1kat nov\u00e9 p\u011bstouny, v \u00favodn\u00edm \u010dten\u00ed je novela z\u00e1kona, kter\u00e1 zvy\u0161uje p\u0159\u00edsp\u011bvky pro p\u011bstounsk\u00e9 organizace. Novela zjednodu\u0161uje proces, kter\u00fdm z\u00e1jemci o p\u011bstounstv\u00ed mus\u00ed proj\u00edt, jak \u0159\u00edk\u00e1\u00a0<strong>ministr<\/strong>\u00a0<strong>pr\u00e1ce<\/strong>\u00a0a soci\u00e1ln\u00edch v\u011bc\u00ed, Marian Jure\u010dka z KDU-\u010cSL.<br \/><br \/>Marian Jure\u010dka,\u00a0<strong>ministr<\/strong>\u00a0<strong>pr\u00e1ce<\/strong>\u00a0a soci\u00e1ln\u00edch v\u011bc\u00ed, vicepremi\u00e9r \/KDU-\u010cSL\/<br \/>&#8212;&#8212;&#8212;&#8212;&#8212;&#8212;&#8211;<br \/>\u010clov\u011bk, kter\u00fd se chce st\u00e1t p\u011bstounem, spl\u0148uje a spln\u00ed v\u0161echna kvalifika\u010dn\u00ed krit\u00e9ria, p\u0159edpoklady, aby se t\u00edm p\u011bstounem stal opravdu velmi brzy, velmi rychle.<br \/><br \/>Radio\u017eurn\u00e1l<br \/>&#8212;&#8212;&#8212;&#8212;&#8212;&#8212;&#8211;<br \/>Snaha o zv\u00fd\u0161en\u00ed po\u010dtu p\u011bstoun\u016f souvis\u00ed s t\u00edm, \u017ee kojeneck\u00e9 \u00fastavy by m\u011bly od roku 2025 p\u0159estat p\u0159ij\u00edmat d\u011bti, a to kritizuje poslanec hnut\u00ed ANO, Ale\u0161 Juchelka.<br \/><br \/>Ale\u0161 JUCHELKA, poslanec \/ANO\/<br \/>&#8212;&#8212;&#8212;&#8212;&#8212;&#8212;&#8211;<br \/>Bez toho, abychom nedok\u00e1zali skrze p\u011bstouny saturovat po\u010det ohro\u017een\u00fdch d\u011bt\u00ed, tak nem\u016f\u017eeme prost\u011b d\u011blat \u017e\u00e1dn\u00e9 koncep\u010dn\u00ed zm\u011bny.<br \/><br \/>redaktor<br \/>&#8212;&#8212;&#8212;&#8212;&#8212;&#8212;&#8211;<br \/>Poslanci u\u017e taky poslali do dal\u0161\u00edho \u010dten\u00ed novelu, kter\u00e1 zajist\u00ed d\u011btem do 15 let v\u00edce pr\u00e1v p\u0159i policejn\u00edm vy\u0161et\u0159ov\u00e1n\u00ed. Policist\u00e9 jim nov\u011b budou muset zajistit p\u0159\u00edtomnost advok\u00e1ta. <\/p>\n\n\n\n<p>Radio\u017eurn\u00e1l<br \/><\/p>\n","protected":false},"excerpt":{"rendered":"<div class=\"mh-excerpt\"><p>Poslanci jednaj\u00ed o tom, jak p\u0159il\u00e1kat nov\u00e9 p\u011bstouny, v \u00favodn\u00edm \u010dten\u00ed je novela z\u00e1kona, kter\u00e1 zvy\u0161uje p\u0159\u00edsp\u011bvky pro p\u011bstounsk\u00e9 organizace. Novela zjednodu\u0161uje proces, kter\u00fdm z\u00e1jemci <a class=\"mh-excerpt-more\" href=\"https:\/\/www.invarena.cz\/?p=44359\" title=\"Poslanci jednaj\u00ed o tom, jak p\u0159il\u00e1kat nov\u00e9 p\u011bstouny\u00a0\u00a0\">[&#8230;]<\/a><\/p>\n<\/div>","protected":false},"author":1,"featured_media":915,"comment_status":"open","ping_status":"closed","sticky":false,"template":"","format":"standard","meta":{"footnotes":""},"categories":[9],"tags":[],"class_list":["post-44359","post","type-post","status-publish","format-standard","has-post-thumbnail","hentry","category-zpravy"],"_links":{"self":[{"href":"https:\/\/www.invarena.cz\/index.php?rest_route=\/wp\/v2\/posts\/44359","targetHints":{"allow":["GET"]}}],"collection":[{"href":"https:\/\/www.invarena.cz\/index.php?rest_route=\/wp\/v2\/posts"}],"about":[{"href":"https:\/\/www.invarena.cz\/index.php?rest_route=\/wp\/v2\/types\/post"}],"author":[{"embeddable":true,"href":"https:\/\/www.invarena.cz\/index.php?rest_route=\/wp\/v2\/users\/1"}],"replies":[{"embeddable":true,"href":"https:\/\/www.invarena.cz\/index.php?rest_route=%2Fwp%2Fv2%2Fcomments&post=44359"}],"version-history":[{"count":0,"href":"https:\/\/www.invarena.cz\/index.php?rest_route=\/wp\/v2\/posts\/44359\/revisions"}],"wp:featuredmedia":[{"embeddable":true,"href":"https:\/\/www.invarena.cz\/index.php?rest_route=\/wp\/v2\/media\/915"}],"wp:attachment":[{"href":"https:\/\/www.invarena.cz\/index.php?rest_route=%2Fwp%2Fv2%2Fmedia&parent=44359"}],"wp:term":[{"taxonomy":"category","embeddable":true,"href":"https:\/\/www.invarena.cz\/index.php?rest_route=%2Fwp%2Fv2%2Fcategories&post=44359"},{"taxonomy":"post_tag","embeddable":true,"href":"https:\/\/www.invarena.cz\/index.php?rest_route=%2Fwp%2Fv2%2Ftags&post=44359"}],"curies":[{"name":"wp","href":"https:\/\/api.w.org\/{rel}","templated":true}]}}