{"id":44420,"date":"2023-12-18T04:14:24","date_gmt":"2023-12-18T03:14:24","guid":{"rendered":"https:\/\/www.invarena.cz\/?p=44420"},"modified":"2023-12-18T04:14:24","modified_gmt":"2023-12-18T03:14:24","slug":"vlada-by-mela-ve-stredu-projednat-zvyseni-starobnich-duchodu-pro-disidenty","status":"publish","type":"post","link":"https:\/\/www.invarena.cz\/?p=44420","title":{"rendered":"Vl\u00e1da by m\u011bla ve st\u0159edu projednat zv\u00fd\u0161en\u00ed starobn\u00edch d\u016fchod\u016f pro disidenty\u00a0\u00a0"},"content":{"rendered":"\n<p>\u00a0Vl\u00e1da by m\u011bla ve st\u0159edu projednat zv\u00fd\u0161en\u00ed starobn\u00edch d\u016fchod\u016f pro disidenty. Informoval o tom\u00a0<strong>ministr<\/strong>\u00a0<strong>pr\u00e1ce<\/strong>\u00a0Marian Jure\u010dka z KDU-\u010cSL. Novela po\u010d\u00edt\u00e1 s dorovn\u00e1n\u00edm u v\u0161ech, kte\u0159\u00ed maj\u00ed penzi pod pr\u016fm\u011brem.<br \/><br \/>Radio\u017eurn\u00e1l, redaktorka<br \/>&#8212;&#8212;&#8212;&#8212;&#8212;&#8212;&#8211;<br \/>Disidenti by m\u011bli za\u010d\u00edt pob\u00edrat pr\u016fm\u011brn\u00fd d\u016fchod, i kdy\u017e neplatili dostate\u010dn\u011b dlouho odvody, \u0159\u00edk\u00e1 ministr Jure\u010dka.<br \/><br \/>Marian JURE\u010cKA,\u00a0<strong>ministr<\/strong>\u00a0<strong>pr\u00e1ce<\/strong>\u00a0a soci\u00e1ln\u00edch v\u011bc\u00ed \/KDU-\u010cSL\/<br \/>&#8212;&#8212;&#8212;&#8212;&#8212;&#8212;&#8211;<br \/>Do budoucna automaticky, pokud jsou \u00fa\u010dastn\u00edky t\u0159et\u00edho odboje, tak by jim byl p\u0159izn\u00e1v\u00e1n d\u016fchod v pr\u016fm\u011brn\u00e9 v\u00fd\u0161i bez ohledu na dobu pojistnou.<br \/><br \/> redaktorka<br \/>&#8212;&#8212;&#8212;&#8212;&#8212;&#8212;&#8211;<br \/>T\u00fdkat se to m\u00e1 i t\u011bch, kte\u0159\u00ed dost\u00e1vaj\u00ed \u010d\u00e1st penze z ciziny. Ministerstvo pr\u00e1ce zm\u011bnou reaguje na listopadov\u00fd protest. P\u0159ed \u00da\u0159adem vl\u00e1dy tehdy dr\u017eeli n\u011bkolik dn\u00ed hladovku zakladatel knihovny samizdatov\u00e9 a exilov\u00e9 literatury Ji\u0159\u00ed Gruntor\u00e1d a n\u011bkdej\u0161\u00ed disident John Bok. Ten p\u0159ed \u010dasem hlavn\u00ed d\u016fvody protest\u016f vysv\u011btlil takto:<br \/><br \/>John Bok, disident<br \/>&#8212;&#8212;&#8212;&#8212;&#8212;&#8212;&#8211;<br \/>Kdy\u017e v\u00e1m prost\u011b st\u00e1t ustanov\u00ed, \u017ee jste byl odp\u016frcem toho komunistick\u00e9ho re\u017eimu, o \u010dem tady maj\u00ed co je\u0161t\u011b rozhodovat \u00fa\u0159edn\u00edci?<br \/><\/p>\n\n\n\n<p>redaktorka<br \/>&#8212;&#8212;&#8212;&#8212;&#8212;&#8212;&#8211;<br \/>Ministerstvo pr\u00e1ce odhaduje, \u017ee by se penze mohla v p\u0159\u00ed\u0161t\u00edm roce zvednout na pr\u016fm\u011brnou \u010d\u00e1stku stovk\u00e1m disident\u016f. <\/p>\n\n\n\n<p>Radio\u017eurn\u00e1l.<\/p>\n\n\n\n<p><\/p>\n","protected":false},"excerpt":{"rendered":"<div class=\"mh-excerpt\"><p>\u00a0Vl\u00e1da by m\u011bla ve st\u0159edu projednat zv\u00fd\u0161en\u00ed starobn\u00edch d\u016fchod\u016f pro disidenty. Informoval o tom\u00a0ministr\u00a0pr\u00e1ce\u00a0Marian Jure\u010dka z KDU-\u010cSL. Novela po\u010d\u00edt\u00e1 s dorovn\u00e1n\u00edm u v\u0161ech, kte\u0159\u00ed maj\u00ed <a class=\"mh-excerpt-more\" href=\"https:\/\/www.invarena.cz\/?p=44420\" title=\"Vl\u00e1da by m\u011bla ve st\u0159edu projednat zv\u00fd\u0161en\u00ed starobn\u00edch d\u016fchod\u016f pro disidenty\u00a0\u00a0\">[&#8230;]<\/a><\/p>\n<\/div>","protected":false},"author":1,"featured_media":14424,"comment_status":"open","ping_status":"closed","sticky":false,"template":"","format":"standard","meta":{"footnotes":""},"categories":[1],"tags":[],"class_list":["post-44420","post","type-post","status-publish","format-standard","has-post-thumbnail","hentry","category-nezarazene"],"_links":{"self":[{"href":"https:\/\/www.invarena.cz\/index.php?rest_route=\/wp\/v2\/posts\/44420","targetHints":{"allow":["GET"]}}],"collection":[{"href":"https:\/\/www.invarena.cz\/index.php?rest_route=\/wp\/v2\/posts"}],"about":[{"href":"https:\/\/www.invarena.cz\/index.php?rest_route=\/wp\/v2\/types\/post"}],"author":[{"embeddable":true,"href":"https:\/\/www.invarena.cz\/index.php?rest_route=\/wp\/v2\/users\/1"}],"replies":[{"embeddable":true,"href":"https:\/\/www.invarena.cz\/index.php?rest_route=%2Fwp%2Fv2%2Fcomments&post=44420"}],"version-history":[{"count":0,"href":"https:\/\/www.invarena.cz\/index.php?rest_route=\/wp\/v2\/posts\/44420\/revisions"}],"wp:featuredmedia":[{"embeddable":true,"href":"https:\/\/www.invarena.cz\/index.php?rest_route=\/wp\/v2\/media\/14424"}],"wp:attachment":[{"href":"https:\/\/www.invarena.cz\/index.php?rest_route=%2Fwp%2Fv2%2Fmedia&parent=44420"}],"wp:term":[{"taxonomy":"category","embeddable":true,"href":"https:\/\/www.invarena.cz\/index.php?rest_route=%2Fwp%2Fv2%2Fcategories&post=44420"},{"taxonomy":"post_tag","embeddable":true,"href":"https:\/\/www.invarena.cz\/index.php?rest_route=%2Fwp%2Fv2%2Ftags&post=44420"}],"curies":[{"name":"wp","href":"https:\/\/api.w.org\/{rel}","templated":true}]}}