{"id":44423,"date":"2023-12-18T04:16:54","date_gmt":"2023-12-18T03:16:54","guid":{"rendered":"https:\/\/www.invarena.cz\/?p=44423"},"modified":"2023-12-18T04:16:55","modified_gmt":"2023-12-18T03:16:55","slug":"zadost-o-davky-na-poste","status":"publish","type":"post","link":"https:\/\/www.invarena.cz\/?p=44423","title":{"rendered":"\u017d\u00e1dost o d\u00e1vky na po\u0161t\u011b\u00a0\u00a0"},"content":{"rendered":"\n<p>Od jara p\u0159\u00ed\u0161t\u00edho roku by si lid\u00e9 mohli n\u011bkter\u00e9 soci\u00e1ln\u00ed d\u00e1vky vy\u0159\u00eddit taky na po\u0161t\u00e1ch. Za\u010dne pilotn\u00ed projekt na vybran\u00fdch pobo\u010dk\u00e1ch ve t\u0159ech kraj\u00edch. Opozice ale p\u0159ed takov\u00fdm pl\u00e1nem varuje. T\u0159eba kv\u016fli pr\u00e1ci s citliv\u00fdmi daty.<\/p>\n\n\n\n<p>\u010cT 1\u00a0&#8211; Ud\u00e1losti<br \/><br \/>Maty\u00e1\u0161 Vit\u00edk, mluv\u010d\u00ed, \u010cesk\u00e1 po\u0161ta<br \/>&#8212;&#8212;&#8212;&#8212;&#8212;&#8212;&#8211;<br \/>Krom\u011b t\u011bch klasick\u00fdch po\u0161tovn\u00edch slu\u017eeb, tak nab\u00edz\u00edme finan\u010dn\u00ed slu\u017eby, v\u00fdplatu d\u016fchod\u016f, anebo nap\u0159\u00edklad slu\u017eby Czech pointu.<br \/><br \/>redaktor \u010cT<br \/>&#8212;&#8212;&#8212;&#8212;&#8212;&#8212;&#8211;<br \/>To je jen stru\u010dn\u00fd v\u00fd\u010det toho, co u\u017e je te\u010f mo\u017en\u00e9 na pobo\u010dk\u00e1ch vy\u0159\u00eddit. Nov\u011b tam maj\u00ed m\u00edt lid\u00e9 mo\u017enost za\u017e\u00e1dat si i o t\u0159i vybran\u00e9 d\u00e1vky.<br \/><br \/>Daniel Kri\u0161tof, gener\u00e1ln\u00ed \u0159editel \u00da\u0159adu pr\u00e1ce<br \/>&#8212;&#8212;&#8212;&#8212;&#8212;&#8212;&#8211;<br \/>Ten klient tam p\u0159ijde a to, co by jinak d\u011blal v digit\u00e1lu, tak mu pom\u016f\u017ee pracovn\u00edk po\u0161ty, to znamen\u00e1, nejedn\u00e1 se o poradenstv\u00ed, je to skute\u010dn\u011b pomoc s tou administrativou.<br \/><br \/>redaktor \u010cT<br \/>&#8212;&#8212;&#8212;&#8212;&#8212;&#8212;&#8211;<br \/>Zku\u0161ebn\u00ed provoz by se m\u011bl spustit na p\u0159elomu b\u0159ezna a dubna. V tuto chv\u00edli prob\u00edhaj\u00ed \u00fapravy syst\u00e9mu a dola\u010fuje se, jak samotn\u00fd proces bude vypadat.<br \/><br \/>Marian JURE\u010cKA,\u00a0<strong>ministr<\/strong>\u00a0<strong>pr\u00e1ce<\/strong>\u00a0a soci\u00e1ln\u00edch v\u011bc\u00ed, p\u0159edseda strany \/KDU-\u010cSL\/<br \/>&#8212;&#8212;&#8212;&#8212;&#8212;&#8212;&#8211;<br \/>Ne\u017e to d\u011blat ve chvatu, ud\u011blat to s chybami, tak opravdu toto d\u011bl\u00e1me, \u0159ekn\u011bme, opravdu pomy\u0161len\u011b, koncep\u010dn\u011b.<br \/><br \/>V\u00edt RAKU\u0160AN, vicepremi\u00e9r, ministr vnitra, p\u0159edseda hnut\u00ed \/STAN\/<br \/>&#8212;&#8212;&#8212;&#8212;&#8212;&#8212;&#8211;<br \/>Chceme dov\u00e9st kvalitu, kter\u00e1 bude fungovat a hlavn\u011b my jsme \u0159ekli, \u017ee ta transformace \u010cesk\u00e9 po\u0161ty bude, v\u016fbec nastaven\u00ed t\u011bch z\u00e1kladn\u00edch mechanism\u016f trvat dva roky.<br \/><br \/>redaktor \u010cT<br \/>&#8212;&#8212;&#8212;&#8212;&#8212;&#8212;&#8211;<br \/>Pilotn\u00ed projekt m\u00e1 za\u010d\u00edt fungovat na p\u011bti des\u00edtk\u00e1ch pobo\u010dek, pak se syst\u00e9m vyhodnot\u00ed, ne\u017e se roz\u0161\u00ed\u0159\u00ed i na ty ostatn\u00ed. Prvn\u00ed f\u00e1ze bude ve t\u0159ech kraj\u00edch v \u00dasteck\u00e9m, Libereck\u00e9m a na Vyso\u010din\u011b. Opozice se ale ob\u00e1v\u00e1 toho, \u017ee na po\u0161t\u00e1ch budou pracovat s citliv\u00fdmi daty klient\u016f a z\u00e1rove\u0148, \u017ee to m\u016f\u017ee zpomalit i z\u00e1kladn\u00ed slu\u017eby.<br \/><br \/>Jana Pastuchov\u00e1, poslankyn\u011b, m\u00edstop\u0159edsedkyn\u011b soci\u00e1ln\u00edho v\u00fdboru \/ANO\/<br \/>&#8212;&#8212;&#8212;&#8212;&#8212;&#8212;&#8211;<br \/>Neum\u00edm si p\u0159edstavit, \u017ee p\u0159ijdu na po\u0161tu, vezmu si \u010d\u00eds\u00edlko na velk\u00e9 po\u0161t\u011b a bude tam se mnou n\u011bkdo vypl\u0148ovat formul\u00e1\u0159 a t\u00edm budu vlastn\u011b zdr\u017eovat i ty, kte\u0159\u00ed tam te\u010f \u010dekaj\u00ed, proto\u017ee t\u011bch po\u0161t je m\u00ed\u0148.<br \/><br \/>Maty\u00e1\u0161 Vit\u00edk, mluv\u010d\u00ed, \u010cesk\u00e1 po\u0161ta<br \/>&#8212;&#8212;&#8212;&#8212;&#8212;&#8212;&#8211;<br \/>Pilotn\u00ed projekt pr\u00e1v\u011b bude slou\u017eit ke sb\u011bru dat, jak dlouho trvaj\u00ed jednotliv\u00e9 transakce a podobn\u011b.<br \/><br \/>redaktor \u010cT<br \/>&#8212;&#8212;&#8212;&#8212;&#8212;&#8212;&#8211;<br \/>Syst\u00e9m chce po\u0161ta zkou\u0161et zhruba do konce p\u0159\u00ed\u0161t\u00edho roku.<\/p>\n\n\n\n<p>\u010cesk\u00e1 televize.<br \/><\/p>\n","protected":false},"excerpt":{"rendered":"<div class=\"mh-excerpt\"><p>Od jara p\u0159\u00ed\u0161t\u00edho roku by si lid\u00e9 mohli n\u011bkter\u00e9 soci\u00e1ln\u00ed d\u00e1vky vy\u0159\u00eddit taky na po\u0161t\u00e1ch. Za\u010dne pilotn\u00ed projekt na vybran\u00fdch pobo\u010dk\u00e1ch ve t\u0159ech kraj\u00edch. Opozice <a class=\"mh-excerpt-more\" href=\"https:\/\/www.invarena.cz\/?p=44423\" title=\"\u017d\u00e1dost o d\u00e1vky na po\u0161t\u011b\u00a0\u00a0\">[&#8230;]<\/a><\/p>\n<\/div>","protected":false},"author":1,"featured_media":14825,"comment_status":"open","ping_status":"closed","sticky":false,"template":"","format":"standard","meta":{"footnotes":""},"categories":[9],"tags":[],"class_list":["post-44423","post","type-post","status-publish","format-standard","has-post-thumbnail","hentry","category-zpravy"],"_links":{"self":[{"href":"https:\/\/www.invarena.cz\/index.php?rest_route=\/wp\/v2\/posts\/44423","targetHints":{"allow":["GET"]}}],"collection":[{"href":"https:\/\/www.invarena.cz\/index.php?rest_route=\/wp\/v2\/posts"}],"about":[{"href":"https:\/\/www.invarena.cz\/index.php?rest_route=\/wp\/v2\/types\/post"}],"author":[{"embeddable":true,"href":"https:\/\/www.invarena.cz\/index.php?rest_route=\/wp\/v2\/users\/1"}],"replies":[{"embeddable":true,"href":"https:\/\/www.invarena.cz\/index.php?rest_route=%2Fwp%2Fv2%2Fcomments&post=44423"}],"version-history":[{"count":0,"href":"https:\/\/www.invarena.cz\/index.php?rest_route=\/wp\/v2\/posts\/44423\/revisions"}],"wp:featuredmedia":[{"embeddable":true,"href":"https:\/\/www.invarena.cz\/index.php?rest_route=\/wp\/v2\/media\/14825"}],"wp:attachment":[{"href":"https:\/\/www.invarena.cz\/index.php?rest_route=%2Fwp%2Fv2%2Fmedia&parent=44423"}],"wp:term":[{"taxonomy":"category","embeddable":true,"href":"https:\/\/www.invarena.cz\/index.php?rest_route=%2Fwp%2Fv2%2Fcategories&post=44423"},{"taxonomy":"post_tag","embeddable":true,"href":"https:\/\/www.invarena.cz\/index.php?rest_route=%2Fwp%2Fv2%2Ftags&post=44423"}],"curies":[{"name":"wp","href":"https:\/\/api.w.org\/{rel}","templated":true}]}}