{"id":44529,"date":"2023-12-21T07:44:45","date_gmt":"2023-12-21T06:44:45","guid":{"rendered":"https:\/\/www.invarena.cz\/?p=44529"},"modified":"2023-12-21T07:44:46","modified_gmt":"2023-12-21T06:44:46","slug":"bylinkarka-radi","status":"publish","type":"post","link":"https:\/\/www.invarena.cz\/?p=44529","title":{"rendered":"Bylink\u00e1\u0159ka rad\u00ed"},"content":{"rendered":"\n<p>Na r\u00e1dioporadn\u011b \u010cRo byla bylink\u00e1\u0159ka Vladim\u00edra \u0160tenglov\u00e1. Pov\u00eddala o r\u016fzn\u00fdch bylink\u00e1ch a jejich \u00fa\u010dinc\u00edch, prozradila, jak doma vyrobit sirup na ka\u0161el a odpov\u00eddala na dotazy poslucha\u010d\u016f.<\/p>\n\n\n\n<p>redaktorka<br \/>V bylink\u00e1\u0159sk\u00e9 poradn\u011b si pov\u00edd\u00e1me s bylink\u00e1\u0159kou Vladim\u00edrou \u0160tenglovou a n\u011bkdo se k n\u00e1m op\u011bt p\u0159id\u00e1 na telefonn\u00ed lince 221 554 222.<br \/><br \/>mluv\u010d\u00ed 3,<br \/>&#8212;&#8212;&#8212;&#8212;&#8212;&#8212;&#8211;<br \/>Dobr\u00fd ve\u010der. M\u00e1m prosbu, pan\u00ed bylink\u00e1\u0159ko, na co se pou\u017e\u00edv\u00e1 Arnika.<br \/><br \/>bylink\u00e1\u0159ka Vladim\u00edra \u0160tenglov\u00e1<br \/>&#8212;&#8212;&#8212;&#8212;&#8212;&#8212;&#8211;<br \/>Tak Arnika je takov\u00e1 velice vz\u00e1cn\u00e1 bylinka a m\u00e1m pocit, \u017ee i chr\u00e1n\u011bn\u00e1, tak\u017ee se d\u00e1 jedin\u011b koupit. Pou\u017e\u00edv\u00e1 se sice taky do \u010daj\u016f, ale nej\u00fa\u010dinn\u011bj\u0161\u00ed je ve form\u011b tinktury, arnikov\u00e1 tinktura se pou\u017e\u00edv\u00e1 jednak na celkov\u00e9 pos\u00edlen\u00ed organismu, d\u00e1vkov\u00e1n\u00ed t\u00e9 tinktury b\u00fdv\u00e1 uvedeno podle toho, jak je siln\u00e1, d\u00e1vkov\u00e1n\u00ed podle toho upraven\u00e9, anebo se pou\u017e\u00edv\u00e1 zevn\u011b na takov\u00e9 ty \u0161patn\u011b se hoj\u00edc\u00ed r\u00e1ny, pop\u00e1leniny, \u017ee jsme se n\u011bkde sp\u00e1lily nebo pop\u00e1leniny t\u0159eba po oza\u0159ov\u00e1n\u00ed atd. tak\u017ee Arnika v\u00fdborn\u00e1. a takov\u00e1 zaj\u00edmavost je ta, \u017ee ta Arnika si sama dok\u00e1\u017ee d\u011blat ochrann\u00e9 l\u00e1tky proti UV z\u00e1\u0159en\u00ed. A ty ochrann\u00e9 l\u00e1tky, kter\u00e9 si tvo\u0159\u00ed ta Kytka, tak jsou pr\u00e1v\u011b v n\u00ed to l\u00e9\u010div\u00e9. \u010c\u00edm roste v\u00fd\u0161, t\u00edm je l\u00e9\u010div\u011bj\u0161\u00ed, proto\u017ee t\u00edm v\u00edc jich pot\u0159ebuje, tak\u017ee p\u011bstovan\u00e1 v zahrad\u011b je taky, ale lep\u0161\u00ed je, kdy\u017e je to opravdu ta horsk\u00e1.<br \/><br \/>Andrea Skalick\u00e1, redaktorka<br \/>&#8212;&#8212;&#8212;&#8212;&#8212;&#8212;&#8211;<br \/>D\u00e1le se na n\u00e1s obrac\u00ed z Plzn\u011b, m\u00e1 \u017elu\u010dov\u00e9 kameny, d\u00edky dal\u0161\u00edm diagn\u00f3za tam u\u017e\u00edv\u00e1m mnoho l\u00e9k\u016f, jak u\u017e\u00edvat dlouhodob\u011b \u010daj pan\u00ed Kamenick\u00e9 na j\u00e1tra a \u017elu\u010dov\u00e9 kameny, p\u0159\u00edpadn\u011b jak\u00e9 dal\u0161\u00ed p\u0159idat prepar\u00e1ty?<br \/><br \/>bylink\u00e1\u0159ka Vladim\u00edra \u0160tenglov\u00e1<br \/>&#8212;&#8212;&#8212;&#8212;&#8212;&#8212;&#8211;<br \/>Tak dlouhodob\u011b ten \u010daj na j\u00e1tra a \u017elu\u010dov\u00e9 kameny ur\u010dit\u011b ne, to znamen\u00e1 trvale, ne dlouhodob\u011b, tak jako s mal\u00fdmi v\u00fdjimkami, tak po dvou a\u017e t\u0159ech t\u00fddnech se doporu\u010duje minim\u00e1ln\u011b na t\u00fdden vysadit. Co se t\u00fdk\u00e1 kombinace s l\u00e9ky, tak tam by se pan\u00ed poslucha\u010dka m\u011bla vyptat v l\u00e9k\u00e1rn\u011b, proto\u017ee ne v\u0161echny bylinky se v\u0161emi l\u00e9ky se sn\u00e1\u0161\u00ed, tak\u017ee tam by to cht\u011blo radu odborn\u00edka se seznamem t\u011bch bylinek, kter\u00e9 v tom \u010daji jsou, proto\u017ee \u010daje pan\u00ed Kamenick\u00e9 b\u00fdvaj\u00ed hodn\u011b bylinkov\u00e9, n\u011bkter\u00e9 l\u00e9ky se samoz\u0159ejm\u011b snesou \u00fapln\u011b se v\u0161\u00edm, ale n\u011bkter\u00e9 l\u00e9ky ne, tak tam se zeptat u odborn\u00edk\u016f.<br \/><br \/>Andrea Skalick\u00e1, redaktorka<br \/>&#8212;&#8212;&#8212;&#8212;&#8212;&#8212;&#8211;<br \/>\u010caj z pohanky a hlohu je mo\u017en\u00e9 p\u00edt v t\u011bhotenstv\u00ed na sn\u00ed\u017een\u00ed tlaku a cukru?<br \/><br \/>bylink\u00e1\u0159ka Vladim\u00edra \u0160tenglov\u00e1<br \/>&#8212;&#8212;&#8212;&#8212;&#8212;&#8212;&#8211;<br \/>Tu pohanku asi jo, hlad asi v t\u011bhotenstv\u00ed \u00fapln\u011b bych neu\u017e\u00edvala. Tam by bylo mo\u017en\u00e1 lep\u0161\u00ed zkusit t\u0159eba n\u011bjak\u00fd ten koz\u00edk nebo, ale opravdu velice opatrn\u011b v t\u011bhotenstv\u00ed. Co se t\u00fdk\u00e1 sn\u00ed\u017een\u00ed tlaku, tak tam je jednak t\u0159eba opravdu v\u011bd\u011bt, z \u010deho ten tlak je, pakli\u017ee je ze stresu, tak tam medu\u0148ka, pakli\u017ee z n\u011b\u010deho jin\u00e9ho, tak se mus\u00ed v\u011bd\u011bt, co ten tlak zp\u016fsobuje, aby n\u011bco fungovalo.<br \/><br \/>Andrea Skalick\u00e1, redaktorka<br \/>&#8212;&#8212;&#8212;&#8212;&#8212;&#8212;&#8211;<br \/>Pobol\u00edvaj\u00ed m\u011b klouby v\u017edy p\u0159i zm\u011bn\u011b po\u010das\u00ed, ale i jindy porad\u00edte tak\u00e9 bylinku?<br \/><br \/>bylink\u00e1\u0159ka Vladim\u00edra \u0160tenglov\u00e1<br \/>&#8212;&#8212;&#8212;&#8212;&#8212;&#8212;&#8211;<br \/>Ano, tak prvn\u00ed \u010d\u00e1st odpov\u011bdi je, m\u011b taky, ale co se t\u00fdk\u00e1 t\u011bch bylinek, tak pokud jenom pobol\u00edvaj\u00ed klouby a po zm\u011bn\u011b po\u010das\u00ed to zase p\u0159ejde, nen\u00ed to trval\u00e9 a ty klouby nejsou n\u011bjak\u00e9 \u010derven\u00e9, otekl\u00e9, deformovan\u00e9 atd. tak tam by to ur\u010dit\u011b spravilo ka\u0161tanov\u00e9 maz\u00e1n\u00ed, a\u0165 u\u017e ve form\u011b masti nebo lihov\u00e9ho n\u011bjak\u00e9ho v\u00fdta\u017eku. Taky se na to doporu\u010duj\u00ed, i kdy\u017e to nen\u00ed \u00fapln\u011b bylinn\u00e9 \u0159\u00ed\u0161e, r\u016fzn\u00e9 takov\u00e9 ty masti v\u010del\u00edm jedem s had\u00edm jedem atd. smrd\u00ed, ale pom\u00e1haj\u00ed. Kdy\u017e to \u0159eknu, tak na rovinu, co se t\u00fdk\u00e1, tam jedin\u011b je\u0161t\u011b by m\u011b napadlo ta odolnost v\u016f\u010di tomu po\u010das\u00ed, t\u011bm zm\u011bn\u00e1m, proto\u017ee ty zm\u011bny opravdu n\u011bkdy jsou razantn\u00ed a ne ka\u017ed\u00fd je sn\u00e1\u0161\u00ed, tak mo\u017en\u00e1 n\u011bjak\u00fd takov\u00fd \u010daj vyrovn\u00e1vac\u00ed, kter\u00fd by n\u00e1m pomohl v dob\u011b t\u011bch prudk\u00fdch zm\u011bn. T\u0159eba m\u011b napad\u00e1 spor ji\u017e l\u00e9ka\u0159sk\u00fd, anebo n\u011bjak\u00fd ten adaptogen, jak jsme o nich mluvili, pou\u017e\u00edvat. V dob\u011b takov\u00fdch hl\u00e1sili, \u017ee bude zm\u011bna tlaku. Tak j\u00e1 nev\u00edm, si vezmu t\u0159eba \u0161i\u0161\u00e1kov\u00e9 kapky, tak asi takhle.<br \/><br \/>Andrea Skalick\u00e1, redaktorka<br \/>&#8212;&#8212;&#8212;&#8212;&#8212;&#8212;&#8211;<br \/>Co proti pad\u00e1n\u00ed vlas\u016f ze stresu? Je to u mlad\u00e9 \u017eeny.<br \/><br \/>bylink\u00e1\u0159ka Vladim\u00edra \u0160tenglov\u00e1<br \/>&#8212;&#8212;&#8212;&#8212;&#8212;&#8212;&#8211;<br \/>Tak tam ano, tam bych \u0159ekla, odstranit ten stres, anebo ud\u011blat n\u011bco pro to, aby ten stres tak moc \u00fapln\u011b nevadil, napadaj\u00ed m\u011b zase n\u011bjak\u00e9 adaptogeny, aby se tro\u0161ku to t\u011blo naladilo, ov\u0161em pokud je to mlad\u00e1 \u017eena, tak mus\u00ed v\u011bd\u011bt, \u017ee nen\u00ed t\u011bhotn\u00e1 nebo nepl\u00e1nuje v nejbli\u017e\u0161\u00ed dob\u011b si po\u0159\u00eddit miminko. Tam jde taky o to, \u017ee stav vlas\u016f je stav na\u0161eho t\u011bla p\u0159ed t\u0159emi m\u011bs\u00edci, tot\u00e9\u017e se t\u00fdk\u00e1 neht\u016f, kdy\u017e mi padaj\u00ed vlasy, tak to byla t\u0159eba n\u011bjak\u00e1 hore\u010dnat\u00e1 choroba nebo n\u011bjak\u00fd velk\u00fd stres. T\u0159i m\u011bs\u00edce zp\u00e1tky, pokud m\u00e1 te\u010f stres, tak ty vlasy j\u00ed budou padat je\u0161t\u011b za t\u0159i m\u011bs\u00edce, tak\u017ee tam doplnit dostatek vitamin\u016f, sna\u017eit se obrnit proti stresu, co\u017e jsou n\u011bjak\u00e9 ty adaptogeny. Pokud by mlad\u00e1 d\u00e1ma t\u0159eba m\u011bla podez\u0159en\u00ed, \u017ee m\u016f\u017ee b\u00fdt t\u011bhotn\u00e1 nebo n\u011bco podobn\u00e9ho v dohledn\u00e9 dob\u011b pl\u00e1novala. Tak bych mo\u017en\u00e1 ty adaptogeny vym\u011bnila t\u0159eba za levandulov\u00fd \u010daj, ale velice slab\u00fd.<br \/><br \/>Andrea Skalick\u00e1, redaktorka<br \/>&#8212;&#8212;&#8212;&#8212;&#8212;&#8212;&#8211;<br \/>Pros\u00edm, jak p\u016fsob\u00ed hluchavka na \u017eensk\u00e9 pot\u00ed\u017ee? M\u00e1m nasu\u0161enou, vlastn\u00ed, ale nev\u00edm, jak spr\u00e1vn\u011b u\u017e\u00edvat?<br \/><br \/>bylink\u00e1\u0159ka Vladim\u00edra \u0160tenglov\u00e1<br \/>&#8212;&#8212;&#8212;&#8212;&#8212;&#8212;&#8211;<br \/>Hluchavka je protiz\u00e1n\u011btliv\u00e1. V tomhle sm\u011bru velice siln\u011b, to znamen\u00e1, pokud n\u011bkdo trp\u00ed na r\u016fzn\u00e9 v\u00fdtoky atd. tak ta hluchavka je velice \u00fa\u017easn\u00e1 bylinka a stejn\u011b tak se pou\u017e\u00edv\u00e1 do sm\u011bs\u00ed na chronick\u00e9 probl\u00e9my s ledvinami, dokonce se u n\u00ed p\u0159edpokl\u00e1d\u00e1, \u017ee kdy\u017e n\u011bkdo m\u00e1 po\u0161kozen\u00e9 ledviny bu\u010f v\u011bkem, nebo spoustou l\u00e9k\u016f, kter\u00e9 bere, nebo podobn\u011b, tak na zlep\u0161en\u00ed funkce takov\u00fdch t\u011bch ledvin bu\u010f sta\u0159eck\u00fdch, anebo zhuntovan\u00fdch, lidov\u011b \u0159e\u010deno, ta hluchavka je taky v\u00fdborn\u00e1.<br \/><br \/>mluv\u010d\u00ed 5,<br \/>&#8212;&#8212;&#8212;&#8212;&#8212;&#8212;&#8211;<br \/>Dobr\u00fd ve\u010der. J\u00e1 jsem se cht\u011bla zeptat, jestli existuje n\u011bjak\u00e1 bylinka na astma?<br \/><br \/>bylink\u00e1\u0159ka Vladim\u00edra \u0160tenglov\u00e1<br \/>&#8212;&#8212;&#8212;&#8212;&#8212;&#8212;&#8211;<br \/>Protiastmatick\u00fd \u010daj, tam zase je dobr\u00fd zjistit, co to astma spou\u0161t\u00ed, jinak, co se t\u00fdk\u00e1 t\u011bch bylinek, to by byly sp\u00ed\u0161 n\u011bjak\u00e9 bylinky, pokud v\u011bt\u0161inou astma m\u00edv\u00e1 spou\u0161t\u011b\u010d. Nejsem pan\u00ed doktorka, teda upozor\u0148uju, tak\u017ee berte m\u011b jako babu ko\u0159en\u00e1\u0159ku. Tam je to bu\u010f t\u0159eba stresov\u00e9, n\u011bjak\u00e9 faktory, nebo m\u016f\u017eou tam b\u00fdt n\u011bjak\u00e9 faktory t\u0159eba alergick\u00e9, tak tam jako je t\u0159eba skoro zjistit, co to astma spou\u0161t\u00ed, jinak takov\u00e9 ty protiastmatick\u00e9 \u010daje, bych asi zkusila, by\u0165 je to \u010daj, kter\u00fd se doporu\u010duje na n\u00e1sledky n\u011bjak\u00fdch onemocn\u011bn\u00ed, t\u011b\u017ek\u00fdch ch\u0159ipek, z\u00e1palu plic a podobn\u011b, ale nicm\u00e9n\u011b zlep\u0161uje stav d\u00fdchac\u00edch cest. Asi Italku od pan\u00ed Kamenick\u00e9 nebo n\u011bjak\u00fd \u010daj, kter\u00fd obsahuje plicn\u00edk, by\u0165 jsou to plicn\u00ed \u010daje a astma, jsou pr\u016fdu\u0161ky, ale mysl\u00edm si, \u017ee pokud to nen\u00ed t\u0159eba zp\u016fsoben\u00e9 stresem, tam potom asi n\u011bjak\u00fd protistresov\u00fd, ale opatrn\u011b zase u astmatik\u016f s t\u011bmi \u010daji, proto\u017ee astmatik b\u00fdv\u00e1 alergik a \u010d\u00edm v\u00edc bylinek v tom \u010daji je, tak t\u00edm v\u00edc hroz\u00ed, \u017ee tam bude n\u011bjak\u00e1, kter\u00e1 pr\u00e1v\u011b to naopak spust\u00ed.<br \/><br \/>Andrea Skalick\u00e1, redaktorka<br \/>&#8212;&#8212;&#8212;&#8212;&#8212;&#8212;&#8211;<br \/>My jsme v \u00favodu sl\u00edbili recept na sirup z proskurn\u00edku a vy jste ho na\u0161la, tak\u017ee v\u00e1s te\u010f popros\u00edm, jestli byste ho na\u0161im poslucha\u010d\u016fm p\u0159e\u010detla.<br \/><br \/>bylink\u00e1\u0159ka Vladim\u00edra \u0160tenglov\u00e1<br \/>&#8212;&#8212;&#8212;&#8212;&#8212;&#8212;&#8211;<br \/>Ano, tak\u017ee 50 g ibi\u0161kov\u00e9ho ko\u0159ene, je-li \u010derstv\u00fd, je to lep\u0161\u00ed, tud\u00ed\u017e bych ho dala tro\u0161ku m\u00ed\u0148. Anebo ten sirup prost\u011b bude siln\u011bj\u0161\u00ed. 40 g 98 procentn\u00edho lihu, ten nikde nekoup\u00edte, tak\u017ee je nutn\u00fd si to p\u0159epo\u010d\u00edtat na to, co m\u00e1me. L\u00e9k\u00e1rensk\u00fd l\u00edh m\u00e1 60 %, r\u016fzn\u00e9 vodky a slivovice, kter\u00e9 se daj\u00ed tak\u00e9 pou\u017e\u00edt, maj\u00ed tolik procent, kolik maj\u00ed naps\u00e1no na obalu, tak\u017ee tam je t\u0159eba p\u0159idat toho lihu v\u00edc, proto\u017ee stejn\u011b se tam p\u0159id\u00e1v\u00e1 800 ml vody, tak\u017ee kalkula\u010dku do ruky a p\u0159epo\u010d\u00edtat a ubrat vodu, p\u0159idat l\u00edh podle toho, jak je siln\u00fd. Nalije se to do n\u011bjak\u00e9 n\u00e1doby, aby pokud mo\u017eno nebyla hlin\u00edkov\u00e1, teflonov\u00e1 nebo n\u011bco podobn\u00e9ho. J\u00e1 jsem pou\u017e\u00edvala v\u017edycky smaltovan\u00fd n\u00e1dob\u00ed, samoz\u0159ejm\u011b sklo nebo keramika. Nech\u00e1 se to dv\u011b hodiny macerovat p\u0159iklopen\u00e9 p\u0159i pokojov\u00e9 teplot\u011b a ob\u010das se to b\u011bhem t\u011bch dvou hodin prom\u00edch\u00e1. Potom se to sced\u00ed, tak\u017ee neproma\u010dk\u00e1vat, aby tam nebyly kusy toho ko\u0159ene, tak\u017ee vezmu hust\u00e9 s\u00edtko a prost\u011b to p\u0159es n\u011bj p\u0159eliju. P\u0159id\u00e1 se 600 g cukru je na t\u011bch 50 g ibi\u0161kov\u00e9ho ko\u0159ene, no a va\u0159\u00edme tak dlouho, a\u017e to m\u00e1 konzistenci sirupu, ale proto\u017ee to nen\u00ed ni\u010d\u00edm konzervovan\u00e9, je t\u0159eba to uchov\u00e1vat v lednici a nava\u0159it si takov\u00e9 mno\u017estv\u00ed, kter\u00e9 t\u0159eba do m\u011bs\u00edce spot\u0159ebujeme.<br \/><br \/>Andrea Skalick\u00e1, redaktorka<br \/>&#8212;&#8212;&#8212;&#8212;&#8212;&#8212;&#8211;<br \/>A ibi\u0161ek rovn\u00e1 se ten proskurn\u00edk.<br \/><br \/>bylink\u00e1\u0159ka Vladim\u00edra \u0160tenglov\u00e1<br \/>&#8212;&#8212;&#8212;&#8212;&#8212;&#8212;&#8211;<br \/>Ibi\u0161ek rovn\u00e1 se ten proskurn\u00edk, neboli ibi\u0161, jak pou\u017e\u00edv\u00e1 pan\u00ed Kamenick\u00e1 v \u010daj\u00edch.<br \/><br \/>Andrea Skalick\u00e1, redaktorka<br \/>&#8212;&#8212;&#8212;&#8212;&#8212;&#8212;&#8211;<br \/>Je\u0161t\u011b jednou p\u0159ipome\u0148te, k \u010demu je ten sirup dobr\u00fd?<br \/><br \/>bylink\u00e1\u0159ka Vladim\u00edra \u0160tenglov\u00e1<br \/>&#8212;&#8212;&#8212;&#8212;&#8212;&#8212;&#8211;<br \/>Na ka\u0161el vynikaj\u00edc\u00ed, proto\u017ee ho mohou i mal\u00e9 d\u011bti a velice dob\u0159e se po n\u011bm odka\u0161le a takov\u00e9 ty chronick\u00e9 chrchlav\u00e9 ka\u0161le po celou zimu, to docela dob\u0159e l\u00e9\u010d\u00ed.<br \/><br \/><br \/>redaktorka<br \/>&#8212;&#8212;&#8212;&#8212;&#8212;&#8212;&#8211;<br \/>N\u011bkdo se pt\u00e1, jestli je pravda, \u017ee He\u0159m\u00e1nek sni\u017euje \u00fa\u010dinnost l\u00e9k\u016f na vysok\u00fd tlak a na \u0159ed\u011bn\u00ed krve?<br \/><br \/>bylink\u00e1\u0159ka Vladim\u00edra \u0160tenglov\u00e1<br \/>&#8212;&#8212;&#8212;&#8212;&#8212;&#8212;&#8211;<br \/>Co se t\u00fdk\u00e1 l\u00e9k\u016f na vysok\u00fd tlak, t\u011bch je tolik druh\u016f a maj\u00ed tolik r\u016fzn\u00fdch \u00fa\u010dink\u016f, \u017ee tam by bylo t\u0159eba se zeptat na ten konkr\u00e9tn\u00ed l\u00e9k, kter\u00fd se bere v l\u00e9k\u00e1rn\u011b, to se t\u00fdk\u00e1 l\u00e9k\u016f na \u0159ed\u011bn\u00ed krve, tam se mus\u00edm p\u0159iznat, \u017ee jsem se s t\u00edm nikdy nesetkala. Nicm\u00e9n\u011b He\u0159m\u00e1nek, pokud v\u00edm, by asi n\u011bjak v\u00fdrazn\u011b nem\u011bl ru\u0161it \u00fa\u010dinky l\u00e9k\u016f na \u0159ed\u011bn\u00ed krve, sp\u00ed\u0161 je tam t\u0159eba opatrnost podle toho zase, co to je za druh l\u00e9k\u016f. To je pr\u00e1v\u011b ono, \u017ee t\u011bch l\u00e9k\u016f na \u0159ed\u011bn\u00ed krve je tak obrovsk\u00e1 skupina, a ka\u017ed\u00fd funguje jinak, \u017ee tam jako t\u011b\u017eko to \u0159\u00edct takhle obecn\u011b.<br \/><br \/>Andrea Skalick\u00e1, redaktorka<br \/>&#8212;&#8212;&#8212;&#8212;&#8212;&#8212;&#8211;<br \/>Co je p\u0159\u00ed\u010dinou lup\u016f ve vlasech a jak se jich zbavit pomoc\u00ed bylinek?<br \/><br \/>bylink\u00e1\u0159ka Vladim\u00edra \u0160tenglov\u00e1<br \/>&#8212;&#8212;&#8212;&#8212;&#8212;&#8212;&#8211;<br \/>Z\u00e1le\u017e\u00ed, jak\u00e9 to jsou lupy a jak\u00e9 to jsou vlasy? Lupy m\u016f\u017eou b\u00fdt zp\u016fsoben\u00e9 spoustou p\u0159\u00ed\u010din, bu\u010f suchou poko\u017ekou ve vlasech, \u0161patn\u011b vypl\u00e1chnut\u00fdm \u0161amponem, n\u011bjakou slo\u017ekou \u0161amponu, kterou \u0161patn\u011b sn\u00e1\u0161\u00edme, m\u016f\u017eou b\u00fdt dokonce i infek\u010dn\u00edho p\u016fvodu, tak\u017ee tam to je zase takov\u00e1 t\u011b\u017ek\u00e1 odpov\u011b\u010f na t\u011b\u017ekou ot\u00e1zku, proto\u017ee j\u00e1 nev\u00edm, \u010d\u00edm ty lupy jsou zp\u016fsoben\u00e9 a jestli ten \u010dlov\u011bk m\u00e1 mastnou k\u016f\u017ei, suchou k\u016f\u017ei, mastn\u00e9 vlasy, such\u00e9 vlasy. Doporu\u010duje se oplachov\u00e1n\u00ed lopuchem, nap\u0159\u00edklad odvarem nebo i jsou lopuchov\u00e9 vlasov\u00e9 vody. Ale tam zase, pokud je to zp\u016fsobeno t\u0159eba, j\u00e1 nev\u00edm, suchou k\u016f\u017e\u00ed, tak zrovna vlasov\u00e1 voda tu k\u016f\u017ei nepromast\u00ed, tak\u017ee tam zase je to zkusit lampucha. Kdy\u017e nebude fungovat, m\u00e1 to jin\u00fd d\u016fvod.<br \/><br \/>Andrea Skalick\u00e1, redaktorka<br \/>&#8212;&#8212;&#8212;&#8212;&#8212;&#8212;&#8211;<br \/>Dcera 46 let m\u011bla operaci srdce v 31 letech. Za\u0161it\u00ed otvoru mezi komorami. Od t\u00e9 doby trp\u00ed na zm\u011bny po\u010das\u00ed. Ne\u017e se zm\u011bn\u00ed, l\u00e9ky nebere. \u0160lo by n\u011bjakou bylinkou zm\u00edrnit pot\u00ed\u017ee. Cel\u00fd den prole\u017e\u00ed fronta p\u0159ejde a jej\u00ed l\u00e9pe.<br \/><br \/>bylink\u00e1\u0159ka Vladim\u00edra \u0160tenglov\u00e1<br \/>&#8212;&#8212;&#8212;&#8212;&#8212;&#8212;&#8211;<br \/>Tak mus\u00edm s t\u00edm souhlasit, proto\u017ee ANO, tohle to ur\u010dit\u011b bude t\u00edm zp\u016fsobeno, ov\u0161em je t\u011b\u017ek\u00e9 n\u011bco radit, proto\u017ee prole\u017e\u00ed z d\u016fvod\u016f toho, \u017ee, m\u00e1 n\u00edzk\u00fd tlak, vysok\u00fd tlak, rozkol\u00eds\u00e1n tlak, bol\u00ed hlava jako d\u016fvod slabost, nebo pro\u010d prole\u017e\u00ed, tam by asi bylo taky lep\u0161\u00ed se poradit s l\u00e9ka\u0159em, co zp\u016fsobuje to, \u017ee prole\u017e\u00ed, jestli se tak jako nec\u00edt\u00ed p\u0159i p\u0159echodu n\u011bjak\u00e9 fronty, tak to zn\u00e1m. To se t\u00fdk\u00e1 v\u0161ech lid\u00ed, kte\u0159\u00ed maj\u00ed probl\u00e9my se srdcem, s migr\u00e9nami, s klouby atd. tak\u017ee tam asi bych se p\u00eddila, co zp\u016fsobuje to, \u017ee prole\u017e\u00ed, to znamen\u00e1, jak je \u0161patn\u011b. A podle toho volit bylinku.<br \/><br \/><br \/>redaktorka<br \/>&#8212;&#8212;&#8212;&#8212;&#8212;&#8212;&#8211;<br \/>V ka\u017ed\u00e9m p\u0159\u00edpad\u011b, poradit se s l\u00e9ka\u0159em, ur\u010dit\u011b je na m\u00edst\u011b. \u0160\u00edpky, m\u00e1k proti osteopor\u00f3ze, nev\u00ed, jak to m\u00edch\u00e1 a bere ,se n\u011bkdo pt\u00e1.<br \/><br \/>bylink\u00e1\u0159ka Vladim\u00edra \u0160tenglov\u00e1<br \/>&#8212;&#8212;&#8212;&#8212;&#8212;&#8212;&#8211;<br \/>Tak ano, m\u00e1k je vydatn\u00fd zdroj v\u00e1pn\u00edku, \u0161\u00edpky samoz\u0159ejm\u011b tak\u00e9, nav\u00edc \u0161\u00edpky obsahuj\u00ed flanoidy, kter\u00e9 jsou na tu osteopor\u00f3zu tak\u00e9. M\u00edchat. Si nedovedu \u00fapln\u011b p\u0159edstavit, proto\u017ee p\u0159edstava, \u017ee si uva\u0159\u00edm \u0161\u00edpkov\u00fd \u010daj, naraz\u00edm do n\u011bj m\u00e1k, je velice zvl\u00e1\u0161tn\u00ed, tak\u017ee tam to chce asi pob\u00edrat odd\u011blen\u011b makov\u00fd kol\u00e1\u010d, zap\u00edt \u010dajem.<br \/><br \/>Andrea Skalick\u00e1, redaktorka<br \/>&#8212;&#8212;&#8212;&#8212;&#8212;&#8212;&#8211;<br \/>T\u0159eba zpomalen\u00fd metabolismus, pot\u00ed\u017ee se slinivkou. Je to diabetik. Kter\u00e9 bylinky u\u017e\u00edvat?<br \/><br \/>bylink\u00e1\u0159ka Vladim\u00edra \u0160tenglov\u00e1<br \/>&#8212;&#8212;&#8212;&#8212;&#8212;&#8212;&#8211;<br \/>N\u011bjak\u00e9 ho\u0159k\u00e9 na zlep\u0161en\u00ed tr\u00e1ven\u00ed, slinivka, pokud zp\u016fsobuje pot\u00ed\u017ee a je to opravdu slinivka, tak se doporu\u010duj\u00ed vla\u0161tovi\u010dn\u00edkov\u00e9 kapky, nev\u00edm, jestli u\u017e se daj\u00ed koupit, nebo jestli je t\u0159eba po\u010dkat na vla\u0161tovi\u010dn\u00edk, jinak jak\u00fdkoliv ho\u0159k\u00fd \u010daj. Napad\u00e1 m\u011b Ho\u0159ec, ostropest\u0159ec, takov\u00e9 ty jatern\u00ed ho\u0159k\u00e9 \u010daje by mohli ten stav zlep\u0161it.<br \/><br \/><br \/>redaktorka<br \/>&#8212;&#8212;&#8212;&#8212;&#8212;&#8212;&#8211;<br \/>Nedokrevnost nohou, porad\u00edte?<br \/><br \/>bylink\u00e1\u0159ka Vladim\u00edra \u0160tenglov\u00e1<br \/>&#8212;&#8212;&#8212;&#8212;&#8212;&#8212;&#8211;<br \/>Doporu\u010dovaly se v\u00fdta\u017eky z Ginkgo Biloby a nev\u00edm nakolik. Te\u010f jsem \u010detla \u010dl\u00e1nek, \u017ee je to takov\u00e9 diskutabiln\u00ed, \u017ee ne v\u017edycky to zabere a ne \u00fapln\u011b to funguje tak z\u00e1zra\u010dn\u011b, jak lid\u00e9 \u010dekaj\u00ed, ale nicm\u00e9n\u011b, bu\u010f \u010daj z Ginkgo Biloby, nebo kapky bych vyzkou\u0161ela. Ty kapky asi budou \u00fa\u010dinn\u011bj\u0161\u00ed a koupele, st\u0159\u00eddav\u011b studen\u00e1, tepl\u00e1 voda.<br \/><br \/>Andrea Skalick\u00e1, redaktorka<br \/>&#8212;&#8212;&#8212;&#8212;&#8212;&#8212;&#8211;<br \/>Existuje n\u011bjak\u00e1 bylina, kter\u00e1 by pomohla p\u0159i odvyk\u00e1n\u00ed kou\u0159en\u00ed?<br \/><br \/>bylink\u00e1\u0159ka Vladim\u00edra \u0160tenglov\u00e1<br \/>&#8212;&#8212;&#8212;&#8212;&#8212;&#8212;&#8211;<br \/>\u0158\u00edkalo se \u017ev\u00fdkat pu\u0161kvorcov\u00fd ko\u0159en, pr\u00fd kdy\u017e n\u011bkdo \u017ev\u00fdk\u00e1 pu\u0161kvorcov\u00fd ko\u0159en a zap\u00e1l\u00ed si pak cigaretu, tak je to tak nechutn\u00e9, \u017ee u\u017e si j\u00ed nezap\u00e1l\u00ed. Pro m\u011b u\u017e by byl nechutn\u00fd ten pu\u0161kvorcov\u00fd ko\u0159en, ale v ka\u017ed\u00e9m p\u0159\u00edpad\u011b to bude cht\u00edt asi silnou v\u016fli.<br \/><br \/>Andrea Skalick\u00e1, redaktorka<br \/>&#8212;&#8212;&#8212;&#8212;&#8212;&#8212;&#8211;<br \/>M\u00e1m autoimunitn\u00ed chronick\u00fd z\u00e1n\u011bt sliznice tlust\u00e9ho st\u0159eva, p\u00ed\u0161e poslucha\u010d. Bylo by n\u011bco na zlep\u0161en\u00ed stavu?<br \/><br \/>bylink\u00e1\u0159ka Vladim\u00edra \u0160tenglov\u00e1<br \/>&#8212;&#8212;&#8212;&#8212;&#8212;&#8212;&#8211;<br \/>Ur\u010dit\u011b \u0159ep\u00edk, m\u00e1 tu v\u00fdhodu, \u017ee se d\u00e1 pop\u00edjet \u0159ep\u00edkov\u00fd \u010daj prakticky nep\u0159etr\u017eit\u011b bez p\u0159eru\u0161en\u00ed. Ov\u0161em ne 2 l denn\u011b. Samoz\u0159ejm\u011b, ale rozumn\u00e9 mno\u017estv\u00ed. Tak dva hrnky.<br \/><br \/>Andrea Skalick\u00e1, redaktorka<br \/>&#8212;&#8212;&#8212;&#8212;&#8212;&#8212;&#8211;<br \/>Dal\u0161\u00ed dotazy u\u017e si nech\u00e1me do p\u0159\u00ed\u0161t\u00ed bylink\u00e1\u0159sk\u00e9 poradny, dnes se budeme lou\u010dit, na\u0161\u00ed poradkyn\u00ed byla bylink\u00e1\u0159ka Vladim\u00edra \u0160tenglov\u00e1. My d\u011bkujeme za n\u00e1v\u0161t\u011bvu ve studiu, za v\u0161echny informace a rady, m\u011bjte se p\u011bkn\u011b, na sly\u0161enou.<br \/><br \/><\/p>\n","protected":false},"excerpt":{"rendered":"<div class=\"mh-excerpt\"><p>Na r\u00e1dioporadn\u011b \u010cRo byla bylink\u00e1\u0159ka Vladim\u00edra \u0160tenglov\u00e1. Pov\u00eddala o r\u016fzn\u00fdch bylink\u00e1ch a jejich \u00fa\u010dinc\u00edch, prozradila, jak doma vyrobit sirup na ka\u0161el a odpov\u00eddala na dotazy <a class=\"mh-excerpt-more\" href=\"https:\/\/www.invarena.cz\/?p=44529\" title=\"Bylink\u00e1\u0159ka rad\u00ed\">[&#8230;]<\/a><\/p>\n<\/div>","protected":false},"author":1,"featured_media":15294,"comment_status":"open","ping_status":"closed","sticky":false,"template":"","format":"standard","meta":{"footnotes":""},"categories":[11],"tags":[],"class_list":["post-44529","post","type-post","status-publish","format-standard","has-post-thumbnail","hentry","category-zdravi"],"_links":{"self":[{"href":"https:\/\/www.invarena.cz\/index.php?rest_route=\/wp\/v2\/posts\/44529","targetHints":{"allow":["GET"]}}],"collection":[{"href":"https:\/\/www.invarena.cz\/index.php?rest_route=\/wp\/v2\/posts"}],"about":[{"href":"https:\/\/www.invarena.cz\/index.php?rest_route=\/wp\/v2\/types\/post"}],"author":[{"embeddable":true,"href":"https:\/\/www.invarena.cz\/index.php?rest_route=\/wp\/v2\/users\/1"}],"replies":[{"embeddable":true,"href":"https:\/\/www.invarena.cz\/index.php?rest_route=%2Fwp%2Fv2%2Fcomments&post=44529"}],"version-history":[{"count":0,"href":"https:\/\/www.invarena.cz\/index.php?rest_route=\/wp\/v2\/posts\/44529\/revisions"}],"wp:featuredmedia":[{"embeddable":true,"href":"https:\/\/www.invarena.cz\/index.php?rest_route=\/wp\/v2\/media\/15294"}],"wp:attachment":[{"href":"https:\/\/www.invarena.cz\/index.php?rest_route=%2Fwp%2Fv2%2Fmedia&parent=44529"}],"wp:term":[{"taxonomy":"category","embeddable":true,"href":"https:\/\/www.invarena.cz\/index.php?rest_route=%2Fwp%2Fv2%2Fcategories&post=44529"},{"taxonomy":"post_tag","embeddable":true,"href":"https:\/\/www.invarena.cz\/index.php?rest_route=%2Fwp%2Fv2%2Ftags&post=44529"}],"curies":[{"name":"wp","href":"https:\/\/api.w.org\/{rel}","templated":true}]}}