{"id":44594,"date":"2023-12-27T08:24:25","date_gmt":"2023-12-27T07:24:25","guid":{"rendered":"https:\/\/www.invarena.cz\/?p=44594"},"modified":"2023-12-27T08:24:26","modified_gmt":"2023-12-27T07:24:26","slug":"vyhrozovani-a-poplasne-zpravy-po-utoku-na-filozoficke-fakulte-pokracuji","status":"publish","type":"post","link":"https:\/\/www.invarena.cz\/?p=44594","title":{"rendered":"Vyhro\u017eov\u00e1n\u00ed a popla\u0161n\u00e9 zpr\u00e1vy po \u00fatoku na Filozofick\u00e9 fakult\u011b pokra\u010duj\u00ed"},"content":{"rendered":"\n<p>Policie \u0159e\u0161\u00ed v sou\u010dasn\u00e9 dob\u011b v\u00edce ne\u017e p\u011bt des\u00edtek nejr\u016fzn\u011bj\u0161\u00edch poznatk\u016f v souvislosti se \u010dtvrte\u010dn\u00edm \u00fatokem na Filozofick\u00e9 fakult\u011b Univerzity Karlovy v Praze. CNN Prima News\u00a0to potvrdil mluv\u010d\u00ed policejn\u00edho prezidia Josef Boc\u00e1n. T\u00fdkaj\u00ed se nap\u0159\u00edklad \u0161\u00ed\u0159en\u00ed popla\u0161n\u00e9 zpr\u00e1vy, nebezpe\u010dn\u00e9ho vyhro\u017eov\u00e1n\u00ed nebo schvalov\u00e1n\u00ed trestn\u00e9ho \u010dinu.<br \/><br \/>mluv\u010d\u00ed 2,<br \/>&#8212;&#8212;&#8212;&#8212;&#8212;&#8212;&#8211;<br \/>Jen za v\u010derej\u0161ek pra\u017e\u0161t\u00ed kriminalist\u00e9 \u0159e\u0161ili dal\u0161\u00edch sedm p\u0159\u00edpad\u016f nebezpe\u010dn\u00e9ho vyhro\u017eov\u00e1n\u00ed. Typicky te\u010f je \u0159ada na m\u011b. A podobn\u00e9 v\u00fdk\u0159iky nebo schvalov\u00e1n\u00ed \u00fatoku na Filozofick\u00e9 fakult\u011b Univerzity Karlovy. Naprost\u00e1 v\u011bt\u0161ina t\u011bchto hrdin\u016f ji\u017e byla ustanovena.<br \/><br \/>mluv\u010d\u00ed 1,<br \/>&#8212;&#8212;&#8212;&#8212;&#8212;&#8212;&#8211;<br \/>A s n\u00e1mi u\u017e je ve vys\u00edl\u00e1n\u00ed bezpe\u010dnostn\u00ed expert Andor \u0160\u00e1ndor, dobr\u00fd podve\u010der.<br \/><br \/>Tak je to obvykl\u00e9, \u017ee se po takov\u00e9 trag\u00e9dii, jako byla st\u0159elba na Filozofick\u00e9 fakult\u011b v Praze, objev\u00ed v\u011bt\u0161\u00ed mno\u017estv\u00ed p\u0159\u00edsp\u011bvk\u016f lid\u00ed, kte\u0159\u00ed vyhro\u017euj\u00ed, \u017ee podobn\u00fd \u010din tak\u00e9 sp\u00e1chaj\u00ed nebo jej schvaluj\u00ed?<br \/><br \/>mluv\u010d\u00ed 4,<br \/>&#8212;&#8212;&#8212;&#8212;&#8212;&#8212;&#8211;<br \/>Bohu\u017eel ano. A s rozvojem soci\u00e1ln\u00edch s\u00edt\u00ed, kdy ta anonymita a jaksi umo\u017e\u0148uje t\u011bmto lidem se takto vyjad\u0159ovat, m\u011bli by si uv\u011bdomit, \u017ee za prv\u00e9 tohle to, \u017ee svobodou projevu nem\u00e1 nic spole\u010dn\u00e9ho, vy jste to v tom \u00favodu tak\u00e9 \u0159\u00edkal, \u017ee jde o schvalov\u00e1n\u00ed trestn\u00e9ho \u010dinu a podobn\u011b, co\u017e u\u017e je v kategorii \u00fapln\u011b n\u011bkde jinde a jenom bych cht\u011bl vyj\u00e1d\u0159it p\u0159esv\u011bd\u010den\u00ed, \u017ee p\u0159esto\u017ee takov\u00fdto lid\u00e9 se najdou, kte\u0159\u00ed verb\u00e1ln\u011b toto jaksi projevuj\u00ed, tak\u017ee se nenajde nikdo, kdo by ten \u010din cht\u011bl zopakovat, to je, mysl\u00edm, je\u0161t\u011b v\u011bt\u0161\u00ed probl\u00e9m, kter\u00fd je bohu\u017eel realitou. Kdy\u017e se n\u011bco takov\u00e9ho stane, tak se n\u011bkdo m\u016f\u017ee t\u00edm jaksi nechat inspirovat a krom\u011b toho, \u017ee n\u011bkte\u0159\u00ed lid\u00e9 \u0159\u00edkaj\u00ed, j\u00e1 bych to ud\u011blal taky, te\u010f je \u0159ada na m\u011b, tak to bohu\u017eel m\u016f\u017ee ud\u011blat, a to si mysl\u00edm, \u017ee je velmi nebezpe\u010dn\u00e9 a policie v situaci, kdy monitoruje takov\u00e9to zpr\u00e1vy, tak nev\u00ed, jestli je to opravdu s prominut\u00edm jenom n\u011bjak\u00fd pitomec, anebo je to n\u011bkdo, kdo to skute\u010dn\u011b mysl\u00ed v\u00e1\u017en\u011b?<br \/><br \/>mluv\u010d\u00ed 1,<br \/>&#8212;&#8212;&#8212;&#8212;&#8212;&#8212;&#8211;<br \/>A d\u00e1 se \u0159\u00edct, jak se takov\u00e9 p\u0159\u00edsp\u011bvky posuzuj\u00ed? Kde je vlastn\u011b ta hranice, za kterou u\u017e jejich autor\u016fm hroz\u00ed n\u011bjak\u00fd postih? A jak\u00fd tedy p\u0159\u00edpadn\u011b.<br \/><br \/>mluv\u010d\u00ed 4,<br \/>&#8212;&#8212;&#8212;&#8212;&#8212;&#8212;&#8211;<br \/>Tak j\u00e1 nejsem pr\u00e1vn\u00edk, abych v\u00e1m \u0159ekl, kam, do jak\u00e9 z\u00e1konn\u00e9 normy a ty t\u0159i v\u011bci, o kter\u00fdch jste mluvil, to znamen\u00e1 vyhro\u017eov\u00e1n\u00ed, popla\u0161n\u00e1 zpr\u00e1va \u010di schvalov\u00e1n\u00ed trestn\u00e9ho \u010dinu lze nasadit, ale v ka\u017ed\u00e9m p\u0159\u00edpad\u011b je tu to, \u017ee ta policie mus\u00ed i reagovat, mus\u00ed se prost\u011b sbalit a je to m\u00edsto prov\u011b\u0159it, pokud n\u011bjak\u00e1 zpr\u00e1va, kterou takto zachyt\u00ed, je bl\u00ed\u017ee identifikov\u00e1na a p\u0159edpokl\u00e1d\u00e1m, \u017ee policie, kter\u00e9 se, a to je dob\u0159e, da\u0159\u00ed ustanovit v\u011bt\u0161inu takov\u00fdchto v\u00fdhr\u016f\u017eek nebo schvalov\u00e1n\u00ed, \u017ee potom m\u00e1 dostate\u010dn\u011b silnou jaksi pozici v tom, aby takov\u00e9to v\u00fdst\u0159elky, a to je hodn\u011b slab\u00e9 slovo, aby byly i po z\u00e1sluze potrest\u00e1ny, tak\u017ee p\u0159edpokl\u00e1dejme, \u017ee n\u011bkter\u00e9 tyto jaksi v\u00fdst\u0159elky mohou b\u00fdt potrest\u00e1ny potom tak\u00e9 samoz\u0159ejm\u011b, kdy\u017e n\u011bco takov\u00e9hle ve vztahu k leti\u0161ti, kdy se mus\u00ed t\u0159eba i omezovat leteck\u00fd provoz a podobn\u011b, pak samoz\u0159ejm\u011b i ty \u0161kody materi\u00e1ln\u00ed jsou velik\u00e9 a z tohohle pohledu si mysl\u00edm, \u017ee je na org\u00e1ny \u010dinn\u00fdch v trestn\u00e9m \u0159\u00edzen\u00ed, aby jednali a z\u00e1rove\u0148, aby i takov\u00e9to p\u0159estupky byly exempl\u00e1rn\u011b potrest\u00e1ny, proto\u017ee spole\u010dnost se mus\u00ed proti takov\u00fdmto, j\u00e1 u\u017e jsem je nazval pitonci, ale nechci opakovat hrub\u00e1 slova proti takov\u00fdmto lidem, aby se prost\u011b um\u011bla \u00fa\u010dinn\u011b br\u00e1nit, aby ty s\u00edly a prost\u0159edky, kter\u00e9 m\u00e1 k dispozici a ty nejsou zase kdov\u00edjak\u00e9, aby s nima nebylo pl\u00fdtv\u00e1no a aby i ti lid\u00e9, kte\u0159\u00ed to d\u011blaj\u00ed jenom z legrace, si uv\u011bdomili, \u017ee n\u011bkde mohou chyb\u011bt, kde skute\u010dn\u011b jde o to, \u017ee to nen\u00ed plan\u00fd poplach, \u017ee to je skute\u010dn\u00e1 probl\u00e9mov\u00e1 z\u00e1le\u017eitost, aby tam ta policie mohla zas\u00e1hnout, proto\u017ee, jak jsem \u0159ekl, ty prost\u0159edky nejsou neomezen\u00e9 a obzvl\u00e1\u0161\u0165 o t\u011bch sv\u00e1te\u010dn\u00edch dnech, by\u0165 te\u010fka asi ta p\u0159\u00ed policie je v\u011bt\u0161\u00ed. P\u0159ece jenom oni maj\u00ed n\u00e1rok na to, aby byly doma se sv\u00fdmi rodinami a m\u011blo by slou\u017eit jenom nezbytn\u00fd po\u010det lid\u00ed, kte\u0159\u00ed jsou schopni zajistit chod ve\u0159ejn\u00e9 slu\u017eby nebo kterou policie zaji\u0161\u0165uje.<br \/><br \/>mluv\u010d\u00ed 1,<br \/>&#8212;&#8212;&#8212;&#8212;&#8212;&#8212;&#8211;<br \/>Vy u\u017e jste to m\u00edrn\u011b nazna\u010dil, ale d\u00e1 se vyj\u00e1d\u0159it, kolik nap\u0159\u00edklad procent autor\u016f t\u011bchto p\u0159\u00edsp\u011bvk\u016f je pak skute\u010dn\u011b schopno n\u011bco takov\u00e9ho sp\u00e1chat.<br \/><br \/>mluv\u010d\u00ed 4,<br \/>&#8212;&#8212;&#8212;&#8212;&#8212;&#8212;&#8211;<br \/>J\u00e1 takovouto statistiku nem\u00e1m, nev\u00edm, jestli policie takovouto statistiku vede, ov\u0161em tak ten fakt, \u017ee se s t\u00edm n\u011bkdo je schopen ztoto\u017enit, p\u0159edstava, \u017ee n\u011bkdo m\u016f\u017ee schvalovat to, \u017ee bylo zabito 14 nevinn\u00fdch lid\u00ed ve \u0161kole a dal\u0161\u00ed dva lid\u00e9 v kl\u00e1novick\u00e9m lese, v\u010detn\u011b i potom otce pachatele. Mn\u011b p\u0159ijde n\u011bco obt\u00ed\u017en\u011b pochopiteln\u00e9ho a mysl\u00edm si, \u017ee i jako legrace je to n\u011bco, co do slu\u0161n\u00e9 spole\u010dnosti v \u017e\u00e1dn\u00e9m p\u0159\u00edpad\u011b nepat\u0159\u00ed.<br \/><br \/>mluv\u010d\u00ed 1,<br \/>&#8212;&#8212;&#8212;&#8212;&#8212;&#8212;&#8211;<br \/>M\u016f\u017ee nap\u0159\u00edklad monitoring soci\u00e1ln\u00edch s\u00edt\u00ed slou\u017eit i k prevenci takov\u00fdch \u010din\u016f, je t\u0159eba mo\u017en\u00e9 dal\u0161\u00ed vyu\u017eit\u00ed um\u011bl\u00e9 inteligence.<br \/><br \/>mluv\u010d\u00ed 4,<br \/>&#8212;&#8212;&#8212;&#8212;&#8212;&#8212;&#8211;<br \/>No, tak nepochybn\u011b je to jeden z n\u00e1stroj\u016f, kter\u00fd bychom m\u011bli podporovat, ona um\u011bl\u00e1 inteligence ale m\u016f\u017ee b\u00fdt i velmi nebezpe\u010dn\u00e1. Ale z pohledu monitoringu s\u00edt\u011b je to \u017e\u00e1douc\u00ed, proto\u017ee p\u0159edstava, \u017ee asi tak\u00e9 jste na soci\u00e1ln\u00edch s\u00edt\u00edch, by\u0165 v\u00e1m nesm\u00ed podsouvat a v\u00edte, co v\u0161echno se tam semele, kolik toho je, tak\u017ee to sledovat nen\u00ed tak\u00e9 jednoduch\u00e1 v\u011bc, by\u0165 bych necht\u011bl tady konkretizovat zp\u016fsoby, jak\u00fdmi to policie \u010di tajn\u00e9 slu\u017eby d\u011blaj\u00ed, ale je to dob\u0159e, \u017ee se tam takov\u00e9to v\u011bci sleduj\u00ed a \u017ee takov\u00e9to v\u011bci jsou v hled\u00e1\u010dku policie. Jin\u00e1 v\u011bc je sledovat demokratickou diskuzi, kter\u00e1 n\u011bkdy b\u00fdv\u00e1 tak\u00e9 po m\u00e9m soudu, bohu\u017eel omezov\u00e1na naprosto odm\u00edte\u010dn\u011b.<br \/><br \/>mluv\u010d\u00ed 1,<br \/>&#8212;&#8212;&#8212;&#8212;&#8212;&#8212;&#8211;<br \/>Po tom \u010dtvrte\u010dn\u00edm \u00fatoku p\u0159i\u0161lo na p\u0159et\u0159es tak\u00e9 t\u00e9ma bezpe\u010dnosti na \u0161kol\u00e1ch. Co podle v\u00e1s m\u016f\u017ee opravdu fungovat? Co byste doporu\u010dil vy?<br \/><br \/>mluv\u010d\u00ed 4,<br \/>&#8212;&#8212;&#8212;&#8212;&#8212;&#8212;&#8211;<br \/>J\u00e1 bych doporu\u010dil p\u0159edev\u0161\u00edm prevenci, prevenci v tom, \u017ee ti \u0159editel\u00e9, rekto\u0159i, d\u011bkanov\u00e9 a podobn\u011b v\u011bd\u00ed, jak se zachovat v p\u0159\u00edpad\u011b takov\u00e9ho \u0161\u00edlen\u00e9ho\u00a0<strong>st\u0159elce<\/strong>, \u017ee je nastaven syst\u00e9m okam\u017eit\u00e9ho v\u010dasn\u00e9ho varov\u00e1n\u00ed student\u016fm, \u017ee je zasl\u00e1na esemeska. Kdyby ji m\u011bli dostat jenom 30 %, tak je to dostate\u010dn\u00e9, to za prv\u00e9, za druh\u00e9, aby byl p\u0159ipraven syst\u00e9m, kdy se bu\u010f mohou a ti, kte\u0159\u00ed jsou v ohro\u017een\u00ed, jaksi spakovat a ut\u00e9ct z toho prostoru, pokud to skute\u010dn\u011b je mo\u017en\u00e9, pokud ne, tak aby se schovali, aby se schovali ve t\u0159\u00edd\u00e1ch, aby k t\u011bm a t\u0159\u00edd\u00e1m, t\u011bm dve\u0159\u00edm a byly funk\u010dn\u00ed kl\u00ed\u010de, bohu\u017eel, v\u011bt\u0161inou to tak bohu\u017eel nen\u00ed a pak nejenom zji\u0161\u0165uj\u00ed, \u017ee nejsou schopni tu t\u0159\u00eddu zamknout, pak tu t\u0159\u00eddu samoz\u0159ejm\u011b nebo ty dve\u0159e zabarik\u00e1dovat, lehnout si \u00fapln\u011b na druhou stranu nohama ke zdi a tam prost\u011b p\u0159e\u010dkat, nevykukovat, nesna\u017eit se nic, nat\u00e1\u010det, nesna\u017eit se, dokonce si po\u0159izovat self\u00ed\u010dka a podobn\u011b. To je jedna \u010d\u00e1st, druh\u00e1 \u010d\u00e1st se samoz\u0159ejm\u011b ot\u00e1zka v\u00fdhr\u016f\u017eky, \u017ee je bomba, pokud, kdy\u017e to neplat\u00ed stoprocentn\u011b, pokud ta v\u00fdhr\u016f\u017eka je velmi v\u00e1gn\u00ed, tak v\u011bt\u0161inou se jedn\u00e1 o plan\u00fd poplach, ale pokud ta v\u00fdhr\u016f\u017eka je takov\u00e1, \u017ee te\u010f si vymysl\u00edm, v biologick\u00e9m kabinetu je bomba, tak ten doty\u010dn\u00fd to skute\u010dn\u011b takto mysl\u00ed v\u00e1\u017en\u011b a tam je pot\u0159eba tak\u00e9 jin\u00e1 reakce. Bylo by dobr\u00e9, aby tak\u00e9 se v\u011bd\u011blo, kam evakuovat ty lidi? Kdy\u017e si vzpomenete na ten \u010dtvrtek, tak bohu\u017eel ta evakuace n\u011bkter\u00fdch student\u016f do prostoru p\u0159ed Rudolfinem mi nep\u0159i\u0161la \u00fapln\u011b spr\u00e1vn\u00e1. V situaci, kdy ten pachatel je na st\u0159e\u0161e. Mysl\u00edm si, \u017ee je t\u0159eba i uva\u017eovat v kontextu tak, \u017ee evakuujeme studenty nebo i pracovn\u00edky \u00fa\u0159adu do prostoru, kde se skute\u010dn\u011b nem\u016f\u017ee nic st\u00e1t, to znamen\u00e1, \u017ee m\u00e1me ten prostor i dob\u0159e zrekognoskovan\u00fd, m\u00e1me ty trasy dop\u0159edu vybran\u00e9. A tak\u00e9 nen\u00ed nic od v\u011bci, aby se ty v\u011bci nacvi\u010dili, proto\u017ee potom, kdy\u017e dojde k t\u00e9 akci, kter\u00e1 netrv\u00e1 nikdy p\u0159\u00edli\u0161 dlouho, tak je dobr\u00e9, aby lid\u00e9 v\u011bd\u011bli v z\u00e1sad\u011b, \u017ee se n\u011bco d\u011bje, aby um\u011bli reagovat adekv\u00e1tn\u011b, abychom teda evakuovali studenty do prostoru, kde po nich\u00a0<strong>st\u0159elec<\/strong>\u00a0m\u016f\u017ee st\u0159\u00edlet zvenku nebo st\u0159echy, tak, jak jsme vid\u011bli, bohu\u017eel ten v tom \u010dtvrte\u010dn\u00edm \u00fatoku toho pachatele.<br \/><br \/>mluv\u010d\u00ed 1,<br \/>&#8212;&#8212;&#8212;&#8212;&#8212;&#8212;&#8211;<br \/>Je\u0161t\u011b se zept\u00e1m. Podobn\u00e9 \u00fatoky se v zahrani\u010d\u00ed odehr\u00e1vaj\u00ed u\u017e del\u0161\u00ed dobu. M\u016f\u017eeme se z nich vz\u00edt n\u011bjak\u00e9 pou\u010den\u00ed, jak \u0161koly zabezpe\u010dit.<br \/><br \/>mluv\u010d\u00ed 4,<br \/>&#8212;&#8212;&#8212;&#8212;&#8212;&#8212;&#8211;<br \/>Tak ty americk\u00e9 kampusy jsou n\u011bkdy l\u00e9pe, a to je tro\u0161ku s nads\u00e1zkou st\u0159e\u017eeny ne\u017e vojensk\u00e9 \u00fatvary. M\u016f\u017eeme tak\u00e9 vid\u011bt, \u017ee prost\u011b i ta policie n\u011bjak\u00fdm zp\u016fsobem funguje po m\u00e9m soudu. Pokud jde o ten p\u0159\u00edklad z t\u011bch Spojen\u00fdch st\u00e1t\u016f, tak v\u011bt\u0161inou \u00fato\u010dn\u00edky v t\u011bch \u0161kol\u00e1ch jsou b\u00fdval\u00ed nebo sou\u010dasn\u00ed studenti, to znamen\u00e1, \u017ee \u00fapln\u011b na m\u00edst\u011b, aby, pokud to jde, aby si studenti, ale i u\u010ditel\u00e9 v\u0161\u00edmali r\u016fzn\u00fdch projev\u016f, kter\u00e9 nejsou \u00fapln\u011b norm\u00e1ln\u00ed, aby se o ty lidi v\u00edce zaj\u00edmali, aby i v p\u0159\u00edpad\u011b, \u017ee se n\u00e1m n\u011bco nezd\u00e1, tak abychom sp\u00ed\u0161 upozornili policii. To nen\u00ed \u017e\u00e1dn\u00e9 pr\u00e1sk\u00e1n\u00ed, ud\u00e1v\u00e1n\u00ed, to je prost\u011b jenom n\u011bco, \u010d\u00edm se m\u016f\u017eeme chr\u00e1nit. \u0158ekn\u011bme si na rovinu, \u017ee ten pachatel m\u00e1 v\u017edycky navrch t\u00edm, \u017ee on v\u00ed, co chce ud\u011blat, \u017ee si to m\u016f\u017ee napl\u00e1novat, na jeho stran\u011b je ta v\u00fdhoda, my m\u00e1me jenom tu mo\u017enost se n\u011bjak bu\u010f u\u017e potom br\u00e1nit, anebo preventivn\u011b sledovat n\u011bkter\u00e9 projevy, kter\u00e9 mohou nazna\u010dovat to, \u017ee d\u0159\u00edve nebo pozd\u011bji k n\u011b\u010demu m\u016f\u017ee doj\u00edt. V \u0159ad\u011b p\u0159\u00edpad\u016f se potom uk\u00e1\u017ee, \u017ee ten doty\u010dn\u00ed, jeho projevy nebyly \u00fapln\u011b v po\u0159\u00e1dku a \u017ee kdybychom, nebo kdyby tomu ti posti\u017een\u00ed v\u011bnovali v\u011bt\u0161\u00ed pozornost, tak se tomu mohlo p\u0159edej\u00edt, ale je pot\u0159eba \u0159\u00edct, \u017ee nelze vytvo\u0159it \u017e\u00e1dn\u00fd syst\u00e9m, kter\u00fd v\u00e1m d\u00e1 stoprocentn\u00ed z\u00e1ruku, \u017ee budeme u\u017e jednou prov\u017edy p\u0159ed takov\u00fdmi projevy chr\u00e1n\u011bni. Bohu\u017eel v takov\u00e9 spole\u010dnosti v takov\u00e9 dob\u011b \u017eijeme.<br \/><br \/>mluv\u010d\u00ed 1,<br \/>&#8212;&#8212;&#8212;&#8212;&#8212;&#8212;&#8211;<br \/>\u0158\u00edk\u00e1 bezpe\u010dnostn\u00ed analytik Andor \u0160\u00e1ndor, kter\u00fd byl hostem na\u0161eho vys\u00edl\u00e1n\u00ed, mockr\u00e1t d\u011bkujeme za to.<br \/><br \/>mluv\u010d\u00ed 1,<br \/>&#8212;&#8212;&#8212;&#8212;&#8212;&#8212;&#8211;<br \/>P\u011bt dn\u00ed po tragick\u00e9m \u00fatoku se u Filozofick\u00e9 fakulty v Praze st\u00e1le zastavuj\u00ed lid\u00e9 a zapaluj\u00ed sv\u00ed\u010dky na po\u010dest ob\u011bt\u00ed. Dal\u0161\u00ed pietn\u00ed prostor se nach\u00e1z\u00ed u Karol\u00edna, kde nat\u00e1\u010del n\u00e1\u0161 report\u00e9r Karel Rychl\u00fd.<\/p>\n\n\n\n<p>mluv\u010d\u00ed 5,<br \/>&#8212;&#8212;&#8212;&#8212;&#8212;&#8212;&#8211;<br \/>Lid\u00e9 st\u00e1le p\u0159ich\u00e1zej\u00ed, aby uctili pam\u00e1tku ob\u011bt\u00ed a tak\u00e9 t\u011bch zran\u011bn\u00fdch. Kdy\u017e se pod\u00edv\u00e1te za m\u011b, tak uvid\u00edte to obrovsk\u00e9 pole sv\u00edc\u00ed, kter\u00e9 tady zap\u00e1lili. J\u00e1 osobn\u011b si mysl\u00edm, \u017ee je v tuto chv\u00edli u\u017e je rozhodn\u011b v\u011bt\u0161\u00ed, ne\u017e b\u00fdv\u00e1 pole sv\u00ed\u010dek, kter\u00e9 se zapaluj\u00ed tradi\u010dn\u011b na N\u00e1rodn\u00ed t\u0159\u00edd\u011b. P\u0159i p\u0159\u00edle\u017eitosti 17. listopadu. A je to tak. Ur\u010dit\u011b dob\u0159e. Krom\u011b toho se tady objevuje i spousta kv\u011btin, \u010das od \u010dasu n\u011bjak\u00e1 ta fotografie a tak\u00e9 r\u016fzn\u00e9 vzkazy. Mus\u00edm se p\u0159iznat, jeden m\u011b pom\u011brn\u011b zaujal, ten je nalepen\u00fd tady na tomto okn\u011b a tady stoj\u00ed. Pros\u00edm, odpus\u0165te n\u00e1m, \u017ee jsme v\u00e1s nedok\u00e1zali ochr\u00e1nit. Budete nav\u017edy v na\u0161ich srdc\u00edch s l\u00e1skou? Va\u0161e kolegyn\u011b z Filozofick\u00e9 fakulty PS. Netu\u0161\u00edm, jak se v lednu vr\u00e1t\u00edm na fakultu, mysl\u00edm si, \u017ee tenhle vzkaz mluv\u00ed za spoustu lid\u00ed, kte\u0159\u00ed pr\u00e1v\u011b maj\u00ed co do\u010din\u011bn\u00ed s filozofickou fakultou, ale krom\u011b toho, \u017ee lid\u00e9 nos\u00ed kv\u011btiny a sv\u00ed\u010dky, kter\u00e9 zapaluj\u00ed nejenom tady, ale pod\u00e9l t\u00e9to budovy a\u017e takhle tou ulic\u00ed sm\u011brem dozadu, tak v\u011bnuj\u00ed i spoustu pen\u011bz. J\u00e1 jsem se d\u00edval na n\u011bkolik sb\u00edrek, kter\u00e9 byly vyhl\u00e1\u0161eny na podporu ob\u011bt\u00ed a poz\u016fstal\u00fdch po ob\u011btech t\u00e9 st\u0159elby z minul\u00e9ho t\u00fddne a tak\u00e9 zpo\u010d\u00e1tku m\u011bs\u00edce, proto\u017ee stejn\u00fd\u00a0<strong>st\u0159elec<\/strong>, kter\u00fd zavra\u017edil 14 lid\u00ed minul\u00fd t\u00fdden ve \u010dtvrtek, tak m\u011bl podle policie na sv\u011bdom\u00ed i ty dva lidi v kl\u00e1novick\u00e9m lese, dvaat\u0159icetilet\u00e9ho mu\u017ee a, a jeho dvoum\u011bs\u00ed\u010dn\u00ed dceru. A na jejich konto, na konto t\u011bch poz\u016fstal\u00fdch po mrtv\u00fdch v Kl\u00e1novic\u00edch u\u017e p\u0159i\u0161lo v\u00edce ne\u017e 8 milion\u016f K\u010d a bezm\u00e1la 40 000 000 a korun u\u017e p\u0159i\u0161lo na r\u016fzn\u00e1 konta na podporu zran\u011bn\u00fdch a poz\u016fstal\u00fdch. Po t\u011bch ob\u011btech z t\u00e9 st\u0159elby na Filozofick\u00e9 fakult\u011b Univerzity Karlovy a ta sb\u00edrka potrv\u00e1 je\u0161t\u011b zhruba m\u011bs\u00edc, tak\u017ee n\u011bjak\u00e9 ty pen\u00edze tam ur\u010dit\u011b, a to je dobr\u00e1 zpr\u00e1va, je\u0161t\u011b p\u0159ibudou.<br \/><br \/><\/p>\n","protected":false},"excerpt":{"rendered":"<div class=\"mh-excerpt\"><p>Policie \u0159e\u0161\u00ed v sou\u010dasn\u00e9 dob\u011b v\u00edce ne\u017e p\u011bt des\u00edtek nejr\u016fzn\u011bj\u0161\u00edch poznatk\u016f v souvislosti se \u010dtvrte\u010dn\u00edm \u00fatokem na Filozofick\u00e9 fakult\u011b Univerzity Karlovy v Praze. CNN Prima <a class=\"mh-excerpt-more\" href=\"https:\/\/www.invarena.cz\/?p=44594\" title=\"Vyhro\u017eov\u00e1n\u00ed a popla\u0161n\u00e9 zpr\u00e1vy po \u00fatoku na Filozofick\u00e9 fakult\u011b pokra\u010duj\u00ed\">[&#8230;]<\/a><\/p>\n<\/div>","protected":false},"author":1,"featured_media":17230,"comment_status":"open","ping_status":"closed","sticky":false,"template":"","format":"standard","meta":{"footnotes":""},"categories":[7],"tags":[],"class_list":["post-44594","post","type-post","status-publish","format-standard","has-post-thumbnail","hentry","category-spolecnost"],"_links":{"self":[{"href":"https:\/\/www.invarena.cz\/index.php?rest_route=\/wp\/v2\/posts\/44594","targetHints":{"allow":["GET"]}}],"collection":[{"href":"https:\/\/www.invarena.cz\/index.php?rest_route=\/wp\/v2\/posts"}],"about":[{"href":"https:\/\/www.invarena.cz\/index.php?rest_route=\/wp\/v2\/types\/post"}],"author":[{"embeddable":true,"href":"https:\/\/www.invarena.cz\/index.php?rest_route=\/wp\/v2\/users\/1"}],"replies":[{"embeddable":true,"href":"https:\/\/www.invarena.cz\/index.php?rest_route=%2Fwp%2Fv2%2Fcomments&post=44594"}],"version-history":[{"count":0,"href":"https:\/\/www.invarena.cz\/index.php?rest_route=\/wp\/v2\/posts\/44594\/revisions"}],"wp:featuredmedia":[{"embeddable":true,"href":"https:\/\/www.invarena.cz\/index.php?rest_route=\/wp\/v2\/media\/17230"}],"wp:attachment":[{"href":"https:\/\/www.invarena.cz\/index.php?rest_route=%2Fwp%2Fv2%2Fmedia&parent=44594"}],"wp:term":[{"taxonomy":"category","embeddable":true,"href":"https:\/\/www.invarena.cz\/index.php?rest_route=%2Fwp%2Fv2%2Fcategories&post=44594"},{"taxonomy":"post_tag","embeddable":true,"href":"https:\/\/www.invarena.cz\/index.php?rest_route=%2Fwp%2Fv2%2Ftags&post=44594"}],"curies":[{"name":"wp","href":"https:\/\/api.w.org\/{rel}","templated":true}]}}