{"id":44602,"date":"2023-12-28T11:14:09","date_gmt":"2023-12-28T10:14:09","guid":{"rendered":"https:\/\/www.invarena.cz\/?p=44602"},"modified":"2023-12-28T11:14:13","modified_gmt":"2023-12-28T10:14:13","slug":"fotbaliste-pomahali-detem","status":"publish","type":"post","link":"https:\/\/www.invarena.cz\/?p=44602","title":{"rendered":"Fotbalist\u00e9 pom\u00e1hali d\u011btem\u00a0\u00a0"},"content":{"rendered":"\n<p>Jen p\u00e1r hodin po slavnostn\u00ed v\u00e1no\u010dn\u00ed ve\u010de\u0159i nev\u00e1hali a obuli kopa\u010dky. V\u011bd\u011bli toti\u017e, \u017ee jde o dobrou v\u011bc. Fotbalov\u00e9 hv\u011bzdy se utkaly v benefi\u010dn\u00edm z\u00e1pase v Otrokovic\u00edch na Zl\u00ednsku.<br \/><br \/>Prima\u00a0&#8211; Hlavn\u00ed zpr\u00e1vy<br \/>&#8212;&#8212;&#8212;&#8212;&#8212;&#8212;&#8211;<br \/>Aktu\u00e1ln\u011b nejlep\u0161\u00ed st\u0159elec Fortuna ligy Marek Havl\u00edk, reprezentanti Luk\u00e1\u0161 a Michal Sad\u00edlkovi. To jsou jen n\u011bkte\u0159\u00ed z borc\u016f, kte\u0159\u00ed na Bo\u017e\u00ed hod v\u00e1no\u010dn\u00ed dorazili do Otrokovic.<br \/><br \/>Luk\u00e1\u0161 Sad\u00edlek, AC Sparta Praha<br \/>&#8212;&#8212;&#8212;&#8212;&#8212;&#8212;&#8211;<br \/>Je to pro dobrou v\u011bc a m\u016f\u017eeme se tady s klukama potkat a zahr\u00e1t si.<br \/><br \/>redaktor<br \/>&#8212;&#8212;&#8212;&#8212;&#8212;&#8212;&#8211;<br \/>Jedn\u00edm z organiz\u00e1tor\u016f otrokovick\u00e9 benefice je stoper Jakub Jugas, sv\u00e9ho \u010dasu hr\u00e1\u010d polsk\u00e9ho Krakova a sv\u00e9ho \u010dasu ve stavu zran\u011bn\u00fdch. Kubo, pro\u010d jsme tady?<br \/><br \/>Jakub Jugas, Cracovia Krakov, organiz\u00e1tor bevefice<br \/>&#8212;&#8212;&#8212;&#8212;&#8212;&#8212;&#8211;<br \/>Jsme tady hlavn\u011b, aby se pomohli nemocn\u00fdm d\u011btem. J\u00e1 se mus\u00edm pochv\u00e1lit. My jsme vytvo\u0159it nejsiln\u011bj\u0161\u00ed t\u00fdm v historii. Jsou tu v\u0161ichni moji kamar\u00e1di, se kter\u00fdma jsem hr\u00e1val. Tak\u017ee jsme nad\u0161eni, \u017ee p\u0159ijeli na\u0161e pozv\u00e1n\u00ed a z\u00fa\u010dastn\u00ed se benefice.<br \/><br \/>Jakub KOHOUTEK, zakladatel spolku Srdce na prav\u00e9m m\u00edst\u011b<br \/>&#8212;&#8212;&#8212;&#8212;&#8212;&#8212;&#8211;<br \/>Dneska jsme vybrali na benefi\u010dn\u00ed akci \u010dty\u0159i d\u011bti. Konkr\u00e9tn\u011b to pro Julinku, pro Jakuba Mikul\u00e1\u0161e, pro \u0160t\u011bp\u00e1nka a pro Eli\u0161ku. Jsou to v\u0161echno handicapovan\u00e9 d\u011bti.<br \/><br \/>Pavl\u00edna Dor\u0148\u00e1kov\u00e1, maminka Eli\u0161ky<br \/>&#8212;&#8212;&#8212;&#8212;&#8212;&#8212;&#8211;<br \/>Pro n\u00e1s jako pro rodi\u010de, kte\u0159\u00ed maj\u00ed\u00a0<strong>posti\u017een\u00e9<\/strong>\u00a0d\u00edt\u011b, je to v podstat\u011b takov\u00e1 jako jedin\u00e1 nad\u011bje, abysme mohli s d\u011btmi pokra\u010dovat d\u00e1l, a\u0165 u\u017e v rehabilitac\u00edch, nebo v n\u011bjak\u00fdch terapi\u00edch.<br \/><br \/>redaktor<br \/>&#8212;&#8212;&#8212;&#8212;&#8212;&#8212;&#8211;<br \/>Proti v\u00fdb\u011bru hv\u011bzd nastoupili m\u00edstn\u00ed borci z SK Ba\u0165ov Otrokovice. A na to, \u017ee se hr\u00e1lo jen p\u00e1r hodin po \u0161t\u011bdrodenn\u00ed ve\u010de\u0159i, v\u00fdkony na h\u0159i\u0161ti byly slu\u0161n\u00e9.<br \/><br \/>Michal Sad\u00edlek, FC Twente Enschede<br \/>&#8212;&#8212;&#8212;&#8212;&#8212;&#8212;&#8211;<br \/>Nohy jsou dneska t\u011b\u017ek\u00e9, tak\u017ee, tak\u017ee to je trochu obt\u00ed\u017en\u011bj\u0161\u00ed ale v dobr\u00e9 spole\u010dnosti. Tak\u017ee v\u00fdborn\u00e9.<br \/><br \/>Marek Havl\u00edk, 1. FC Slov\u00e1cko<br \/>&#8212;&#8212;&#8212;&#8212;&#8212;&#8212;&#8211;<br \/>Na ve\u010de\u0159i asi klasicky sal\u00e1t a ryba. Je to hodn\u011b t\u011b\u017ek\u00fd, proto\u017ee jsem se hodn\u011b nejed v\u010dera, ale jde to.<br \/><br \/>div\u00e1k<br \/>&#8212;&#8212;&#8212;&#8212;&#8212;&#8212;&#8211;<br \/>Ur\u010dit\u011b se takov\u00fd v\u011bci mus\u00ed podporovat za m\u011b.<br \/><br \/>div\u00e1k<br \/>&#8212;&#8212;&#8212;&#8212;&#8212;&#8212;&#8211;<br \/>T\u00edm p\u0159isp\u011bvkem se pom\u00e1h\u00e1 nemocn\u00fdm d\u011btem a je to super a proto jsem tady.<br \/><br \/>Robert He\u010d, redaktor<br \/>&#8212;&#8212;&#8212;&#8212;&#8212;&#8212;&#8211;<br \/>A dobr\u00e1 v\u011bc se nakonec poda\u0159ila. B\u011bhem benefi\u010dn\u00edho z\u00e1pasu se vybralo 430 000 K\u010d. <\/p>\n\n\n\n<p>CNN Prima News.<\/p>\n\n\n\n<p><\/p>\n","protected":false},"excerpt":{"rendered":"<div class=\"mh-excerpt\"><p>Jen p\u00e1r hodin po slavnostn\u00ed v\u00e1no\u010dn\u00ed ve\u010de\u0159i nev\u00e1hali a obuli kopa\u010dky. V\u011bd\u011bli toti\u017e, \u017ee jde o dobrou v\u011bc. Fotbalov\u00e9 hv\u011bzdy se utkaly v benefi\u010dn\u00edm z\u00e1pase <a class=\"mh-excerpt-more\" href=\"https:\/\/www.invarena.cz\/?p=44602\" title=\"Fotbalist\u00e9 pom\u00e1hali d\u011btem\u00a0\u00a0\">[&#8230;]<\/a><\/p>\n<\/div>","protected":false},"author":1,"featured_media":21907,"comment_status":"open","ping_status":"closed","sticky":false,"template":"","format":"standard","meta":{"footnotes":""},"categories":[7],"tags":[],"class_list":["post-44602","post","type-post","status-publish","format-standard","has-post-thumbnail","hentry","category-spolecnost"],"_links":{"self":[{"href":"https:\/\/www.invarena.cz\/index.php?rest_route=\/wp\/v2\/posts\/44602","targetHints":{"allow":["GET"]}}],"collection":[{"href":"https:\/\/www.invarena.cz\/index.php?rest_route=\/wp\/v2\/posts"}],"about":[{"href":"https:\/\/www.invarena.cz\/index.php?rest_route=\/wp\/v2\/types\/post"}],"author":[{"embeddable":true,"href":"https:\/\/www.invarena.cz\/index.php?rest_route=\/wp\/v2\/users\/1"}],"replies":[{"embeddable":true,"href":"https:\/\/www.invarena.cz\/index.php?rest_route=%2Fwp%2Fv2%2Fcomments&post=44602"}],"version-history":[{"count":0,"href":"https:\/\/www.invarena.cz\/index.php?rest_route=\/wp\/v2\/posts\/44602\/revisions"}],"wp:featuredmedia":[{"embeddable":true,"href":"https:\/\/www.invarena.cz\/index.php?rest_route=\/wp\/v2\/media\/21907"}],"wp:attachment":[{"href":"https:\/\/www.invarena.cz\/index.php?rest_route=%2Fwp%2Fv2%2Fmedia&parent=44602"}],"wp:term":[{"taxonomy":"category","embeddable":true,"href":"https:\/\/www.invarena.cz\/index.php?rest_route=%2Fwp%2Fv2%2Fcategories&post=44602"},{"taxonomy":"post_tag","embeddable":true,"href":"https:\/\/www.invarena.cz\/index.php?rest_route=%2Fwp%2Fv2%2Ftags&post=44602"}],"curies":[{"name":"wp","href":"https:\/\/api.w.org\/{rel}","templated":true}]}}