{"id":44680,"date":"2023-12-28T18:40:51","date_gmt":"2023-12-28T17:40:51","guid":{"rendered":"https:\/\/www.invarena.cz\/?p=44680"},"modified":"2023-12-28T18:40:52","modified_gmt":"2023-12-28T17:40:52","slug":"na-prelomu-roku-poradaji-cesti-turiste-desitky-pochodu-nektere-i-v-praze","status":"publish","type":"post","link":"https:\/\/www.invarena.cz\/?p=44680","title":{"rendered":"Na p\u0159elomu roku po\u0159\u00e1daj\u00ed \u010de\u0161t\u00ed turist\u00e9 des\u00edtky pochod\u016f, n\u011bkter\u00e9 i v\u00a0Praze"},"content":{"rendered":"\n<p>Vydejte se 31. prosince nebo 1. ledna na jeden z v\u00edce ne\u017e sedmdes\u00e1ti novoro\u010dn\u00edch v\u00fdlet\u016f po\u0159\u00e1dan\u00fdch Klubem \u010desk\u00fdch turist\u016f (K\u010cT) po cel\u00e9 \u010cesk\u00e9 republice. S\u00e9rie tradi\u010dn\u00edch pochod\u016f s n\u00e1zvem Novoro\u010dn\u00ed \u010dty\u0159l\u00edstek podpo\u0159\u00ed i tentokr\u00e1t vyzna\u010den\u00ed nov\u00fdch voz\u00ed\u010dk\u00e1\u0159sk\u00fdch tras. N\u011bkter\u00e9 chodeck\u00e9 akce jsou i v hlavn\u00edm m\u011bst\u011b a okol\u00ed.<\/p>\n\n\n\n<p>Jednou z akc\u00ed posledn\u00ed den v roce je pochod s n\u00e1zvem Silvestrovskou Prahou za histori\u00ed. Dvac\u00e1t\u00fd ro\u010dn\u00edk startuje v 11:30 hodin na piazzett\u011b p\u0159ed N\u00e1rodn\u00edm divadlem. Trasy dlouh\u00e9 8 a 10 kilometr\u016f vedou centrem hlavn\u00edho m\u011bsta.<\/p>\n\n\n\n<p>V pond\u011bl\u00ed 1. ledna lze vyrazit na \u201ePra\u017esk\u00fd novoro\u010dn\u00ed vej\u0161lap \u2013 do Doln\u00edho Povltav\u00ed\u201c. Start je u podchodu OD Visla, jeden\u00e1ctikilometrov\u00e1 trasa kon\u010d\u00ed v \u0158e\u017ei, dvaadvacetikilometrov\u00e1 v Kralupech nad Vltavou.<\/p>\n\n\n\n<p>Obl\u00edben\u00fdmi c\u00edli novoro\u010dn\u00edch v\u00fdlet\u016f K\u010cT jsou rozhledny, kopce \u010di turistick\u00e9 chaty, kde pro \u00fa\u010dastn\u00edky bude p\u0159ipraven novoro\u010dn\u00ed program v podob\u011b ob\u010derstven\u00ed, op\u00e9k\u00e1n\u00ed \u0161pek\u00e1\u010dk\u016f nebo hudebn\u00edho vystoupen\u00ed.<\/p>\n\n\n\n<p>Za symbolick\u00e9 startovn\u00e9 ve v\u00fd\u0161i 30 korun z\u00edskaj\u00ed turisti nalepovac\u00ed odznak, kapesn\u00ed kalend\u00e1\u0159 a pam\u011btn\u00ed raz\u00edtko. Vybran\u00e9 prost\u0159edky poslou\u017e\u00ed k zna\u010den\u00ed nov\u00fdch voz\u00ed\u010dk\u00e1\u0159sk\u00fdch tras a k bezbari\u00e9rov\u00fdm \u00faprav\u00e1m turistick\u00fdch chat. V sou\u010dasnosti je v \u010cesku vyzna\u010deno 19 voz\u00ed\u010dk\u00e1\u0159sk\u00fdch tras a na rok 2024 se p\u0159ipravuj\u00ed dal\u0161\u00ed dv\u011b trasy.<\/p>\n\n\n\n<p>\u201eNov\u011b budou moci do p\u0159\u00edrody vyrazit pohodln\u011bji a bezpe\u010dn\u011bji voz\u00ed\u010dk\u00e1\u0159i na Doma\u017elicku, konkr\u00e9tn\u011b do p\u0159\u00edrodn\u00edho parku Zelenov, nebo ve St\u0159edo\u010desk\u00e9m kraji do Pod\u011bbrad, kde pro n\u011b vyzna\u010d\u00edme trasu nejen t\u00edmto l\u00e1ze\u0148sk\u00fdm m\u011bstem, ale i kolem \u0159eky Labe,\u201c \u0159ekl Zden\u011bk Cabalka, p\u0159edseda Programov\u00e9 rady K\u010cT.&nbsp;&nbsp;&nbsp;<\/p>\n\n\n\n<p>Celkem se po\u0159\u00e1d\u00e1 31. prosince a 1. ledna 75 pochod\u016f po cel\u00e9m \u010cesku. Odkaz na propozice naleznete ZDE: <a href=\"https:\/\/kct.cz\/akce\/vse\/novorocni-ctyrlistek\/0\" target=\"_blank\" rel=\"noreferrer noopener\">https:\/\/kct.cz\/akce\/vse\/novorocni-ctyrlistek\/0<\/a><\/p>\n\n\n\n<p>Pra\u017esk\u00fd Patriot<\/p>\n\n\n\n<p><a href=\"https:\/\/www.prazskypatriot.cz\/\" target=\"_blank\" rel=\"noreferrer noopener\">https:\/\/www.prazskypatriot.cz\/<\/a><\/p>\n","protected":false},"excerpt":{"rendered":"<div class=\"mh-excerpt\"><p>Vydejte se 31. prosince nebo 1. ledna na jeden z v\u00edce ne\u017e sedmdes\u00e1ti novoro\u010dn\u00edch v\u00fdlet\u016f po\u0159\u00e1dan\u00fdch Klubem \u010desk\u00fdch turist\u016f (K\u010cT) po cel\u00e9 \u010cesk\u00e9 republice. S\u00e9rie <a class=\"mh-excerpt-more\" href=\"https:\/\/www.invarena.cz\/?p=44680\" title=\"Na p\u0159elomu roku po\u0159\u00e1daj\u00ed \u010de\u0161t\u00ed turist\u00e9 des\u00edtky pochod\u016f, n\u011bkter\u00e9 i v\u00a0Praze\">[&#8230;]<\/a><\/p>\n<\/div>","protected":false},"author":1,"featured_media":17225,"comment_status":"open","ping_status":"closed","sticky":false,"template":"","format":"standard","meta":{"footnotes":""},"categories":[9],"tags":[],"class_list":["post-44680","post","type-post","status-publish","format-standard","has-post-thumbnail","hentry","category-zpravy"],"_links":{"self":[{"href":"https:\/\/www.invarena.cz\/index.php?rest_route=\/wp\/v2\/posts\/44680","targetHints":{"allow":["GET"]}}],"collection":[{"href":"https:\/\/www.invarena.cz\/index.php?rest_route=\/wp\/v2\/posts"}],"about":[{"href":"https:\/\/www.invarena.cz\/index.php?rest_route=\/wp\/v2\/types\/post"}],"author":[{"embeddable":true,"href":"https:\/\/www.invarena.cz\/index.php?rest_route=\/wp\/v2\/users\/1"}],"replies":[{"embeddable":true,"href":"https:\/\/www.invarena.cz\/index.php?rest_route=%2Fwp%2Fv2%2Fcomments&post=44680"}],"version-history":[{"count":0,"href":"https:\/\/www.invarena.cz\/index.php?rest_route=\/wp\/v2\/posts\/44680\/revisions"}],"wp:featuredmedia":[{"embeddable":true,"href":"https:\/\/www.invarena.cz\/index.php?rest_route=\/wp\/v2\/media\/17225"}],"wp:attachment":[{"href":"https:\/\/www.invarena.cz\/index.php?rest_route=%2Fwp%2Fv2%2Fmedia&parent=44680"}],"wp:term":[{"taxonomy":"category","embeddable":true,"href":"https:\/\/www.invarena.cz\/index.php?rest_route=%2Fwp%2Fv2%2Fcategories&post=44680"},{"taxonomy":"post_tag","embeddable":true,"href":"https:\/\/www.invarena.cz\/index.php?rest_route=%2Fwp%2Fv2%2Ftags&post=44680"}],"curies":[{"name":"wp","href":"https:\/\/api.w.org\/{rel}","templated":true}]}}